{"id":89436,"date":"2025-03-28T16:32:00","date_gmt":"2025-03-28T22:32:00","guid":{"rendered":"https:\/\/www.interaccionnoticias.com.mx\/?p=89436"},"modified":"2025-03-28T22:14:41","modified_gmt":"2025-03-29T04:14:41","slug":"dif-chilapa-denuncia-discriminacion-contra-una-bebe-con-diagnostico-de-vih-el-dif-guerrero-aclara-que-ya-se-atiende-el-caso","status":"publish","type":"post","link":"https:\/\/www.interaccionnoticias.com.mx\/?p=89436","title":{"rendered":"DIF-Chilapa denuncia discriminaci\u00f3n contra una beb\u00e9 con diagn\u00f3stico de VIH, el DIF-Guerrero aclara que ya se atiende el caso"},"content":{"rendered":"\n<p><em><strong>&#8212; El municipio de Chilapa denunci\u00f3 que la Procuradur\u00eda de Protecci\u00f3n de Ni\u00f1as, Ni\u00f1os y Adolescentes y el DIF-Guerrero se negaron a recibir a una reci\u00e9n nacida<br>&#8212; El organismo estatal respondi\u00f3 que el caso se atiende y que la beb\u00e9 no fue regresada a Chilapa<\/strong><\/em><\/p>\n\n\n\n<p><strong>Yasm\u00edn Garc\u00eda<\/strong><\/p>\n\n\n\n<p>El DIF Municipal de Chilapa denunci\u00f3 omisi\u00f3n, negligencia y actos de discriminaci\u00f3n cometidos por la Procuradur\u00eda de Protecci\u00f3n de Ni\u00f1as, Ni\u00f1os y Adolescentes y DIF-Guerrero por negarse a recibir a una reci\u00e9n nacida con diagn\u00f3stico positivo del Virus de Inmunodeficiencia Humana (VIH), lo que fue desmentido por el organismo estatal.<\/p>\n\n\n\n<p>En un comunicado de prensa, el DIF Municipal de Chilapa narr\u00f3 que el hospital IMSS bienestar Chilapa notific\u00f3 a dicha dependencia que una ni\u00f1a reci\u00e9n nacida se qued\u00f3 en estado de indefensi\u00f3n, sin protecci\u00f3n ni acompa\u00f1amiento materno despu\u00e9s de que su madre, una mujer ind\u00edgena de la comunidad de Alcozacan manifestar\u00e1 que no pod\u00eda hacerse cargo de la beb\u00e9.<\/p>\n\n\n\n<p>El DIF indic\u00f3 que la madre fue diagnosticada con el Virus de Inmunodeficiencia Humana (VIH) durante el embarazo.<\/p>\n\n\n\n<p>\u00abAnte la falta de insumos y medicamentos necesarios para su atenci\u00f3n, fue el DIF Municipal quien proporcion\u00f3 lo indispensable para realizar la ces\u00e1rea de forma segura. Despu\u00e9s del parto, la madre manifest\u00f3 abiertamente que no deseaba hacerse responsable de la ni\u00f1a. Se presume que el embarazo pudo haber sido producto de violencia intrafamiliar\u00bb, dice el comunicado.<\/p>\n\n\n\n<p>Ante tal situaci\u00f3n el municipio solicit\u00f3 la asesor\u00eda y el acompa\u00f1amiento de la<\/p>\n\n\n\n<p>Procuradur\u00eda de Protecci\u00f3n de Ni\u00f1as, Ni\u00f1os y Adolescentes que encabeza Mart\u00edn Yactibany Ram\u00edrez quien se neg\u00f3 a recibir a la menor despu\u00e9s de que se confirm\u00f3 el diagn\u00f3stico positivo de VIH.<\/p>\n\n\n\n<p>En un primer momento Yactibany Ram\u00edrez gir\u00f3 instrucciones para recibir a la menor en la casa hogar e incluso ofreci\u00f3 un recorrido por las instalaciones a la segunda sindica de Chilapa Cristina Velazco Salazar y al personal del \u00e1rea de la Procuradur\u00eda del menor de Chilapa, quienes trasladaron a la menor.<\/p>\n\n\n\n<p>\u00abDurante este proceso, que se desarrollaba de manera correcta y coordinada, se confirm\u00f3 el diagn\u00f3stico positivo al VIH en la menor. A partir de ese momento, la actitud de la Procuradur\u00eda Estatal cambi\u00f3 dr\u00e1sticamente. Lo que hasta entonces era acompa\u00f1amiento institucional, se convirti\u00f3 en evasivas, se\u00f1alamientos y rechazo. La beb\u00e9 fue excluida de espacios de resguardo, evidenciando un trato discriminatorio, carente de empat\u00eda y sensibilidad\u00bb.<\/p>\n\n\n\n<p>La sindica Cristina Velazco mencion\u00f3 que tambi\u00e9n solicit\u00f3 el apoyo del director del Sistema para el Desarrollo Integral de la Familia del Estado de Guerrero (DIF Estatal), Antelmo Magdaleno Solis qui\u00e9n tambi\u00e9n mostr\u00f3 una negativa.<\/p>\n\n\n\n<p>La sindica explic\u00f3 que el DIF Municipal no tiene casas de asistencia, adem\u00e1s de que el municpio padece de servicios para atender a la menor, por lo que presentar\u00e1n una queja ante la Comisi\u00f3n Estatal de los Derechos Humanos (CEDH) ya que las autoridades estatales violentaron los derechos de la menor.<\/p>\n\n\n\n<p>El caso se atiende<\/p>\n\n\n\n<p>Alrededor de las 14 horas del mismo viernes, el DIF Estatal emiti\u00f3 un comunicado en el que se\u00f1ala que la beb\u00e9 ya se encuentra bajo la protecci\u00f3n de la Procuradur\u00eda de Protecci\u00f3n de Ni\u00f1as, Ni\u00f1os y Adolescentes del Estado.<\/p>\n\n\n\n<p>El organismo estatal sostuvo que la peque\u00f1a est\u00e1 \u00abrecibiendo acogimiento residencial, atenci\u00f3n m\u00e9dica, alimentaci\u00f3n y los cuidados necesarios conforme a su edad y necesidades. Asimismo, se mantiene una estrecha coordinaci\u00f3n con las autoridades municipales para la determinaci\u00f3n de su plan de restituci\u00f3n de derechos, garantizando en todo momento su bienestar y desarrollo integral\u00bb.<\/p>\n\n\n\n<p>La administraci\u00f3n estatal manifest\u00f3 el compromiso de trabajar en apego a la normatividad vigente, en colaboraci\u00f3n con las instancias competentes para salvaguardar los derechos de ni\u00f1as, ni\u00f1os y adolescentes.<\/p>\n\n\n\n<div class=\"wp-block-jetpack-slideshow aligncenter\" data-effect=\"slide\"><div class=\"wp-block-jetpack-slideshow_container swiper-container\"><ul class=\"wp-block-jetpack-slideshow_swiper-wrapper swiper-wrapper\"><li class=\"wp-block-jetpack-slideshow_slide swiper-slide\"><figure><img decoding=\"async\" src=\"data:image\/gif;base64,R0lGODlhAQABAIAAAAAAAP\/\/\/ywAAAAAAQABAAACAUwAOw==\" fifu-lazy=\"1\" fifu-data-sizes=\"auto\" fifu-data-srcset=\"https:\/\/i0.wp.com\/www.interaccionnoticias.com.mx\/wp-content\/uploads\/2025\/03\/250328-DIF-Chilapa-2-791x1024.jpg?ssl=1&w=75&resize=75&ssl=1 75w, https:\/\/i0.wp.com\/www.interaccionnoticias.com.mx\/wp-content\/uploads\/2025\/03\/250328-DIF-Chilapa-2-791x1024.jpg?ssl=1&w=100&resize=100&ssl=1 100w, https:\/\/i0.wp.com\/www.interaccionnoticias.com.mx\/wp-content\/uploads\/2025\/03\/250328-DIF-Chilapa-2-791x1024.jpg?ssl=1&w=150&resize=150&ssl=1 150w, https:\/\/i0.wp.com\/www.interaccionnoticias.com.mx\/wp-content\/uploads\/2025\/03\/250328-DIF-Chilapa-2-791x1024.jpg?ssl=1&w=240&resize=240&ssl=1 240w, https:\/\/i0.wp.com\/www.interaccionnoticias.com.mx\/wp-content\/uploads\/2025\/03\/250328-DIF-Chilapa-2-791x1024.jpg?ssl=1&w=320&resize=320&ssl=1 320w, https:\/\/i0.wp.com\/www.interaccionnoticias.com.mx\/wp-content\/uploads\/2025\/03\/250328-DIF-Chilapa-2-791x1024.jpg?ssl=1&w=500&resize=500&ssl=1 500w, https:\/\/i0.wp.com\/www.interaccionnoticias.com.mx\/wp-content\/uploads\/2025\/03\/250328-DIF-Chilapa-2-791x1024.jpg?ssl=1&w=640&resize=640&ssl=1 640w, https:\/\/i0.wp.com\/www.interaccionnoticias.com.mx\/wp-content\/uploads\/2025\/03\/250328-DIF-Chilapa-2-791x1024.jpg?ssl=1&w=800&resize=800&ssl=1 800w, https:\/\/i0.wp.com\/www.interaccionnoticias.com.mx\/wp-content\/uploads\/2025\/03\/250328-DIF-Chilapa-2-791x1024.jpg?ssl=1&w=1024&resize=1024&ssl=1 1024w, https:\/\/i0.wp.com\/www.interaccionnoticias.com.mx\/wp-content\/uploads\/2025\/03\/250328-DIF-Chilapa-2-791x1024.jpg?ssl=1&w=1280&resize=1280&ssl=1 1280w, https:\/\/i0.wp.com\/www.interaccionnoticias.com.mx\/wp-content\/uploads\/2025\/03\/250328-DIF-Chilapa-2-791x1024.jpg?ssl=1&w=1600&resize=1600&ssl=1 1600w\" alt=\"\" class=\"wp-block-jetpack-slideshow_image wp-image-89439\" data-id=\"89439\" fifu-data-src=\"https:\/\/i0.wp.com\/www.interaccionnoticias.com.mx\/wp-content\/uploads\/2025\/03\/250328-DIF-Chilapa-2-791x1024.jpg?ssl=1\"\/><\/figure><\/li><li class=\"wp-block-jetpack-slideshow_slide swiper-slide\"><figure><img decoding=\"async\" src=\"data:image\/gif;base64,R0lGODlhAQABAIAAAAAAAP\/\/\/ywAAAAAAQABAAACAUwAOw==\" fifu-lazy=\"1\" fifu-data-sizes=\"auto\" fifu-data-srcset=\"https:\/\/i3.wp.com\/www.interaccionnoticias.com.mx\/wp-content\/uploads\/2025\/03\/250328-DIF-Guerrero-788x1024.jpg?ssl=1&w=75&resize=75&ssl=1 75w, https:\/\/i3.wp.com\/www.interaccionnoticias.com.mx\/wp-content\/uploads\/2025\/03\/250328-DIF-Guerrero-788x1024.jpg?ssl=1&w=100&resize=100&ssl=1 100w, https:\/\/i3.wp.com\/www.interaccionnoticias.com.mx\/wp-content\/uploads\/2025\/03\/250328-DIF-Guerrero-788x1024.jpg?ssl=1&w=150&resize=150&ssl=1 150w, https:\/\/i3.wp.com\/www.interaccionnoticias.com.mx\/wp-content\/uploads\/2025\/03\/250328-DIF-Guerrero-788x1024.jpg?ssl=1&w=240&resize=240&ssl=1 240w, https:\/\/i3.wp.com\/www.interaccionnoticias.com.mx\/wp-content\/uploads\/2025\/03\/250328-DIF-Guerrero-788x1024.jpg?ssl=1&w=320&resize=320&ssl=1 320w, https:\/\/i3.wp.com\/www.interaccionnoticias.com.mx\/wp-content\/uploads\/2025\/03\/250328-DIF-Guerrero-788x1024.jpg?ssl=1&w=500&resize=500&ssl=1 500w, https:\/\/i3.wp.com\/www.interaccionnoticias.com.mx\/wp-content\/uploads\/2025\/03\/250328-DIF-Guerrero-788x1024.jpg?ssl=1&w=640&resize=640&ssl=1 640w, https:\/\/i3.wp.com\/www.interaccionnoticias.com.mx\/wp-content\/uploads\/2025\/03\/250328-DIF-Guerrero-788x1024.jpg?ssl=1&w=800&resize=800&ssl=1 800w, https:\/\/i3.wp.com\/www.interaccionnoticias.com.mx\/wp-content\/uploads\/2025\/03\/250328-DIF-Guerrero-788x1024.jpg?ssl=1&w=1024&resize=1024&ssl=1 1024w, https:\/\/i3.wp.com\/www.interaccionnoticias.com.mx\/wp-content\/uploads\/2025\/03\/250328-DIF-Guerrero-788x1024.jpg?ssl=1&w=1280&resize=1280&ssl=1 1280w, https:\/\/i3.wp.com\/www.interaccionnoticias.com.mx\/wp-content\/uploads\/2025\/03\/250328-DIF-Guerrero-788x1024.jpg?ssl=1&w=1600&resize=1600&ssl=1 1600w\" alt=\"\" class=\"wp-block-jetpack-slideshow_image wp-image-89438\" data-id=\"89438\" fifu-data-src=\"https:\/\/i3.wp.com\/www.interaccionnoticias.com.mx\/wp-content\/uploads\/2025\/03\/250328-DIF-Guerrero-788x1024.jpg?ssl=1\"\/><\/figure><\/li><\/ul><a class=\"wp-block-jetpack-slideshow_button-prev swiper-button-prev swiper-button-white\" role=\"button\"><\/a><a class=\"wp-block-jetpack-slideshow_button-next swiper-button-next swiper-button-white\" role=\"button\"><\/a><a aria-label=\"Pause Slideshow\" class=\"wp-block-jetpack-slideshow_button-pause\" role=\"button\"><\/a><div class=\"wp-block-jetpack-slideshow_pagination swiper-pagination swiper-pagination-white\"><\/div><\/div><\/div>\n","protected":false},"excerpt":{"rendered":"<p>&#8212; El municipio de Chilapa denunci\u00f3 que la Procuradur\u00eda de Protecci\u00f3n de Ni\u00f1as, Ni\u00f1os y Adolescentes y el DIF-Guerrero se negaron a recibir a una reci\u00e9n nacida&#8212; El organismo estatal&hellip; <\/p>\n","protected":false},"author":32,"featured_media":89437,"comment_status":"open","ping_status":"open","sticky":false,"template":"","format":"standard","meta":{"fifu_image_url":"","fifu_image_alt":"","footnotes":""},"categories":[11],"tags":[],"class_list":["post-89436","post","type-post","status-publish","format-standard","has-post-thumbnail","hentry","category-guerrero"],"_links":{"self":[{"href":"https:\/\/www.interaccionnoticias.com.mx\/index.php?rest_route=\/wp\/v2\/posts\/89436","targetHints":{"allow":["GET"]}}],"collection":[{"href":"https:\/\/www.interaccionnoticias.com.mx\/index.php?rest_route=\/wp\/v2\/posts"}],"about":[{"href":"https:\/\/www.interaccionnoticias.com.mx\/index.php?rest_route=\/wp\/v2\/types\/post"}],"author":[{"embeddable":true,"href":"https:\/\/www.interaccionnoticias.com.mx\/index.php?rest_route=\/wp\/v2\/users\/32"}],"replies":[{"embeddable":true,"href":"https:\/\/www.interaccionnoticias.com.mx\/index.php?rest_route=%2Fwp%2Fv2%2Fcomments&post=89436"}],"version-history":[{"count":1,"href":"https:\/\/www.interaccionnoticias.com.mx\/index.php?rest_route=\/wp\/v2\/posts\/89436\/revisions"}],"predecessor-version":[{"id":89440,"href":"https:\/\/www.interaccionnoticias.com.mx\/index.php?rest_route=\/wp\/v2\/posts\/89436\/revisions\/89440"}],"wp:featuredmedia":[{"embeddable":true,"href":"https:\/\/www.interaccionnoticias.com.mx\/index.php?rest_route=\/wp\/v2\/media\/89437"}],"wp:attachment":[{"href":"https:\/\/www.interaccionnoticias.com.mx\/index.php?rest_route=%2Fwp%2Fv2%2Fmedia&parent=89436"}],"wp:term":[{"taxonomy":"category","embeddable":true,"href":"https:\/\/www.interaccionnoticias.com.mx\/index.php?rest_route=%2Fwp%2Fv2%2Fcategories&post=89436"},{"taxonomy":"post_tag","embeddable":true,"href":"https:\/\/www.interaccionnoticias.com.mx\/index.php?rest_route=%2Fwp%2Fv2%2Ftags&post=89436"}],"curies":[{"name":"wp","href":"https:\/\/api.w.org\/{rel}","templated":true}]}}