{"id":89421,"date":"2025-03-28T13:27:00","date_gmt":"2025-03-28T19:27:00","guid":{"rendered":"https:\/\/www.interaccionnoticias.com.mx\/?p=89421"},"modified":"2025-03-28T20:49:14","modified_gmt":"2025-03-29T02:49:14","slug":"fge-guerrero-detiene-a-seis-hombres-presuntos-responsables-de-desplazamiento-forzado","status":"publish","type":"post","link":"https:\/\/www.interaccionnoticias.com.mx\/?p=89421","title":{"rendered":"FGE-Guerrero detiene a seis hombres presuntos responsables de desplazamiento forzado"},"content":{"rendered":"\n<p><strong><em>&#8212; En el municipio de Juan R. Escudero, en la regi\u00f3n Centro de la entidad<\/em><\/strong><\/p>\n\n\n\n<p><strong>Rogelio Agust\u00edn<\/strong><\/p>\n\n\n\n<p>La Fiscal\u00eda General del Estado de Guerrero (FGE Guerrero) confirm\u00f3 la ejecuci\u00f3n de una orden de aprehensi\u00f3n en contra de seis hombres, a quienes responsabiliza del delito de desplazamiento forzado en el municipio de Juan R. Escudero, en la regi\u00f3n Centro de la entidad.<\/p>\n\n\n\n<p>La jornada del viernes, la dependencia emiti\u00f3 un comunicado en el que refiere que la actuaci\u00f3n legal se implement\u00f3 en coordinaci\u00f3n con la Secretar\u00eda de la Defensa Nacional (DEFENSA), la Guardia Nacional (GN), la Secretar\u00eda de Seguridad y Protecci\u00f3n Ciudadana (SSyPC) y la Secretar\u00eda de Seguridad P\u00fablica de Guerrero (SSPGro).<\/p>\n\n\n\n<p>La acci\u00f3n penal se cumpliment\u00f3 a traves de una orden de aprehensi\u00f3n en contra de Pedro \u201cN\u201d, Juan \u201cN\u201d, Margarito \u201cN\u201d, Hugo \u201cN\u201d, Tom\u00e1s \u201cN\u201d y Sergio \u201cN\u201d, el delito se cometi\u00f3 en la comunidad de Tlayolapa, en el municipio de referencia.<\/p>\n\n\n\n<p>De acuerdo con las investigaciones, los seis individuos obligaron, por medio de la violencia a las v\u00edctimas a huir de su domicilio.<\/p>\n\n\n\n<p>En un operativo realizado en Tlayolapa se aseguraron 9 armas largas; 2 armas cortas y 9 cargadores<\/p>\n\n\n\n<p>Para la tarde del 28 de marzo, se indic\u00f3 que los detenidos fueron puestos a disposici\u00f3n del Juez de Control y Enjuiciamiento Penal.<\/p>\n","protected":false},"excerpt":{"rendered":"<p>&#8212; En el municipio de Juan R. Escudero, en la regi\u00f3n Centro de la entidad Rogelio Agust\u00edn La Fiscal\u00eda General del Estado de Guerrero (FGE Guerrero) confirm\u00f3 la ejecuci\u00f3n de&hellip; <\/p>\n","protected":false},"author":21,"featured_media":89422,"comment_status":"open","ping_status":"open","sticky":false,"template":"","format":"standard","meta":{"fifu_image_url":"","fifu_image_alt":"","footnotes":""},"categories":[27],"tags":[],"class_list":["post-89421","post","type-post","status-publish","format-standard","has-post-thumbnail","hentry","category-seguridad-publica"],"_links":{"self":[{"href":"https:\/\/www.interaccionnoticias.com.mx\/index.php?rest_route=\/wp\/v2\/posts\/89421","targetHints":{"allow":["GET"]}}],"collection":[{"href":"https:\/\/www.interaccionnoticias.com.mx\/index.php?rest_route=\/wp\/v2\/posts"}],"about":[{"href":"https:\/\/www.interaccionnoticias.com.mx\/index.php?rest_route=\/wp\/v2\/types\/post"}],"author":[{"embeddable":true,"href":"https:\/\/www.interaccionnoticias.com.mx\/index.php?rest_route=\/wp\/v2\/users\/21"}],"replies":[{"embeddable":true,"href":"https:\/\/www.interaccionnoticias.com.mx\/index.php?rest_route=%2Fwp%2Fv2%2Fcomments&post=89421"}],"version-history":[{"count":1,"href":"https:\/\/www.interaccionnoticias.com.mx\/index.php?rest_route=\/wp\/v2\/posts\/89421\/revisions"}],"predecessor-version":[{"id":89423,"href":"https:\/\/www.interaccionnoticias.com.mx\/index.php?rest_route=\/wp\/v2\/posts\/89421\/revisions\/89423"}],"wp:featuredmedia":[{"embeddable":true,"href":"https:\/\/www.interaccionnoticias.com.mx\/index.php?rest_route=\/wp\/v2\/media\/89422"}],"wp:attachment":[{"href":"https:\/\/www.interaccionnoticias.com.mx\/index.php?rest_route=%2Fwp%2Fv2%2Fmedia&parent=89421"}],"wp:term":[{"taxonomy":"category","embeddable":true,"href":"https:\/\/www.interaccionnoticias.com.mx\/index.php?rest_route=%2Fwp%2Fv2%2Fcategories&post=89421"},{"taxonomy":"post_tag","embeddable":true,"href":"https:\/\/www.interaccionnoticias.com.mx\/index.php?rest_route=%2Fwp%2Fv2%2Ftags&post=89421"}],"curies":[{"name":"wp","href":"https:\/\/api.w.org\/{rel}","templated":true}]}}