{"id":89406,"date":"2025-03-27T19:08:00","date_gmt":"2025-03-28T01:08:00","guid":{"rendered":"https:\/\/www.interaccionnoticias.com.mx\/?p=89406"},"modified":"2025-03-27T20:40:02","modified_gmt":"2025-03-28T02:40:02","slug":"dos-taxistas-fueron-asesinados-en-acapulco","status":"publish","type":"post","link":"https:\/\/www.interaccionnoticias.com.mx\/?p=89406","title":{"rendered":"Dos taxistas fueron asesinados en Acapulco"},"content":{"rendered":"\n<p><strong><em>&#8212; Un autob\u00fas y un autom\u00f3vil se incendiaron<br>&#8212; En Ciudad Renacimiento una miscel\u00e1nea se quema<\/em><\/strong><\/p>\n\n\n\n<p><strong>Javier Trujillo<\/strong><\/p>\n\n\n\n<p><strong>Acapulco, Gro. &#8211; <\/strong>Dos taxistas fueron ultimados a balazos en dos colonias del puerto de Acapulco, mientras que un autob\u00fas, un veh\u00edculo particular y una miscel\u00e1nea el fuego provoc\u00f3 da\u00f1os materiales.<\/p>\n\n\n\n<p>Los ataques a los dos trabajadores del volante se registraron entre las 13 y las 16:00 horas en las colonias Progreso, y Bellavista, avenida Constituyentes, tras la persecuci\u00f3n fue privado de la vida.<\/p>\n\n\n\n<p>El primer ataque contra el trabajador del volante ocurri\u00f3 cuando circulaba en la avenida Constituyentes y hombres armados lo atacaron a balazos, el veh\u00edculo qued\u00f3 cerca del puente elevado y se impact\u00f3 contra un negocio.<\/p>\n\n\n\n<p>Sus agresores huyeron de la escena del crimen en la calle Zapata de la colonia Bella Vista, de inmediato se report\u00f3 el homicidio a las diferentes corporaciones a trav\u00e9s del Servicio de Emergencia del 911.<\/p>\n\n\n\n<p>El taxi tiene n\u00famero econ\u00f3mico 2286, y qued\u00f3 frente a un negocio de mofles, al interior del autom\u00f3vil del servicio p\u00fablico qued\u00f3 el taxista sin vida y en el lugar se encontraron nueve indicios bal\u00edsticos.<\/p>\n\n\n\n<p>M\u00e1s tarde, aproximadamente a las 16 horas, entre las avenidas Ni\u00f1os H\u00e9roes y Durango de la colonia Progreso, zona urbana del puerto de Acapulco, otro taxista fue atacado a balazos.<\/p>\n\n\n\n<p>Nuevamente un reporte al Servicio de Emergencia del 911, alert\u00f3 a las autoridades de seguridad p\u00fablica y fuerzas federales, quienes acordonaron la zona del homicidio del taxista que viajaba en la unidad con n\u00famero econ\u00f3mico 0560.<\/p>\n\n\n\n<p>De acuerdo con testigos del homicidio, los presuntos agresores llegaron hasta la unidad y le dispararon al chofer en por lo menos cinco ocasiones, con un arma de grueso calibre para huir en seguida.<\/p>\n\n\n\n<p>Tan solo este jueves dos trabajadores del volante fueron objetivos de grupos criminales que operan en Acapulco. En las \u00faltimas 24 horas, se reportan ocho personas privadas de la vida en la zona urbana, suburbana y rural del puerto<\/p>\n\n\n\n<p>Cabe mencionar que en la colonia Morelos, un autob\u00fas y un veh\u00edculo particular ardieron y se reportan da\u00f1os materiales. Mientras que en la calle Juan \u00c1lvarez de la colonia Arroyo Seco, una miscel\u00e1nea se incendi\u00f3 y dos mujeres resultaron con quemaduras de segundo grado y crisis nerviosas.<\/p>\n\n\n\n<p>Los cuerpos de los dos taxistas asesinados fueron levantados por personal del Servicio M\u00e9dico Forense (SEMEFO), y trasladados a la morgue de El Quemado, en calidad de desconocidos.<\/p>\n\n\n\n<div class=\"wp-block-jetpack-slideshow aligncenter\" data-effect=\"slide\"><div class=\"wp-block-jetpack-slideshow_container swiper-container\"><ul class=\"wp-block-jetpack-slideshow_swiper-wrapper swiper-wrapper\"><li class=\"wp-block-jetpack-slideshow_slide swiper-slide\"><figure><img decoding=\"async\" src=\"data:image\/gif;base64,R0lGODlhAQABAIAAAAAAAP\/\/\/ywAAAAAAQABAAACAUwAOw==\" fifu-lazy=\"1\" fifu-data-sizes=\"auto\" fifu-data-srcset=\"https:\/\/i2.wp.com\/www.interaccionnoticias.com.mx\/wp-content\/uploads\/2025\/03\/250327-Acapulco-1-1024x683.jpg?ssl=1&w=75&resize=75&ssl=1 75w, https:\/\/i2.wp.com\/www.interaccionnoticias.com.mx\/wp-content\/uploads\/2025\/03\/250327-Acapulco-1-1024x683.jpg?ssl=1&w=100&resize=100&ssl=1 100w, https:\/\/i2.wp.com\/www.interaccionnoticias.com.mx\/wp-content\/uploads\/2025\/03\/250327-Acapulco-1-1024x683.jpg?ssl=1&w=150&resize=150&ssl=1 150w, https:\/\/i2.wp.com\/www.interaccionnoticias.com.mx\/wp-content\/uploads\/2025\/03\/250327-Acapulco-1-1024x683.jpg?ssl=1&w=240&resize=240&ssl=1 240w, https:\/\/i2.wp.com\/www.interaccionnoticias.com.mx\/wp-content\/uploads\/2025\/03\/250327-Acapulco-1-1024x683.jpg?ssl=1&w=320&resize=320&ssl=1 320w, https:\/\/i2.wp.com\/www.interaccionnoticias.com.mx\/wp-content\/uploads\/2025\/03\/250327-Acapulco-1-1024x683.jpg?ssl=1&w=500&resize=500&ssl=1 500w, https:\/\/i2.wp.com\/www.interaccionnoticias.com.mx\/wp-content\/uploads\/2025\/03\/250327-Acapulco-1-1024x683.jpg?ssl=1&w=640&resize=640&ssl=1 640w, https:\/\/i2.wp.com\/www.interaccionnoticias.com.mx\/wp-content\/uploads\/2025\/03\/250327-Acapulco-1-1024x683.jpg?ssl=1&w=800&resize=800&ssl=1 800w, https:\/\/i2.wp.com\/www.interaccionnoticias.com.mx\/wp-content\/uploads\/2025\/03\/250327-Acapulco-1-1024x683.jpg?ssl=1&w=1024&resize=1024&ssl=1 1024w, https:\/\/i2.wp.com\/www.interaccionnoticias.com.mx\/wp-content\/uploads\/2025\/03\/250327-Acapulco-1-1024x683.jpg?ssl=1&w=1280&resize=1280&ssl=1 1280w, https:\/\/i2.wp.com\/www.interaccionnoticias.com.mx\/wp-content\/uploads\/2025\/03\/250327-Acapulco-1-1024x683.jpg?ssl=1&w=1600&resize=1600&ssl=1 1600w\" alt=\"\" class=\"wp-block-jetpack-slideshow_image wp-image-89408\" data-id=\"89408\" fifu-data-src=\"https:\/\/i2.wp.com\/www.interaccionnoticias.com.mx\/wp-content\/uploads\/2025\/03\/250327-Acapulco-1-1024x683.jpg?ssl=1\"\/><\/figure><\/li><li class=\"wp-block-jetpack-slideshow_slide swiper-slide\"><figure><img decoding=\"async\" src=\"data:image\/gif;base64,R0lGODlhAQABAIAAAAAAAP\/\/\/ywAAAAAAQABAAACAUwAOw==\" fifu-lazy=\"1\" fifu-data-sizes=\"auto\" fifu-data-srcset=\"https:\/\/i1.wp.com\/www.interaccionnoticias.com.mx\/wp-content\/uploads\/2025\/03\/250327-Acapulco-2-1024x683.jpg?ssl=1&w=75&resize=75&ssl=1 75w, https:\/\/i1.wp.com\/www.interaccionnoticias.com.mx\/wp-content\/uploads\/2025\/03\/250327-Acapulco-2-1024x683.jpg?ssl=1&w=100&resize=100&ssl=1 100w, https:\/\/i1.wp.com\/www.interaccionnoticias.com.mx\/wp-content\/uploads\/2025\/03\/250327-Acapulco-2-1024x683.jpg?ssl=1&w=150&resize=150&ssl=1 150w, https:\/\/i1.wp.com\/www.interaccionnoticias.com.mx\/wp-content\/uploads\/2025\/03\/250327-Acapulco-2-1024x683.jpg?ssl=1&w=240&resize=240&ssl=1 240w, https:\/\/i1.wp.com\/www.interaccionnoticias.com.mx\/wp-content\/uploads\/2025\/03\/250327-Acapulco-2-1024x683.jpg?ssl=1&w=320&resize=320&ssl=1 320w, https:\/\/i1.wp.com\/www.interaccionnoticias.com.mx\/wp-content\/uploads\/2025\/03\/250327-Acapulco-2-1024x683.jpg?ssl=1&w=500&resize=500&ssl=1 500w, https:\/\/i1.wp.com\/www.interaccionnoticias.com.mx\/wp-content\/uploads\/2025\/03\/250327-Acapulco-2-1024x683.jpg?ssl=1&w=640&resize=640&ssl=1 640w, https:\/\/i1.wp.com\/www.interaccionnoticias.com.mx\/wp-content\/uploads\/2025\/03\/250327-Acapulco-2-1024x683.jpg?ssl=1&w=800&resize=800&ssl=1 800w, https:\/\/i1.wp.com\/www.interaccionnoticias.com.mx\/wp-content\/uploads\/2025\/03\/250327-Acapulco-2-1024x683.jpg?ssl=1&w=1024&resize=1024&ssl=1 1024w, https:\/\/i1.wp.com\/www.interaccionnoticias.com.mx\/wp-content\/uploads\/2025\/03\/250327-Acapulco-2-1024x683.jpg?ssl=1&w=1280&resize=1280&ssl=1 1280w, https:\/\/i1.wp.com\/www.interaccionnoticias.com.mx\/wp-content\/uploads\/2025\/03\/250327-Acapulco-2-1024x683.jpg?ssl=1&w=1600&resize=1600&ssl=1 1600w\" alt=\"\" class=\"wp-block-jetpack-slideshow_image wp-image-89407\" data-id=\"89407\" fifu-data-src=\"https:\/\/i1.wp.com\/www.interaccionnoticias.com.mx\/wp-content\/uploads\/2025\/03\/250327-Acapulco-2-1024x683.jpg?ssl=1\"\/><\/figure><\/li><\/ul><a class=\"wp-block-jetpack-slideshow_button-prev swiper-button-prev swiper-button-white\" role=\"button\"><\/a><a class=\"wp-block-jetpack-slideshow_button-next swiper-button-next swiper-button-white\" role=\"button\"><\/a><a aria-label=\"Pause Slideshow\" class=\"wp-block-jetpack-slideshow_button-pause\" role=\"button\"><\/a><div class=\"wp-block-jetpack-slideshow_pagination swiper-pagination swiper-pagination-white\"><\/div><\/div><\/div>\n","protected":false},"excerpt":{"rendered":"<p>&#8212; Un autob\u00fas y un autom\u00f3vil se incendiaron&#8212; En Ciudad Renacimiento una miscel\u00e1nea se quema Javier Trujillo Acapulco, Gro. &#8211; Dos taxistas fueron ultimados a balazos en dos colonias del&hellip; <\/p>\n","protected":false},"author":3,"featured_media":89407,"comment_status":"open","ping_status":"open","sticky":false,"template":"","format":"standard","meta":{"fifu_image_url":"","fifu_image_alt":"","footnotes":""},"categories":[27],"tags":[],"class_list":["post-89406","post","type-post","status-publish","format-standard","has-post-thumbnail","hentry","category-seguridad-publica"],"_links":{"self":[{"href":"https:\/\/www.interaccionnoticias.com.mx\/index.php?rest_route=\/wp\/v2\/posts\/89406","targetHints":{"allow":["GET"]}}],"collection":[{"href":"https:\/\/www.interaccionnoticias.com.mx\/index.php?rest_route=\/wp\/v2\/posts"}],"about":[{"href":"https:\/\/www.interaccionnoticias.com.mx\/index.php?rest_route=\/wp\/v2\/types\/post"}],"author":[{"embeddable":true,"href":"https:\/\/www.interaccionnoticias.com.mx\/index.php?rest_route=\/wp\/v2\/users\/3"}],"replies":[{"embeddable":true,"href":"https:\/\/www.interaccionnoticias.com.mx\/index.php?rest_route=%2Fwp%2Fv2%2Fcomments&post=89406"}],"version-history":[{"count":1,"href":"https:\/\/www.interaccionnoticias.com.mx\/index.php?rest_route=\/wp\/v2\/posts\/89406\/revisions"}],"predecessor-version":[{"id":89409,"href":"https:\/\/www.interaccionnoticias.com.mx\/index.php?rest_route=\/wp\/v2\/posts\/89406\/revisions\/89409"}],"wp:featuredmedia":[{"embeddable":true,"href":"https:\/\/www.interaccionnoticias.com.mx\/index.php?rest_route=\/wp\/v2\/media\/89407"}],"wp:attachment":[{"href":"https:\/\/www.interaccionnoticias.com.mx\/index.php?rest_route=%2Fwp%2Fv2%2Fmedia&parent=89406"}],"wp:term":[{"taxonomy":"category","embeddable":true,"href":"https:\/\/www.interaccionnoticias.com.mx\/index.php?rest_route=%2Fwp%2Fv2%2Fcategories&post=89406"},{"taxonomy":"post_tag","embeddable":true,"href":"https:\/\/www.interaccionnoticias.com.mx\/index.php?rest_route=%2Fwp%2Fv2%2Ftags&post=89406"}],"curies":[{"name":"wp","href":"https:\/\/api.w.org\/{rel}","templated":true}]}}