{"id":89399,"date":"2025-03-27T17:40:00","date_gmt":"2025-03-27T23:40:00","guid":{"rendered":"https:\/\/www.interaccionnoticias.com.mx\/?p=89399"},"modified":"2025-03-27T20:26:57","modified_gmt":"2025-03-28T02:26:57","slug":"insiste-gobierno-que-no-se-han-autorizacion-de-incremento-en-el-precio-del-transporte","status":"publish","type":"post","link":"https:\/\/www.interaccionnoticias.com.mx\/?p=89399","title":{"rendered":"Insiste gobierno que no se han autorizaci\u00f3n de incremento en el precio del transporte"},"content":{"rendered":"\n<p><strong><em>&#8212; Se advierte que habr\u00e1 sanciones para quienes apliquen aumentos<\/em><\/strong><\/p>\n\n\n\n<p><strong>Rosario Garc\u00eda Orozco<\/strong><\/p>\n\n\n\n<p>El subsecretario de Gobierno, Francisco Rodr\u00edguez Cisneros insisti\u00f3 en que no se ha autorizado el incremento de las tarifas del transporte p\u00fablico en ning\u00fan municipio del estado.<\/p>\n\n\n\n<p>Lo anterior, luego de que varias unidades del transporte p\u00fablico de rutas de municipios de la zona Centro y Monta\u00f1a Baja de la entidad, portan comunicados en los que anuncian a los usuarios que a partir del 30 de marzo se aumentar\u00e1 el precio del pasaje.<\/p>\n\n\n\n<p>Al respecto, el funcionario estatal asegur\u00f3 que \u00abya est\u00e1 trabajando la Comisi\u00f3n T\u00e9cnica de Transportes para que se sancione, no esta autorizado el aumento, no ha sesionado el Consejo, no se ha hecho ning\u00fan estudio para tal efecto, y si alguien lo incrementa est\u00e1 cometiendo una irregularidad\u00bb.<\/p>\n\n\n\n<p>Record\u00f3 que ya hubo un incremento en el a\u00f1o 2023 y ese aumento est\u00e1 vigente, de tal manera que no hay autorizaci\u00f3n para que los transportistas cobren m\u00e1s a los usiarios.<\/p>\n\n\n\n<p>Cabe mencionar que consecionarios del transporte p\u00fablico anunciaron que a partir del 30 de marzo se incrementar\u00e1 el pasaje en las rutas del Circuito R\u00edo Azul, que incluye Chilpancingo, Petaquillas, Mochitl\u00e1n y Quechultenango.<\/p>\n\n\n\n<p>El anuncio se hace con una hoja que pegan en sus unidades de servicio en las que mencionan que la medida se debe al \u00abexcesivo aumento de los insumos utilizados en la operaci\u00f3n de nuestro servicio, nos vemos en la penosa necesidad de incrementar el costo del pasaje, el cual se aplicar\u00e1 el pr\u00f3ximo 30 de marzo del presente a\u00f1o\u00bb.<\/p>\n\n\n\n<p>Dicho anuncio se replica tambi\u00e9n en las unidades de transporte p\u00fablico de las rutas Chilpancingo-Tixtla-Chilapa.<\/p>\n","protected":false},"excerpt":{"rendered":"<p>&#8212; Se advierte que habr\u00e1 sanciones para quienes apliquen aumentos Rosario Garc\u00eda Orozco El subsecretario de Gobierno, Francisco Rodr\u00edguez Cisneros insisti\u00f3 en que no se ha autorizado el incremento de&hellip; <\/p>\n","protected":false},"author":14,"featured_media":89401,"comment_status":"open","ping_status":"open","sticky":false,"template":"","format":"standard","meta":{"fifu_image_url":"","fifu_image_alt":"","footnotes":""},"categories":[11],"tags":[],"class_list":["post-89399","post","type-post","status-publish","format-standard","has-post-thumbnail","hentry","category-guerrero"],"_links":{"self":[{"href":"https:\/\/www.interaccionnoticias.com.mx\/index.php?rest_route=\/wp\/v2\/posts\/89399","targetHints":{"allow":["GET"]}}],"collection":[{"href":"https:\/\/www.interaccionnoticias.com.mx\/index.php?rest_route=\/wp\/v2\/posts"}],"about":[{"href":"https:\/\/www.interaccionnoticias.com.mx\/index.php?rest_route=\/wp\/v2\/types\/post"}],"author":[{"embeddable":true,"href":"https:\/\/www.interaccionnoticias.com.mx\/index.php?rest_route=\/wp\/v2\/users\/14"}],"replies":[{"embeddable":true,"href":"https:\/\/www.interaccionnoticias.com.mx\/index.php?rest_route=%2Fwp%2Fv2%2Fcomments&post=89399"}],"version-history":[{"count":1,"href":"https:\/\/www.interaccionnoticias.com.mx\/index.php?rest_route=\/wp\/v2\/posts\/89399\/revisions"}],"predecessor-version":[{"id":89402,"href":"https:\/\/www.interaccionnoticias.com.mx\/index.php?rest_route=\/wp\/v2\/posts\/89399\/revisions\/89402"}],"wp:featuredmedia":[{"embeddable":true,"href":"https:\/\/www.interaccionnoticias.com.mx\/index.php?rest_route=\/wp\/v2\/media\/89401"}],"wp:attachment":[{"href":"https:\/\/www.interaccionnoticias.com.mx\/index.php?rest_route=%2Fwp%2Fv2%2Fmedia&parent=89399"}],"wp:term":[{"taxonomy":"category","embeddable":true,"href":"https:\/\/www.interaccionnoticias.com.mx\/index.php?rest_route=%2Fwp%2Fv2%2Fcategories&post=89399"},{"taxonomy":"post_tag","embeddable":true,"href":"https:\/\/www.interaccionnoticias.com.mx\/index.php?rest_route=%2Fwp%2Fv2%2Ftags&post=89399"}],"curies":[{"name":"wp","href":"https:\/\/api.w.org\/{rel}","templated":true}]}}