{"id":89389,"date":"2025-03-27T15:10:00","date_gmt":"2025-03-27T21:10:00","guid":{"rendered":"https:\/\/www.interaccionnoticias.com.mx\/?p=89389"},"modified":"2025-03-27T20:07:22","modified_gmt":"2025-03-28T02:07:22","slug":"respalda-pri-guerrero-al-presidente-municipal-de-chilpancingo-gustavo-alarcon-herrera","status":"publish","type":"post","link":"https:\/\/www.interaccionnoticias.com.mx\/?p=89389","title":{"rendered":"Respalda PRI-Guerrero al presidente municipal de Chilpancingo, Gustavo Alarc\u00f3n Herrera"},"content":{"rendered":"\n<p><em><strong>Luego de que el dirigente estatal del PRD, Evodio Vel\u00e1zquez le recordara que \u00e9l no gan\u00f3 el cargo en las urnas y lo calificara de \u201cadvenedizo\u201d<\/strong><\/em><\/p>\n\n\n\n<p><strong>Rogelio Agust\u00edn<\/strong><\/p>\n\n\n\n<p>El dirigente estatal del PRI, Alejandro Bravo Abarca manifest\u00f3 su respaldo al presidente municipal de Chilpancingo, Gustavo Alarc\u00f3n Herrera, a quien esta semana el PRD calific\u00f3 como \u201cadvenedizo\u201d y le record\u00f3 que \u00e9l no gan\u00f3 el cargo en las urnas.<\/p>\n\n\n\n<p>En el inicio de la semana, el dirigente estatal del partido amarillo, Jes\u00fas Evodio Vel\u00e1zquez Aguirre estableci\u00f3 un deslinde del actual jefe de cabildp en la capital de Guerrero, a quien conmin\u00f3 a resolver los problemas que enfrenta el municipio en lugar de aparecer solo en evebtos para tomarse fotos con dirigentes del PRI y de MORENA.<\/p>\n\n\n\n<p>Vel\u00e1zquez Aguirre record\u00f3 que quien gan\u00f3 la alcald\u00eda en las urnas fue Alejandro Arcos Catal\u00e1n, asesinado apenas una semana despu\u00e9s de asumir el cargo y cuestion\u00f3 el trabajo que hasta el momento ha realizado el suplente, Gustavo Alarc\u00f3n a quien adem\u00e1s, calific\u00f3 como un \u201cadvenedizo\u201d.<\/p>\n\n\n\n<p>Este d\u00eda, el diputado local Alejandro Bravo Abarca sostuvo que a pesar de que fueron en alianza en los comicios pasados, el partido que representa la primera fuerza pol\u00edtica en la capital de la entidad es el PRI.<\/p>\n\n\n\n<p>Por eso indic\u00f3: \u201cCon mucha responsabilidad nosotros apoyamos al presidente municipal, as\u00ed como lo hicimos con el compa\u00f1ero Alejandro Arcos, pero lo hacemos en una actitud de congruencia, nosotros apoyamos las acciones que se hacen en el Ayuntamiento de Chilpancingo y estamos para apoyar\u201d.<\/p>\n\n\n\n<p>Reconoci\u00f3 que cuando es necesario se plantean posiciones cr\u00edticas, aunque precis\u00f3 que siempre de manera constructiva y con el af\u00e1n de construir un mejor municipio.<\/p>\n\n\n\n<p>Consider\u00f3 un exceso desacreditar al presidente municipal, solo por aparecer en algunos eventos con personajes de MORENA, porque al final de cuentas el jefe de cabildo entiende que juega un papel plural.<\/p>\n\n\n\n<p>\u201cPuede haber a quienes no les parezcan algunas cosas, pero nosotros en su momento invitamos al alcalde a eventos y \u00e9l ha respondido afirmativamente porque es cabeza de una administraci\u00f3n plural\u201d, anot\u00f3.<\/p>\n\n\n\n<p>Lament\u00f3 la decisi\u00f3n adoptada por la dirigencia estatal del PRD, pero sostuvo que el tricolor no comparte la descalificaci\u00f3n dirigida en contra del presidente.<\/p>\n\n\n\n<p>Cerr\u00f3: \u201cNosotros en el PRI ratificamos el respaldo hacia el presidente municipal de Chilpancingo y siempre bscaremos ayudar, respaldar y en su momento, se\u00f1alar las equivocaciones pero en el contexto del respeto\u201d.<\/p>\n","protected":false},"excerpt":{"rendered":"<p>Luego de que el dirigente estatal del PRD, Evodio Vel\u00e1zquez le recordara que \u00e9l no gan\u00f3 el cargo en las urnas y lo calificara de \u201cadvenedizo\u201d Rogelio Agust\u00edn El dirigente&hellip; <\/p>\n","protected":false},"author":21,"featured_media":89390,"comment_status":"open","ping_status":"open","sticky":false,"template":"","format":"standard","meta":{"fifu_image_url":"","fifu_image_alt":"","footnotes":""},"categories":[21],"tags":[],"class_list":["post-89389","post","type-post","status-publish","format-standard","has-post-thumbnail","hentry","category-politica"],"_links":{"self":[{"href":"https:\/\/www.interaccionnoticias.com.mx\/index.php?rest_route=\/wp\/v2\/posts\/89389","targetHints":{"allow":["GET"]}}],"collection":[{"href":"https:\/\/www.interaccionnoticias.com.mx\/index.php?rest_route=\/wp\/v2\/posts"}],"about":[{"href":"https:\/\/www.interaccionnoticias.com.mx\/index.php?rest_route=\/wp\/v2\/types\/post"}],"author":[{"embeddable":true,"href":"https:\/\/www.interaccionnoticias.com.mx\/index.php?rest_route=\/wp\/v2\/users\/21"}],"replies":[{"embeddable":true,"href":"https:\/\/www.interaccionnoticias.com.mx\/index.php?rest_route=%2Fwp%2Fv2%2Fcomments&post=89389"}],"version-history":[{"count":1,"href":"https:\/\/www.interaccionnoticias.com.mx\/index.php?rest_route=\/wp\/v2\/posts\/89389\/revisions"}],"predecessor-version":[{"id":89391,"href":"https:\/\/www.interaccionnoticias.com.mx\/index.php?rest_route=\/wp\/v2\/posts\/89389\/revisions\/89391"}],"wp:featuredmedia":[{"embeddable":true,"href":"https:\/\/www.interaccionnoticias.com.mx\/index.php?rest_route=\/wp\/v2\/media\/89390"}],"wp:attachment":[{"href":"https:\/\/www.interaccionnoticias.com.mx\/index.php?rest_route=%2Fwp%2Fv2%2Fmedia&parent=89389"}],"wp:term":[{"taxonomy":"category","embeddable":true,"href":"https:\/\/www.interaccionnoticias.com.mx\/index.php?rest_route=%2Fwp%2Fv2%2Fcategories&post=89389"},{"taxonomy":"post_tag","embeddable":true,"href":"https:\/\/www.interaccionnoticias.com.mx\/index.php?rest_route=%2Fwp%2Fv2%2Ftags&post=89389"}],"curies":[{"name":"wp","href":"https:\/\/api.w.org\/{rel}","templated":true}]}}