{"id":89386,"date":"2025-03-27T14:57:53","date_gmt":"2025-03-27T20:57:53","guid":{"rendered":"https:\/\/www.interaccionnoticias.com.mx\/?p=89386"},"modified":"2025-03-27T14:57:54","modified_gmt":"2025-03-27T20:57:54","slug":"gobierno-de-guerrero-niega-retencion-de-militares-en-la-sierra","status":"publish","type":"post","link":"https:\/\/www.interaccionnoticias.com.mx\/?p=89386","title":{"rendered":"Gobierno de Guerrero niega retenci\u00f3n de militares en la Sierra"},"content":{"rendered":"\n<p><strong><em>&#8212; Subsecretario de Desarrollo Pol\u00edtico refiere que ya se estableci\u00f3 comunicaci\u00f3n con los comisarios<br>&#8212; La pr\u00f3xima semana se reunir\u00e1 con ellos<\/em><\/strong><\/p>\n\n\n\n<p><strong>Rogelio Agust\u00edn<\/strong><\/p>\n\n\n\n<p>El subsecretario de Desarrollo Pol\u00edtico de la Secretar\u00eda General de Gobierno, Francisco Rodr\u00edguez Cisneros neg\u00f3 que los comisarios de 65 pueblos de la Sierra hayan retenido a personal del Ej\u00e9rcito Mexicano durate la ma\u00f1ana del viernes, ya que tiene agendada una reni\u00f3n de trabajo la pr\u00f3xima semana.<\/p>\n\n\n\n<p>En las instalaciones del Congreso local, Rodr\u00edguez Cisneros destac\u00f3 que cada que los comisarios tienen un planteamiento acuden en grupo a las instalaciones que la Secretar\u00eda de la Defensa Nacional (SEDENA), a cuyos mandos piden que a trav\u00e9s de sus dispositivos de comunicaci\u00f3n establezcan el encalce con las autoridades estatales y de la federaci\u00f3n.<\/p>\n\n\n\n<p>Inform\u00f3 que ya se tuvo comunicaci\u00f3n con los comisarios a trav\u00e9s del delegado de Gobierno en la regi\u00f3n de la Costa Grande, en el entendido de que la Sierra es una zona compleja, de tal suerte que geogr\u00e1ficamente genera m\u00e1s f\u00e1cilidades accediendo por las rutas de dicha regi\u00f3n.<\/p>\n\n\n\n<p>Al margen de ese primer contacto, destac\u00f3 que la pr\u00f3xima semana acudir\u00e1 a dialogar con los comisarios, que entre otras cosas plantean la rehabiltaci\u00f3n de caminos y el impulso a diversos proyectos, que consideran estrat\u00e9gicos para detonar el desarrollo social.<\/p>\n\n\n\n<p>En todo caso, el funcionario manifest\u00f3 que los canales de comunicaci\u00f3n con los habitantes de la Sierra permanecen abiertos.<\/p>\n","protected":false},"excerpt":{"rendered":"<p>&#8212; Subsecretario de Desarrollo Pol\u00edtico refiere que ya se estableci\u00f3 comunicaci\u00f3n con los comisarios&#8212; La pr\u00f3xima semana se reunir\u00e1 con ellos Rogelio Agust\u00edn El subsecretario de Desarrollo Pol\u00edtico de la&hellip; <\/p>\n","protected":false},"author":21,"featured_media":89387,"comment_status":"open","ping_status":"open","sticky":false,"template":"","format":"standard","meta":{"fifu_image_url":"","fifu_image_alt":"","footnotes":""},"categories":[11],"tags":[],"class_list":["post-89386","post","type-post","status-publish","format-standard","has-post-thumbnail","hentry","category-guerrero"],"_links":{"self":[{"href":"https:\/\/www.interaccionnoticias.com.mx\/index.php?rest_route=\/wp\/v2\/posts\/89386","targetHints":{"allow":["GET"]}}],"collection":[{"href":"https:\/\/www.interaccionnoticias.com.mx\/index.php?rest_route=\/wp\/v2\/posts"}],"about":[{"href":"https:\/\/www.interaccionnoticias.com.mx\/index.php?rest_route=\/wp\/v2\/types\/post"}],"author":[{"embeddable":true,"href":"https:\/\/www.interaccionnoticias.com.mx\/index.php?rest_route=\/wp\/v2\/users\/21"}],"replies":[{"embeddable":true,"href":"https:\/\/www.interaccionnoticias.com.mx\/index.php?rest_route=%2Fwp%2Fv2%2Fcomments&post=89386"}],"version-history":[{"count":1,"href":"https:\/\/www.interaccionnoticias.com.mx\/index.php?rest_route=\/wp\/v2\/posts\/89386\/revisions"}],"predecessor-version":[{"id":89388,"href":"https:\/\/www.interaccionnoticias.com.mx\/index.php?rest_route=\/wp\/v2\/posts\/89386\/revisions\/89388"}],"wp:featuredmedia":[{"embeddable":true,"href":"https:\/\/www.interaccionnoticias.com.mx\/index.php?rest_route=\/wp\/v2\/media\/89387"}],"wp:attachment":[{"href":"https:\/\/www.interaccionnoticias.com.mx\/index.php?rest_route=%2Fwp%2Fv2%2Fmedia&parent=89386"}],"wp:term":[{"taxonomy":"category","embeddable":true,"href":"https:\/\/www.interaccionnoticias.com.mx\/index.php?rest_route=%2Fwp%2Fv2%2Fcategories&post=89386"},{"taxonomy":"post_tag","embeddable":true,"href":"https:\/\/www.interaccionnoticias.com.mx\/index.php?rest_route=%2Fwp%2Fv2%2Ftags&post=89386"}],"curies":[{"name":"wp","href":"https:\/\/api.w.org\/{rel}","templated":true}]}}