{"id":89353,"date":"2025-03-26T22:11:00","date_gmt":"2025-03-27T04:11:00","guid":{"rendered":"https:\/\/www.interaccionnoticias.com.mx\/?p=89353"},"modified":"2025-03-26T22:33:18","modified_gmt":"2025-03-27T04:33:18","slug":"denuncian-venta-de-drogas-en-prepa-de-la-uagro","status":"publish","type":"post","link":"https:\/\/www.interaccionnoticias.com.mx\/?p=89353","title":{"rendered":"Denuncian venta de drogas en la prepa 9 de la UAGro"},"content":{"rendered":"\n<p><strong>Yasm\u00edn Garc\u00eda<\/strong><\/p>\n\n\n\n<p>La Asociaci\u00f3n Civil Kanichee Eslava denunci\u00f3 que una estudiante de la preparatoria 9 Ernesto Ch\u00e9 Guevara de la Universidad Aut\u00f3noma de Guerrero (Uagro), se encuentra en estado cr\u00edtico por el consumo de estupefacientes que venden al interior de la instituci\u00f3n.<\/p>\n\n\n\n<p>Durante la Cuadragesima S\u00e9ptima Sesi\u00f3n Ordinaria del Sistema Estatal para Prevenir, Atender, Sancionar y Erradicar la Violencia contra las Mujeres la activista Kaniche Eslava Borja solicit\u00f3 a la encargada de despacho de la Secretar\u00eda General de Gobierno, Anacleta L\u00f3pez Vega quien tambi\u00e9n es la presidenta del Sistema Estatal la intervenci\u00f3n para atender a la menor de edad.<\/p>\n\n\n\n<p>Denunci\u00f3 que el director de la instituci\u00f3n ha sido omiso ya que tiene conocimiento de la venta de drogas desde hace dos a\u00f1os y no ha hecho nada.<\/p>\n\n\n\n<p>El caso se agrav\u00f3 hasta Ilegar a un abuso sexual de la menor e intentos de suicidio.<\/p>\n\n\n\n<p>\u00abLa ni\u00f1a sufre de d\u00e9ficit de atenci\u00f3n e hiperactividad, es lo que le est\u00e1 ganando a ella, es la droga, la droga que sale desde la prepa 9, el director ha sido omiso, las autoridades se lavan las manos\u00bb, reproch\u00f3.<br>Indic\u00f3 que en la sesi\u00f3n para atender la violencia contra las mujeres deber\u00eda de participar la Universidad Aut\u00f3noma de Guerrero (Uagro).<\/p>\n\n\n\n<p>La representante de la organziaci\u00f3n recrimin\u00f3 que la sesi\u00f3n fue abierta en el Congreso local ya que se tratan temas que deben de ser atendidos con secrecia para evitar la revictimizaci\u00f3n de las v\u00edctimas.<\/p>\n","protected":false},"excerpt":{"rendered":"<p>Yasm\u00edn Garc\u00eda La Asociaci\u00f3n Civil Kanichee Eslava denunci\u00f3 que una estudiante de la preparatoria 9 Ernesto Ch\u00e9 Guevara de la Universidad Aut\u00f3noma de Guerrero (Uagro), se encuentra en estado cr\u00edtico&hellip; <\/p>\n","protected":false},"author":32,"featured_media":89349,"comment_status":"open","ping_status":"open","sticky":false,"template":"","format":"standard","meta":{"fifu_image_url":"","fifu_image_alt":"","footnotes":""},"categories":[15],"tags":[],"class_list":["post-89353","post","type-post","status-publish","format-standard","has-post-thumbnail","hentry","category-movimientos-sociales"],"_links":{"self":[{"href":"https:\/\/www.interaccionnoticias.com.mx\/index.php?rest_route=\/wp\/v2\/posts\/89353","targetHints":{"allow":["GET"]}}],"collection":[{"href":"https:\/\/www.interaccionnoticias.com.mx\/index.php?rest_route=\/wp\/v2\/posts"}],"about":[{"href":"https:\/\/www.interaccionnoticias.com.mx\/index.php?rest_route=\/wp\/v2\/types\/post"}],"author":[{"embeddable":true,"href":"https:\/\/www.interaccionnoticias.com.mx\/index.php?rest_route=\/wp\/v2\/users\/32"}],"replies":[{"embeddable":true,"href":"https:\/\/www.interaccionnoticias.com.mx\/index.php?rest_route=%2Fwp%2Fv2%2Fcomments&post=89353"}],"version-history":[{"count":2,"href":"https:\/\/www.interaccionnoticias.com.mx\/index.php?rest_route=\/wp\/v2\/posts\/89353\/revisions"}],"predecessor-version":[{"id":89355,"href":"https:\/\/www.interaccionnoticias.com.mx\/index.php?rest_route=\/wp\/v2\/posts\/89353\/revisions\/89355"}],"wp:featuredmedia":[{"embeddable":true,"href":"https:\/\/www.interaccionnoticias.com.mx\/index.php?rest_route=\/wp\/v2\/media\/89349"}],"wp:attachment":[{"href":"https:\/\/www.interaccionnoticias.com.mx\/index.php?rest_route=%2Fwp%2Fv2%2Fmedia&parent=89353"}],"wp:term":[{"taxonomy":"category","embeddable":true,"href":"https:\/\/www.interaccionnoticias.com.mx\/index.php?rest_route=%2Fwp%2Fv2%2Fcategories&post=89353"},{"taxonomy":"post_tag","embeddable":true,"href":"https:\/\/www.interaccionnoticias.com.mx\/index.php?rest_route=%2Fwp%2Fv2%2Ftags&post=89353"}],"curies":[{"name":"wp","href":"https:\/\/api.w.org\/{rel}","templated":true}]}}