{"id":89320,"date":"2025-03-26T17:57:00","date_gmt":"2025-03-26T23:57:00","guid":{"rendered":"https:\/\/www.interaccionnoticias.com.mx\/?p=89320"},"modified":"2025-03-26T20:07:39","modified_gmt":"2025-03-27T02:07:39","slug":"desconoce-el-gobierno-si-las-camaras-retiradas-del-mercado-central-de-chilpancingo-eran-operadas-por-el-crimen-organizado","status":"publish","type":"post","link":"https:\/\/www.interaccionnoticias.com.mx\/?p=89320","title":{"rendered":"Desconoce el gobierno si las c\u00e1maras retiradas del mercado central de Chilpancingo eran operadas por el crimen organizado"},"content":{"rendered":"\n<p><strong><em>&#8212; Resalta el hecho de que ahora s\u00ed hay detenidos, tras los ataques registrados la semana pasada<\/em><\/strong><\/p>\n\n\n\n<p><strong>Yasm\u00edn Garc\u00eda<\/strong><\/p>\n\n\n\n<p>El subsecretario de Desarrollo Pol\u00edtico y Social del Gobierno de Guerrero, Francisco Rodr\u00edguez Cisneros manifest\u00f3 que desconoce si las c\u00e1maras de vigilancia retiradas del mercado central de Chilpancingo eran utilizadas por el crimen organizado.<\/p>\n\n\n\n<p>El funcionario record\u00f3 que el operativo del martes 25 de marzo fue implementado por el Gobierno Federal, de tal suerte que son los mandos del Ej\u00e9rcito y la Guardia Nacional los que saben cuantas c\u00e1maras fueron retiradas.<\/p>\n\n\n\n<p>\u00abNo s\u00e9 qu\u00e9 uso se les daba, se entrevist\u00f3 a los locatarios y a la administraci\u00f3n del mercado y dijeron que desconoc\u00edan todo lo que ten\u00eda que ver con esas c\u00e1maras, ya ser\u00e1 la Fiscal\u00eda General del Estado (FGE) y la Fiscal\u00eda General de la Rep\u00fablica (FGR) la que realice los actos de investigaci\u00f3n y deslinden o asignen responsabilidades\u00bb.<\/p>\n\n\n\n<p>En el puerto de Acapulco recientemente fueron retiradas 144 c\u00e1maras par\u00e1sitas utilizadas por el crimen organizado, en tanto que se reporta la colocaci\u00f3n de ese tipo de dispositivos de vigilancia en entradas y salidas de algunos municipios, como Taxco de Alarc\u00f3n.<\/p>\n\n\n\n<p>\u00abS\u00ed lo tenemos detectado, es parte de lo que han informado las \u00e1reas operativas de que hay c\u00e1maras y en ese sentido la autoridad federal hace esas acciones, en Acapulco fue la Secretar\u00eda de Marina, aqu\u00ed la Defensa y la Guardia Nacional, aunque en coordinaci\u00f3n con la Polic\u00eda del Estado\u00bb, sostuvo.<\/p>\n\n\n\n<p>Rodr\u00edguez Cisneros revel\u00f3 que el poder ejecutivo no solicit\u00f3 alg\u00fan informe al alcalde de Chilpancingo, Gustavo Alarc\u00f3n Herrera sobre las c\u00e1maras, ya que eso le compete a la Fiscal\u00eda.<\/p>\n\n\n\n<p>Indic\u00f3 que en esta ocasi\u00f3n, tras los ataques armados en contra de comerciantes hubo cinco detenidos, lo que en otras administraciones no ocurr\u00eda.<\/p>\n\n\n\n<p>Expuso: \u00abPor los lamentables hechos se dio un reforzamiento, hay que reconocer que hubo respuesta inmediata porque hay detenciones que debemos de reconocerlo, en otro momento no pasaba, en este momento hay una coordinaci\u00f3n, esta la Mesa de Construcci\u00f3n para la Paz es de resultados que est\u00e1n a la vista de todos, todos los d\u00edas hay detenciones y puestas a disposici\u00f3n\u00bb.<\/p>\n","protected":false},"excerpt":{"rendered":"<p>&#8212; Resalta el hecho de que ahora s\u00ed hay detenidos, tras los ataques registrados la semana pasada Yasm\u00edn Garc\u00eda El subsecretario de Desarrollo Pol\u00edtico y Social del Gobierno de Guerrero,&hellip; <\/p>\n","protected":false},"author":32,"featured_media":89321,"comment_status":"open","ping_status":"open","sticky":false,"template":"","format":"standard","meta":{"fifu_image_url":"","fifu_image_alt":"","footnotes":""},"categories":[11],"tags":[],"class_list":["post-89320","post","type-post","status-publish","format-standard","has-post-thumbnail","hentry","category-guerrero"],"_links":{"self":[{"href":"https:\/\/www.interaccionnoticias.com.mx\/index.php?rest_route=\/wp\/v2\/posts\/89320","targetHints":{"allow":["GET"]}}],"collection":[{"href":"https:\/\/www.interaccionnoticias.com.mx\/index.php?rest_route=\/wp\/v2\/posts"}],"about":[{"href":"https:\/\/www.interaccionnoticias.com.mx\/index.php?rest_route=\/wp\/v2\/types\/post"}],"author":[{"embeddable":true,"href":"https:\/\/www.interaccionnoticias.com.mx\/index.php?rest_route=\/wp\/v2\/users\/32"}],"replies":[{"embeddable":true,"href":"https:\/\/www.interaccionnoticias.com.mx\/index.php?rest_route=%2Fwp%2Fv2%2Fcomments&post=89320"}],"version-history":[{"count":1,"href":"https:\/\/www.interaccionnoticias.com.mx\/index.php?rest_route=\/wp\/v2\/posts\/89320\/revisions"}],"predecessor-version":[{"id":89322,"href":"https:\/\/www.interaccionnoticias.com.mx\/index.php?rest_route=\/wp\/v2\/posts\/89320\/revisions\/89322"}],"wp:featuredmedia":[{"embeddable":true,"href":"https:\/\/www.interaccionnoticias.com.mx\/index.php?rest_route=\/wp\/v2\/media\/89321"}],"wp:attachment":[{"href":"https:\/\/www.interaccionnoticias.com.mx\/index.php?rest_route=%2Fwp%2Fv2%2Fmedia&parent=89320"}],"wp:term":[{"taxonomy":"category","embeddable":true,"href":"https:\/\/www.interaccionnoticias.com.mx\/index.php?rest_route=%2Fwp%2Fv2%2Fcategories&post=89320"},{"taxonomy":"post_tag","embeddable":true,"href":"https:\/\/www.interaccionnoticias.com.mx\/index.php?rest_route=%2Fwp%2Fv2%2Ftags&post=89320"}],"curies":[{"name":"wp","href":"https:\/\/api.w.org\/{rel}","templated":true}]}}