{"id":89308,"date":"2025-03-26T17:08:12","date_gmt":"2025-03-26T23:08:12","guid":{"rendered":"https:\/\/www.interaccionnoticias.com.mx\/?p=89308"},"modified":"2025-03-26T17:08:14","modified_gmt":"2025-03-26T23:08:14","slug":"lamentable-que-los-menores-que-cometen-delitos-graves-no-sean-procesados-como-adultos","status":"publish","type":"post","link":"https:\/\/www.interaccionnoticias.com.mx\/?p=89308","title":{"rendered":"Lamentable que los menores que cometen delitos graves no sean procesados como adultos"},"content":{"rendered":"\n<p><strong><em>&#8212; Habla la se\u00f1ora Margarita Ortega, madre de la ni\u00f1a Camila, desaparecida y asesinada el 27 de marzo de 2024<\/em><\/strong><\/p>\n\n\n\n<p><strong>Rogelio Agust\u00edn<\/strong><\/p>\n\n\n\n<p>A un a\u00f1o de la privaci\u00f3n de la libertad y posterior asesinato de la ni\u00f1a Camila, en el municipio de Taxco de Alarc\u00f3n, su mam\u00e1, la se\u00f1ora Margarita Ortega D\u00edaz lament\u00f3 que los menores de edad que cometen delitos graves no sean procesados como adultos.<\/p>\n\n\n\n<p>La tarde del mi\u00e9rcoles 26 de marzo, la se\u00f1ora Ortega D\u00edaz acudi\u00f3 a las instalaciones del Congreso local, en donde se someter\u00eda a votaci\u00f3n la denominada \u201cLey Camila\u201d, enviada el pasado 8 de marzo por la gobernadora Evelyn Salgado Pineda.<\/p>\n\n\n\n<p>La propuesta consiste en agravar las sanciones cometidas en contra de toda aquella persona que prive de la libertad a menores de edad, particularmente si se trata de ni\u00f1as.<\/p>\n\n\n\n<p>Cuestionada sobre la percepci\u00f3n que le deja dicha iniciativa, la se\u00f1ora Margarita reconoci\u00f3 que le genera emociones encontradas, entre otras cosas, porque este jueves 27 de marzo se cumplir\u00e1 un a\u00f1o de la desaparici\u00f3n y asesinato de su peque\u00f1a hija de ocho a\u00f1os.<\/p>\n\n\n\n<p>\u201cEs en honor a Camila, pero en realidad es en honor a todos los ni\u00f1os guerrerenses y esperemos a que ponto sea para todos los ni\u00f1os del pa\u00eds, que nunca m\u00e1s haya un caso como el de la ni\u00f1a Camila\u201d<\/p>\n\n\n\n<p>Hizo votos porque a partir de iniciativas como la que este mi\u00e9rcoles sancion\u00f3 el Congreso, disminuya la violencia en contra de los menores de edad.<\/p>\n\n\n\n<p>\u201cSe han visto muchos casos de violencia que la verdad parte el coraz\u00f3n, ning\u00fan ni\u00f1o merece que le corten las alas, como lo han hecho\u201d, indic\u00f3.<\/p>\n\n\n\n<p>Luego hizo la siguiente consideraci\u00f3n: \u201cA veces las leyes son un poco injustas, particularmente con las personas menores de edad que cometen delitos como adultos, pues ignoran que matando a un ni\u00f1o matan a toda la familia\u201d.<\/p>\n\n\n\n<p>Dijo que en dos meses comenzar\u00e1 el juicio en contra de los adultos que est\u00e1n involucrados en la desaparici\u00f3n y asesinato de Camila, por lo que anot\u00f3, conf\u00eda en que se har\u00e1 justicia.<\/p>\n\n\n\n<p>Dijo que s\u00ed bien la Ley Camila no le devolver\u00e1 a su hija, s\u00ed puede ser un factor importante para disminuir los casos de violencia en contra de ni\u00f1os y ni\u00f1as.<\/p>\n\n\n\n<p>Y lanz\u00f3 un llamado a la poblaci\u00f3n: \u201cCuidemos a nuestros ni\u00f1os, a los que nos rodean consider\u00e9moslos como nuestros, porque hay muchos demonios disfrazados de gente\u201d.<\/p>\n\n\n\n<div class=\"wp-block-jetpack-slideshow aligncenter\" data-effect=\"slide\"><div class=\"wp-block-jetpack-slideshow_container swiper-container\"><ul class=\"wp-block-jetpack-slideshow_swiper-wrapper swiper-wrapper\"><li class=\"wp-block-jetpack-slideshow_slide swiper-slide\"><figure><img decoding=\"async\" src=\"data:image\/gif;base64,R0lGODlhAQABAIAAAAAAAP\/\/\/ywAAAAAAQABAAACAUwAOw==\" fifu-lazy=\"1\" fifu-data-sizes=\"auto\" fifu-data-srcset=\"https:\/\/i1.wp.com\/www.interaccionnoticias.com.mx\/wp-content\/uploads\/2025\/03\/250326-Margarita-Ortega-Diaz-1-1024x683.jpg?ssl=1&w=75&resize=75&ssl=1 75w, https:\/\/i1.wp.com\/www.interaccionnoticias.com.mx\/wp-content\/uploads\/2025\/03\/250326-Margarita-Ortega-Diaz-1-1024x683.jpg?ssl=1&w=100&resize=100&ssl=1 100w, https:\/\/i1.wp.com\/www.interaccionnoticias.com.mx\/wp-content\/uploads\/2025\/03\/250326-Margarita-Ortega-Diaz-1-1024x683.jpg?ssl=1&w=150&resize=150&ssl=1 150w, https:\/\/i1.wp.com\/www.interaccionnoticias.com.mx\/wp-content\/uploads\/2025\/03\/250326-Margarita-Ortega-Diaz-1-1024x683.jpg?ssl=1&w=240&resize=240&ssl=1 240w, https:\/\/i1.wp.com\/www.interaccionnoticias.com.mx\/wp-content\/uploads\/2025\/03\/250326-Margarita-Ortega-Diaz-1-1024x683.jpg?ssl=1&w=320&resize=320&ssl=1 320w, https:\/\/i1.wp.com\/www.interaccionnoticias.com.mx\/wp-content\/uploads\/2025\/03\/250326-Margarita-Ortega-Diaz-1-1024x683.jpg?ssl=1&w=500&resize=500&ssl=1 500w, https:\/\/i1.wp.com\/www.interaccionnoticias.com.mx\/wp-content\/uploads\/2025\/03\/250326-Margarita-Ortega-Diaz-1-1024x683.jpg?ssl=1&w=640&resize=640&ssl=1 640w, https:\/\/i1.wp.com\/www.interaccionnoticias.com.mx\/wp-content\/uploads\/2025\/03\/250326-Margarita-Ortega-Diaz-1-1024x683.jpg?ssl=1&w=800&resize=800&ssl=1 800w, https:\/\/i1.wp.com\/www.interaccionnoticias.com.mx\/wp-content\/uploads\/2025\/03\/250326-Margarita-Ortega-Diaz-1-1024x683.jpg?ssl=1&w=1024&resize=1024&ssl=1 1024w, https:\/\/i1.wp.com\/www.interaccionnoticias.com.mx\/wp-content\/uploads\/2025\/03\/250326-Margarita-Ortega-Diaz-1-1024x683.jpg?ssl=1&w=1280&resize=1280&ssl=1 1280w, https:\/\/i1.wp.com\/www.interaccionnoticias.com.mx\/wp-content\/uploads\/2025\/03\/250326-Margarita-Ortega-Diaz-1-1024x683.jpg?ssl=1&w=1600&resize=1600&ssl=1 1600w\" alt=\"\" class=\"wp-block-jetpack-slideshow_image wp-image-89309\" data-id=\"89309\" fifu-data-src=\"https:\/\/i1.wp.com\/www.interaccionnoticias.com.mx\/wp-content\/uploads\/2025\/03\/250326-Margarita-Ortega-Diaz-1-1024x683.jpg?ssl=1\"\/><\/figure><\/li><li class=\"wp-block-jetpack-slideshow_slide swiper-slide\"><figure><img decoding=\"async\" src=\"data:image\/gif;base64,R0lGODlhAQABAIAAAAAAAP\/\/\/ywAAAAAAQABAAACAUwAOw==\" fifu-lazy=\"1\" fifu-data-sizes=\"auto\" fifu-data-srcset=\"https:\/\/i2.wp.com\/www.interaccionnoticias.com.mx\/wp-content\/uploads\/2025\/03\/250326-Margarita-Ortega-Diaz-2-1024x683.jpg?ssl=1&w=75&resize=75&ssl=1 75w, https:\/\/i2.wp.com\/www.interaccionnoticias.com.mx\/wp-content\/uploads\/2025\/03\/250326-Margarita-Ortega-Diaz-2-1024x683.jpg?ssl=1&w=100&resize=100&ssl=1 100w, https:\/\/i2.wp.com\/www.interaccionnoticias.com.mx\/wp-content\/uploads\/2025\/03\/250326-Margarita-Ortega-Diaz-2-1024x683.jpg?ssl=1&w=150&resize=150&ssl=1 150w, https:\/\/i2.wp.com\/www.interaccionnoticias.com.mx\/wp-content\/uploads\/2025\/03\/250326-Margarita-Ortega-Diaz-2-1024x683.jpg?ssl=1&w=240&resize=240&ssl=1 240w, https:\/\/i2.wp.com\/www.interaccionnoticias.com.mx\/wp-content\/uploads\/2025\/03\/250326-Margarita-Ortega-Diaz-2-1024x683.jpg?ssl=1&w=320&resize=320&ssl=1 320w, https:\/\/i2.wp.com\/www.interaccionnoticias.com.mx\/wp-content\/uploads\/2025\/03\/250326-Margarita-Ortega-Diaz-2-1024x683.jpg?ssl=1&w=500&resize=500&ssl=1 500w, https:\/\/i2.wp.com\/www.interaccionnoticias.com.mx\/wp-content\/uploads\/2025\/03\/250326-Margarita-Ortega-Diaz-2-1024x683.jpg?ssl=1&w=640&resize=640&ssl=1 640w, https:\/\/i2.wp.com\/www.interaccionnoticias.com.mx\/wp-content\/uploads\/2025\/03\/250326-Margarita-Ortega-Diaz-2-1024x683.jpg?ssl=1&w=800&resize=800&ssl=1 800w, https:\/\/i2.wp.com\/www.interaccionnoticias.com.mx\/wp-content\/uploads\/2025\/03\/250326-Margarita-Ortega-Diaz-2-1024x683.jpg?ssl=1&w=1024&resize=1024&ssl=1 1024w, https:\/\/i2.wp.com\/www.interaccionnoticias.com.mx\/wp-content\/uploads\/2025\/03\/250326-Margarita-Ortega-Diaz-2-1024x683.jpg?ssl=1&w=1280&resize=1280&ssl=1 1280w, https:\/\/i2.wp.com\/www.interaccionnoticias.com.mx\/wp-content\/uploads\/2025\/03\/250326-Margarita-Ortega-Diaz-2-1024x683.jpg?ssl=1&w=1600&resize=1600&ssl=1 1600w\" alt=\"\" class=\"wp-block-jetpack-slideshow_image wp-image-89310\" data-id=\"89310\" fifu-data-src=\"https:\/\/i2.wp.com\/www.interaccionnoticias.com.mx\/wp-content\/uploads\/2025\/03\/250326-Margarita-Ortega-Diaz-2-1024x683.jpg?ssl=1\"\/><\/figure><\/li><\/ul><a class=\"wp-block-jetpack-slideshow_button-prev swiper-button-prev swiper-button-white\" role=\"button\"><\/a><a class=\"wp-block-jetpack-slideshow_button-next swiper-button-next swiper-button-white\" role=\"button\"><\/a><a aria-label=\"Pause Slideshow\" class=\"wp-block-jetpack-slideshow_button-pause\" role=\"button\"><\/a><div class=\"wp-block-jetpack-slideshow_pagination swiper-pagination swiper-pagination-white\"><\/div><\/div><\/div>\n","protected":false},"excerpt":{"rendered":"<p>&#8212; Habla la se\u00f1ora Margarita Ortega, madre de la ni\u00f1a Camila, desaparecida y asesinada el 27 de marzo de 2024 Rogelio Agust\u00edn A un a\u00f1o de la privaci\u00f3n de la&hellip; <\/p>\n","protected":false},"author":21,"featured_media":89310,"comment_status":"open","ping_status":"open","sticky":false,"template":"","format":"standard","meta":{"fifu_image_url":"","fifu_image_alt":"","footnotes":""},"categories":[11],"tags":[],"class_list":["post-89308","post","type-post","status-publish","format-standard","has-post-thumbnail","hentry","category-guerrero"],"_links":{"self":[{"href":"https:\/\/www.interaccionnoticias.com.mx\/index.php?rest_route=\/wp\/v2\/posts\/89308","targetHints":{"allow":["GET"]}}],"collection":[{"href":"https:\/\/www.interaccionnoticias.com.mx\/index.php?rest_route=\/wp\/v2\/posts"}],"about":[{"href":"https:\/\/www.interaccionnoticias.com.mx\/index.php?rest_route=\/wp\/v2\/types\/post"}],"author":[{"embeddable":true,"href":"https:\/\/www.interaccionnoticias.com.mx\/index.php?rest_route=\/wp\/v2\/users\/21"}],"replies":[{"embeddable":true,"href":"https:\/\/www.interaccionnoticias.com.mx\/index.php?rest_route=%2Fwp%2Fv2%2Fcomments&post=89308"}],"version-history":[{"count":1,"href":"https:\/\/www.interaccionnoticias.com.mx\/index.php?rest_route=\/wp\/v2\/posts\/89308\/revisions"}],"predecessor-version":[{"id":89311,"href":"https:\/\/www.interaccionnoticias.com.mx\/index.php?rest_route=\/wp\/v2\/posts\/89308\/revisions\/89311"}],"wp:featuredmedia":[{"embeddable":true,"href":"https:\/\/www.interaccionnoticias.com.mx\/index.php?rest_route=\/wp\/v2\/media\/89310"}],"wp:attachment":[{"href":"https:\/\/www.interaccionnoticias.com.mx\/index.php?rest_route=%2Fwp%2Fv2%2Fmedia&parent=89308"}],"wp:term":[{"taxonomy":"category","embeddable":true,"href":"https:\/\/www.interaccionnoticias.com.mx\/index.php?rest_route=%2Fwp%2Fv2%2Fcategories&post=89308"},{"taxonomy":"post_tag","embeddable":true,"href":"https:\/\/www.interaccionnoticias.com.mx\/index.php?rest_route=%2Fwp%2Fv2%2Ftags&post=89308"}],"curies":[{"name":"wp","href":"https:\/\/api.w.org\/{rel}","templated":true}]}}