{"id":89302,"date":"2025-03-26T16:06:36","date_gmt":"2025-03-26T22:06:36","guid":{"rendered":"https:\/\/www.interaccionnoticias.com.mx\/?p=89302"},"modified":"2025-03-26T16:06:38","modified_gmt":"2025-03-26T22:06:38","slug":"con-una-participacion-del-15-por-ciento-iepc","status":"publish","type":"post","link":"https:\/\/www.interaccionnoticias.com.mx\/?p=89302","title":{"rendered":"Con una participaci\u00f3n del 15 por ciento: IEPC"},"content":{"rendered":"\n<p><strong><em>&#8212; Las elecciones judiciales en Guerrero ser\u00e1n complejas<br>&#8212; M\u00e1s de 58 mil personas ser\u00e1n funcionarios de casillas<\/em><\/strong><\/p>\n\n\n\n<p><strong>Javier Trujillo<\/strong><\/p>\n\n\n\n<p><strong>Acapulco, Gro.<\/strong>&#8211; La consejera presidenta del Instituto Electoral y de Participaci\u00f3n Ciudadana (IEPC) en Guerrero, Luz Fabiola Matildes Gama, estim\u00f3 una participaci\u00f3n en las elecciones judiciales de apenas el 15 por ciento.<\/p>\n\n\n\n<p>El bajo porcentaje de participaci\u00f3n lo atribuye a la complejidad de las elecciones y las nuevas medidas que se tomar\u00e1n para que los ciudadanos puedan participar para emitir su voto.<\/p>\n\n\n\n<p>La titular del IEPC, Matildes Gama, dijo que es particularmente la regi\u00f3n de la Monta\u00f1a en donde el instituto espera una menor participaci\u00f3n de la ciudadan\u00eda en los comicios judiciales del 2025.<\/p>\n\n\n\n<p>Al t\u00e9rmino de la reuni\u00f3n sostenida con integrantes del Grupo Asociaci\u00f3n Civil de Acapulco (ACA), la presidenta del IEPC, remarc\u00f3 que las elecciones judiciales en la entidad, constituyen un reto hist\u00f3rico al tratarse de un proceso que nunca antes se hab\u00eda realizado.<\/p>\n\n\n\n<p>Tambi\u00e9n reconoci\u00f3 que el proceso para llevar a cabo las elecciones ha sido complicado debido a que en la recepci\u00f3n de las boletas \u201cten\u00edan errores\u201d en sus dise\u00f1os por lo que tuvieron que ser corregidas.<\/p>\n\n\n\n<p>Detall\u00f3 que en total ser\u00e1n dos mil 910 casillas las que ser\u00e1n instaladas en las ocho regiones del estado.<\/p>\n\n\n\n<p>Adem\u00e1s de 15 casillas especiales, y cada una de las boletas contar\u00e1 con al menos tres medidas de seguridad para evitar cualquier anomal\u00eda.<\/p>\n\n\n\n<p>Explic\u00f3 que para llevar a cabo los comicios participar\u00e1n 58 mil personas como funcionarios de casillas y han empezado con las capacitaciones para llevar a cabo las elecciones.<\/p>\n\n\n\n<p>Se estima que el tiempo para votar por cada guerrerense ser\u00e1 aproximadamente de diez minutos debido a la gran cantidad de candidatos, para ello se tendr\u00e1n actividades donde el INE y el IEPC dar\u00e1n a conocer la forma correcta para votar.<\/p>\n\n\n\n<p>Ser\u00e1 el primero de junio que se tendr\u00e1n las elecciones judiciales a nivel federal y a partir del 31 de marzo, habr\u00e1n de empezar las campa\u00f1as las cuales tendr\u00e1n un tiempo de 60 d\u00edas.<\/p>\n\n\n\n<p>Finalmente, coment\u00f3 que el 2026 a partir del 7 de septiembre, inicia el proceso electoral en la entidad, para la gubernatura, diputaciones locales y ayuntamientos, aunado al proceso judicial para escoger a magistrados del Tribunal Superior de Justicia y jueces.<\/p>\n","protected":false},"excerpt":{"rendered":"<p>&#8212; Las elecciones judiciales en Guerrero ser\u00e1n complejas&#8212; M\u00e1s de 58 mil personas ser\u00e1n funcionarios de casillas Javier Trujillo Acapulco, Gro.&#8211; La consejera presidenta del Instituto Electoral y de Participaci\u00f3n&hellip; <\/p>\n","protected":false},"author":3,"featured_media":89303,"comment_status":"open","ping_status":"open","sticky":false,"template":"","format":"standard","meta":{"fifu_image_url":"","fifu_image_alt":"","footnotes":""},"categories":[17],"tags":[],"class_list":["post-89302","post","type-post","status-publish","format-standard","has-post-thumbnail","hentry","category-organos-electorales"],"_links":{"self":[{"href":"https:\/\/www.interaccionnoticias.com.mx\/index.php?rest_route=\/wp\/v2\/posts\/89302","targetHints":{"allow":["GET"]}}],"collection":[{"href":"https:\/\/www.interaccionnoticias.com.mx\/index.php?rest_route=\/wp\/v2\/posts"}],"about":[{"href":"https:\/\/www.interaccionnoticias.com.mx\/index.php?rest_route=\/wp\/v2\/types\/post"}],"author":[{"embeddable":true,"href":"https:\/\/www.interaccionnoticias.com.mx\/index.php?rest_route=\/wp\/v2\/users\/3"}],"replies":[{"embeddable":true,"href":"https:\/\/www.interaccionnoticias.com.mx\/index.php?rest_route=%2Fwp%2Fv2%2Fcomments&post=89302"}],"version-history":[{"count":1,"href":"https:\/\/www.interaccionnoticias.com.mx\/index.php?rest_route=\/wp\/v2\/posts\/89302\/revisions"}],"predecessor-version":[{"id":89304,"href":"https:\/\/www.interaccionnoticias.com.mx\/index.php?rest_route=\/wp\/v2\/posts\/89302\/revisions\/89304"}],"wp:featuredmedia":[{"embeddable":true,"href":"https:\/\/www.interaccionnoticias.com.mx\/index.php?rest_route=\/wp\/v2\/media\/89303"}],"wp:attachment":[{"href":"https:\/\/www.interaccionnoticias.com.mx\/index.php?rest_route=%2Fwp%2Fv2%2Fmedia&parent=89302"}],"wp:term":[{"taxonomy":"category","embeddable":true,"href":"https:\/\/www.interaccionnoticias.com.mx\/index.php?rest_route=%2Fwp%2Fv2%2Fcategories&post=89302"},{"taxonomy":"post_tag","embeddable":true,"href":"https:\/\/www.interaccionnoticias.com.mx\/index.php?rest_route=%2Fwp%2Fv2%2Ftags&post=89302"}],"curies":[{"name":"wp","href":"https:\/\/api.w.org\/{rel}","templated":true}]}}