{"id":89266,"date":"2025-03-25T16:54:39","date_gmt":"2025-03-25T22:54:39","guid":{"rendered":"https:\/\/www.interaccionnoticias.com.mx\/?p=89266"},"modified":"2025-03-25T16:54:40","modified_gmt":"2025-03-25T22:54:40","slug":"se-cumplen-10-anos-de-la-desaparicion-de-jose-rafael-reyna-mendoza","status":"publish","type":"post","link":"https:\/\/www.interaccionnoticias.com.mx\/?p=89266","title":{"rendered":"Se cumplen 10 a\u00f1os de la desaparici\u00f3n de Jos\u00e9 Rafael Reyna Mendoza"},"content":{"rendered":"\n<p><strong><em>&#8212; Olga Lidia Mendoza madre de Jos\u00e9 Rafael reproch\u00f3 a las autoridades negarle b\u00fasquedas en Chichihualco donde tiene indicios podr\u00eda estar<\/em><\/strong><\/p>\n\n\n\n<p><strong>Yasm\u00edn Garc\u00eda<\/strong><\/p>\n\n\n\n<p>\u00abTengo esperanza, mientras no lo encuentre como Dios me lo d\u00e9 para m\u00ed, mi hijo est\u00e1 vivo\u00bb, dijo Olga Lidia Mendoza Ch\u00e1vez madre de Jos\u00e9 Rafael Reyna Mendoza privado de su libertad por hombres desconocidos el 25 de marzo del 2015 en la colonia San Rafael Norte en Chilpancingo.<\/p>\n\n\n\n<p>Este martes se cumplieron 10 a\u00f1os de la desaparici\u00f3n forzada de Jos\u00e9 Rafael Reyna quien era chofer de una urvan de la ruta San Rafael Norte- Mercado, desde esa \u00e9poca no se sabe de su paradero.<\/p>\n\n\n\n<p>Por la desaparici\u00f3n de Jos\u00e9 hay tres detenidos, pero a ninguno se le ha dictado sentencia y tampoco ha revelado d\u00f3nde est\u00e1.<\/p>\n\n\n\n<p>\u00abHay tres detenidos no han dicho nada, no han podido dar declaraciones, no tienen sentencia no hay nada con esos muchachos, dos de ellos fueron detenidos el mismo d\u00eda, uno llevaba un carro y otro se llevaba la urvan, mientras que el tercero fue detenido dos meses despu\u00e9s\u00bb, narr\u00f3 Olga Lidia.<\/p>\n\n\n\n<p>La informaci\u00f3n que ha recabado la madre buscadora es que su hijo fue llevado probablemente a Chichihualco pero las autoridades le han negado b\u00fasquedas en esa zona ya que \u00abesta peligroso\u00bb.<\/p>\n\n\n\n<p>\u00abLo \u00fanico es que un detenido me dijo que se lo hab\u00eda pedido un tal \u00abBarby\u00bb de Chichihualco pero la verdad no se, he querido una b\u00fasqueda para las comunidades de Chichihualco pero las autoridades dicen que esta peligroso que no pueden meterse para all\u00e1\u00bb.<\/p>\n\n\n\n<p>Recrimin\u00f3 que la Fiscal\u00eda General del Estado (FGE) ni la Comisi\u00f3n Estatal de B\u00fasqueda de Personas (CEBP) realizan b\u00fasquedas en campo.<\/p>\n\n\n\n<p>Las madres buscadoras de la Colectiva Memoria, Verdad y Justicia Acapulco colocaron fotograf\u00edas de personas desaparecidas en un \u00e1rbol del parque Margarita Maza de Ju\u00e1rez para visibilizar a sus seres queridos y recordarle a las autoridades que en Guerrero son m\u00e1s de cuatro mil personas desaparecidas.<\/p>\n","protected":false},"excerpt":{"rendered":"<p>&#8212; Olga Lidia Mendoza madre de Jos\u00e9 Rafael reproch\u00f3 a las autoridades negarle b\u00fasquedas en Chichihualco donde tiene indicios podr\u00eda estar Yasm\u00edn Garc\u00eda \u00abTengo esperanza, mientras no lo encuentre como&hellip; <\/p>\n","protected":false},"author":32,"featured_media":89267,"comment_status":"open","ping_status":"open","sticky":false,"template":"","format":"standard","meta":{"fifu_image_url":"","fifu_image_alt":"","footnotes":""},"categories":[247],"tags":[],"class_list":["post-89266","post","type-post","status-publish","format-standard","has-post-thumbnail","hentry","category-lo-has-visto"],"_links":{"self":[{"href":"https:\/\/www.interaccionnoticias.com.mx\/index.php?rest_route=\/wp\/v2\/posts\/89266","targetHints":{"allow":["GET"]}}],"collection":[{"href":"https:\/\/www.interaccionnoticias.com.mx\/index.php?rest_route=\/wp\/v2\/posts"}],"about":[{"href":"https:\/\/www.interaccionnoticias.com.mx\/index.php?rest_route=\/wp\/v2\/types\/post"}],"author":[{"embeddable":true,"href":"https:\/\/www.interaccionnoticias.com.mx\/index.php?rest_route=\/wp\/v2\/users\/32"}],"replies":[{"embeddable":true,"href":"https:\/\/www.interaccionnoticias.com.mx\/index.php?rest_route=%2Fwp%2Fv2%2Fcomments&post=89266"}],"version-history":[{"count":1,"href":"https:\/\/www.interaccionnoticias.com.mx\/index.php?rest_route=\/wp\/v2\/posts\/89266\/revisions"}],"predecessor-version":[{"id":89268,"href":"https:\/\/www.interaccionnoticias.com.mx\/index.php?rest_route=\/wp\/v2\/posts\/89266\/revisions\/89268"}],"wp:featuredmedia":[{"embeddable":true,"href":"https:\/\/www.interaccionnoticias.com.mx\/index.php?rest_route=\/wp\/v2\/media\/89267"}],"wp:attachment":[{"href":"https:\/\/www.interaccionnoticias.com.mx\/index.php?rest_route=%2Fwp%2Fv2%2Fmedia&parent=89266"}],"wp:term":[{"taxonomy":"category","embeddable":true,"href":"https:\/\/www.interaccionnoticias.com.mx\/index.php?rest_route=%2Fwp%2Fv2%2Fcategories&post=89266"},{"taxonomy":"post_tag","embeddable":true,"href":"https:\/\/www.interaccionnoticias.com.mx\/index.php?rest_route=%2Fwp%2Fv2%2Ftags&post=89266"}],"curies":[{"name":"wp","href":"https:\/\/api.w.org\/{rel}","templated":true}]}}