{"id":89262,"date":"2025-03-25T16:50:07","date_gmt":"2025-03-25T22:50:07","guid":{"rendered":"https:\/\/www.interaccionnoticias.com.mx\/?p=89262"},"modified":"2025-03-25T16:50:09","modified_gmt":"2025-03-25T22:50:09","slug":"fge-guerrero-ya-solicito-informacion-a-la-uagro-sobre-presunto-traslado-de-jornaleros-a-ranchos-de-jalisco","status":"publish","type":"post","link":"https:\/\/www.interaccionnoticias.com.mx\/?p=89262","title":{"rendered":"FGE-Guerrero ya solicit\u00f3 informaci\u00f3n a la UAGro sobre presunto traslado de jornaleros a ranchos de Jalisco"},"content":{"rendered":"\n<p><strong><em>&#8212; Se le facilit\u00f3 informaci\u00f3n documental, pero hasta el momento ning\u00fan funcionario ha sido llamado a declarar<br>&#8212; El director de Cooperaci\u00f3n Internacional, Jos\u00e9 Betancourt Villa sostiene que \u00abfalsas declaraciones han desprestigiado a la m\u00e1xima casa de estudios\u201d<br>&#8212; Nada que ver con el reclutamiento forzado en Rancho Izaguirre, sostiene funcionario<\/em><\/strong><\/p>\n\n\n\n<p><strong>Yasm\u00edn Garc\u00eda<\/strong><\/p>\n\n\n\n<p>La Universidad Aut\u00f3noma de Guerrero (UAGro) entreg\u00f3 a la Fiscal\u00eda General del Estado (FGE) informaci\u00f3n relacionada con el proyecto impulsado con a empresa Big Force, que deriv\u00f3 en el traslado de jornaleros migrantes a ranchos del estado de Jalisco, pero hasta el momento ning\u00fan funcionario ha sido citado a declarar.<\/p>\n\n\n\n<p>El director de Cooperaci\u00f3n Internacional de la UAGro, Jos\u00e9 Betancourt Villa, sostuvo que en torno al tema, hay falsas declaraciones que han desprestigiado a la m\u00e1xima casa de estudios, pero adem\u00e1s, indic\u00f3 que se ha truncado el sue\u00f1o de personas que buscan un trabajo digno y con prestaciones de ley.<\/p>\n\n\n\n<p>El funcionario universitario, explic\u00f3 que su participaci\u00f3n con la empresa Big Force Academy solo fue vinculante en el a\u00f1o 2023, bajo el programa de vinculaci\u00f3n y promoci\u00f3n en Guerrero, convocado por el consulado de M\u00e9xico en Orlando Florida.<\/p>\n\n\n\n<p>Betancourt Villa advirti\u00f3 que la de ayer ser\u00eda la \u00fanica ocasi\u00f3n en que abordar\u00eda el tema, ya que lo har\u00eda solo en caso de que las investigaciones de las autoridades as\u00ed lo ameriten.<\/p>\n\n\n\n<p>Aclar\u00f3 que la UAGro no cuenta con convenios vigentes ni pasados para gestionar visas.<\/p>\n\n\n\n<p>Y destac\u00f3: \u00abNuestra funci\u00f3n no es enviar trabajadores agr\u00edcolas ni intermediar con empresas privadas para fines de contrataci\u00f3n jornalera agr\u00edcola, nuestra participaci\u00f3n como instituci\u00f3n en las jornadas de reclutamiento celebradas en los Ayuntamientos, consisti\u00f3 en presenciar la pl\u00e1tica orientadora para los interesados, donde los municipios en coordinaci\u00f3n con la empresa recabaron la documentaci\u00f3n requerida, as\u00ed como la elaboraci\u00f3n de sus registros para la incorporaci\u00f3n al programa\u00bb, explic\u00f3.<\/p>\n\n\n\n<p>El abogado general de la Uagro, Jos\u00e9 Guillerno Giron Catal\u00e1n inform\u00f3 que la Fiscal\u00eda General del Estado (FGE) ya solicit\u00f3 informaci\u00f3n a la Uagro, a lo que se dio puntual respuesta.<\/p>\n\n\n\n<p>Sin embargo, aclar\u00f3 ning\u00fan miembro de la Universidad ha sido llamado a declarar, como ocurri\u00f3 con el ex director de Atenci\u00f3n a Migrantes del Ayuntamiento de Chilpancingo, Julio C\u00e9sar Sandoval en la administraci\u00f3n de la ex alcaldesa Norma Otilia Hern\u00e1ndez Mart\u00ednez.<\/p>\n\n\n\n<p>\u00abHasta el momento no, pero si es requerido acudir\u00e1\u00bb, puntualizo el abogado de la UAGro.<\/p>\n\n\n\n<p>Sobre el paradero de los jornaleros enviados a Jalisco y Guanajuato en 2023, dijo que el seguimiento le compete al Ayuntamiento y las empresas, ya que la UAGro no recluta, solo vincula.<\/p>\n\n\n\n<p>Los funcionarios de la m\u00e1xima casa de estudios llamaron a los medios de comunicaci\u00f3n para que act\u00faen con responsabilidad y no caer en la l\u00f3gica del alineamiento emitido y de la especulaci\u00f3n.<\/p>\n","protected":false},"excerpt":{"rendered":"<p>&#8212; Se le facilit\u00f3 informaci\u00f3n documental, pero hasta el momento ning\u00fan funcionario ha sido llamado a declarar&#8212; El director de Cooperaci\u00f3n Internacional, Jos\u00e9 Betancourt Villa sostiene que \u00abfalsas declaraciones han&hellip; <\/p>\n","protected":false},"author":32,"featured_media":89263,"comment_status":"open","ping_status":"open","sticky":false,"template":"","format":"standard","meta":{"fifu_image_url":"","fifu_image_alt":"","footnotes":""},"categories":[11],"tags":[],"class_list":["post-89262","post","type-post","status-publish","format-standard","has-post-thumbnail","hentry","category-guerrero"],"_links":{"self":[{"href":"https:\/\/www.interaccionnoticias.com.mx\/index.php?rest_route=\/wp\/v2\/posts\/89262","targetHints":{"allow":["GET"]}}],"collection":[{"href":"https:\/\/www.interaccionnoticias.com.mx\/index.php?rest_route=\/wp\/v2\/posts"}],"about":[{"href":"https:\/\/www.interaccionnoticias.com.mx\/index.php?rest_route=\/wp\/v2\/types\/post"}],"author":[{"embeddable":true,"href":"https:\/\/www.interaccionnoticias.com.mx\/index.php?rest_route=\/wp\/v2\/users\/32"}],"replies":[{"embeddable":true,"href":"https:\/\/www.interaccionnoticias.com.mx\/index.php?rest_route=%2Fwp%2Fv2%2Fcomments&post=89262"}],"version-history":[{"count":1,"href":"https:\/\/www.interaccionnoticias.com.mx\/index.php?rest_route=\/wp\/v2\/posts\/89262\/revisions"}],"predecessor-version":[{"id":89264,"href":"https:\/\/www.interaccionnoticias.com.mx\/index.php?rest_route=\/wp\/v2\/posts\/89262\/revisions\/89264"}],"wp:featuredmedia":[{"embeddable":true,"href":"https:\/\/www.interaccionnoticias.com.mx\/index.php?rest_route=\/wp\/v2\/media\/89263"}],"wp:attachment":[{"href":"https:\/\/www.interaccionnoticias.com.mx\/index.php?rest_route=%2Fwp%2Fv2%2Fmedia&parent=89262"}],"wp:term":[{"taxonomy":"category","embeddable":true,"href":"https:\/\/www.interaccionnoticias.com.mx\/index.php?rest_route=%2Fwp%2Fv2%2Fcategories&post=89262"},{"taxonomy":"post_tag","embeddable":true,"href":"https:\/\/www.interaccionnoticias.com.mx\/index.php?rest_route=%2Fwp%2Fv2%2Ftags&post=89262"}],"curies":[{"name":"wp","href":"https:\/\/api.w.org\/{rel}","templated":true}]}}