{"id":89250,"date":"2025-03-25T16:37:54","date_gmt":"2025-03-25T22:37:54","guid":{"rendered":"https:\/\/www.interaccionnoticias.com.mx\/?p=89250"},"modified":"2025-03-25T16:37:56","modified_gmt":"2025-03-25T22:37:56","slug":"en-guerrero-no-se-cultiva-el-maiz-transgenico","status":"publish","type":"post","link":"https:\/\/www.interaccionnoticias.com.mx\/?p=89250","title":{"rendered":"En Guerrero no se cultiva el ma\u00edz transg\u00e9nico"},"content":{"rendered":"\n<p><strong><em>&#8212; El secretario de Agricultura, Ganader\u00eda y Desarrollo Rural de Guerrero (Sagadegro), Alejandro Cepeda llam\u00f3 a defender el grano nativo<br>&#8212; Se avanza en un 70 por ciento en la distribuci\u00f3n de fertilizante<\/em><\/strong><\/p>\n\n\n\n<p><strong>Rosario Garc\u00eda Orozco<\/strong><\/p>\n\n\n\n<p>El secretario de Agricultura, Ganader\u00eda y Desarrollo Rural de Guerrero (Sagadegro), Alejandro Cepeda Castorena asegur\u00f3 que en los campos agr\u00edcolas del estado no se cultiva el ma\u00edz transg\u00e9nico, y llam\u00f3 a defender el grano guerrerense, que representa, no solo un alimento, sino un legado cultural.<\/p>\n\n\n\n<p>El funcionario estatal agreg\u00f3 que Guerrero registra una producci\u00f3n anual de mil 500 toneladas de ma\u00edz, con lo que genera un \u00absuper\u00e1vit\u00bb, cantidad suficiente para el cunsumo interno, que es de 700 mil toneladas.<\/p>\n\n\n\n<p>Record\u00f3 que el estado ha asumido la defensa del ma\u00edz nativo, como un patrimonio cultural y herencia generacional, y que la inclusi\u00f3n del programa para la mejora del grano no representa una modificaci\u00f3n que ponga en riesgo la salud de los guerrerenses.<\/p>\n\n\n\n<p>\u00abNos sumanos a la estrategia de nuestra presidenta de la Rep\u00fablica, en el sentido de prohibir el maiz transg\u00e9nico en M\u00e9xico; Guerrero dice s\u00ed a los maices criollos y la autosuficiencia alimentaria, los invito a todos a sumarse a esta causa a consumir lo local\u00bb, coment\u00f3 Alejandro Cepeda.<\/p>\n\n\n\n<p>Dijo que es importante defender el trabajo de \u00abnuestros productores y que con cada tortilla que llevamos a la mesa, reflejamos la historia de nuestra maiz, porque en Guerrero, sembrar ma\u00edz es sembrar identidad\u00bb.<\/p>\n\n\n\n<p>El funcionario estatal explic\u00f3 que el estado se ubica dentro de la media de maices nativos, con 30 variedades, de un total de 64 que hay en el pa\u00eds.<\/p>\n\n\n\n<p>Por otro lado, inform\u00f3 que se ha logrado la distribuci\u00f3n del 70 por ciento de fertilizante, para garantizar la mejor\u00eda en la producci\u00f3n de maiz, para el siguiente ciclo agr\u00edcola.<\/p>\n\n\n\n<p>El programa lo opera en Guerrero el gobierno federal, y beneficiar\u00e1 este 2025 a m\u00e1s de 300 mil peque\u00f1os productores de ma\u00edz. \u00abTodos quienes acrediten su condici\u00f3n de peque\u00f1os productores, reciben ese beneficio\u00bb.<\/p>\n","protected":false},"excerpt":{"rendered":"<p>&#8212; El secretario de Agricultura, Ganader\u00eda y Desarrollo Rural de Guerrero (Sagadegro), Alejandro Cepeda llam\u00f3 a defender el grano nativo&#8212; Se avanza en un 70 por ciento en la distribuci\u00f3n&hellip; <\/p>\n","protected":false},"author":14,"featured_media":89251,"comment_status":"open","ping_status":"open","sticky":false,"template":"","format":"standard","meta":{"fifu_image_url":"","fifu_image_alt":"","footnotes":""},"categories":[11],"tags":[],"class_list":["post-89250","post","type-post","status-publish","format-standard","has-post-thumbnail","hentry","category-guerrero"],"_links":{"self":[{"href":"https:\/\/www.interaccionnoticias.com.mx\/index.php?rest_route=\/wp\/v2\/posts\/89250","targetHints":{"allow":["GET"]}}],"collection":[{"href":"https:\/\/www.interaccionnoticias.com.mx\/index.php?rest_route=\/wp\/v2\/posts"}],"about":[{"href":"https:\/\/www.interaccionnoticias.com.mx\/index.php?rest_route=\/wp\/v2\/types\/post"}],"author":[{"embeddable":true,"href":"https:\/\/www.interaccionnoticias.com.mx\/index.php?rest_route=\/wp\/v2\/users\/14"}],"replies":[{"embeddable":true,"href":"https:\/\/www.interaccionnoticias.com.mx\/index.php?rest_route=%2Fwp%2Fv2%2Fcomments&post=89250"}],"version-history":[{"count":1,"href":"https:\/\/www.interaccionnoticias.com.mx\/index.php?rest_route=\/wp\/v2\/posts\/89250\/revisions"}],"predecessor-version":[{"id":89252,"href":"https:\/\/www.interaccionnoticias.com.mx\/index.php?rest_route=\/wp\/v2\/posts\/89250\/revisions\/89252"}],"wp:featuredmedia":[{"embeddable":true,"href":"https:\/\/www.interaccionnoticias.com.mx\/index.php?rest_route=\/wp\/v2\/media\/89251"}],"wp:attachment":[{"href":"https:\/\/www.interaccionnoticias.com.mx\/index.php?rest_route=%2Fwp%2Fv2%2Fmedia&parent=89250"}],"wp:term":[{"taxonomy":"category","embeddable":true,"href":"https:\/\/www.interaccionnoticias.com.mx\/index.php?rest_route=%2Fwp%2Fv2%2Fcategories&post=89250"},{"taxonomy":"post_tag","embeddable":true,"href":"https:\/\/www.interaccionnoticias.com.mx\/index.php?rest_route=%2Fwp%2Fv2%2Ftags&post=89250"}],"curies":[{"name":"wp","href":"https:\/\/api.w.org\/{rel}","templated":true}]}}