{"id":89247,"date":"2025-03-25T16:32:59","date_gmt":"2025-03-25T22:32:59","guid":{"rendered":"https:\/\/www.interaccionnoticias.com.mx\/?p=89247"},"modified":"2025-03-25T16:33:01","modified_gmt":"2025-03-25T22:33:01","slug":"no-esta-consensuado-el-aumento-del-precio-del-pasaje-lopez-vega","status":"publish","type":"post","link":"https:\/\/www.interaccionnoticias.com.mx\/?p=89247","title":{"rendered":"No est\u00e1 consensuado el aumento del precio del pasaje: L\u00f3pez Vega"},"content":{"rendered":"\n<p><em><strong>&#8212; Lo anterior, a pesar de que en el puerto de Acapulco ya se aplica un aumento<\/strong><\/em><\/p>\n\n\n\n<p><strong>Rosario Garc\u00eda Orozco<\/strong><\/p>\n\n\n\n<p>La encargada de despacho de la Secretar\u00eda General de Gobierno, Anacleta L\u00f3pez Vega asegur\u00f3 que hasta este momento \u00abno hemos consensuado ning\u00fan aumento en el precio\u00bb del pasaje al transporte p\u00fablico en ninguna parte del estado.<\/p>\n\n\n\n<p>Lo anterior, a pesar de que en el puerto de Acapulco, si aplicaron un aumento al pasaje, por lo que la funcionaria estatal coment\u00f3 que ya se ha reunido con los transportistas para atender su pliego de peticiones.<\/p>\n\n\n\n<p>Insisti\u00f3 en que hasta el momento no se ha consensuado sobre ning\u00fan aumento en el precio del pasaje p\u00fablico, \u00absin embargo, s\u00ed estamos atendiendo a cada una de las peticiones de las organizaciones de transportistas\u00bb.<\/p>\n\n\n\n<p>La funcionaria estatal evadi\u00f3 comentar si el estado aplica alguna sanci\u00f3n contra los transportistas que hayan aumentado el costo del pasaje, sin previa autorizaci\u00f3n por la Comisi\u00f3n T\u00e9cnica de Transporte del estado.<\/p>\n\n\n\n<p>\u00abEstamos llevando a cabo las reuniones, para revisar sus peticiones y que se vayan resolviendo\u00bb, dijo.<\/p>\n\n\n\n<p>L\u00f3pez Vega, tampoco precis\u00f3 si en el avance de las reuniones con los transportistas, se ha establecido la posibilidad de fijar alg\u00fan incremento en el precio del pasaje p\u00fablico, para alguna de las rutas del estado, y se concret\u00f3 a mencionar que de momento no hay ning\u00fan incremento autorizado.<\/p>\n","protected":false},"excerpt":{"rendered":"<p>&#8212; Lo anterior, a pesar de que en el puerto de Acapulco ya se aplica un aumento Rosario Garc\u00eda Orozco La encargada de despacho de la Secretar\u00eda General de Gobierno,&hellip; <\/p>\n","protected":false},"author":14,"featured_media":89248,"comment_status":"open","ping_status":"open","sticky":false,"template":"","format":"standard","meta":{"fifu_image_url":"","fifu_image_alt":"","footnotes":""},"categories":[11],"tags":[],"class_list":["post-89247","post","type-post","status-publish","format-standard","has-post-thumbnail","hentry","category-guerrero"],"_links":{"self":[{"href":"https:\/\/www.interaccionnoticias.com.mx\/index.php?rest_route=\/wp\/v2\/posts\/89247","targetHints":{"allow":["GET"]}}],"collection":[{"href":"https:\/\/www.interaccionnoticias.com.mx\/index.php?rest_route=\/wp\/v2\/posts"}],"about":[{"href":"https:\/\/www.interaccionnoticias.com.mx\/index.php?rest_route=\/wp\/v2\/types\/post"}],"author":[{"embeddable":true,"href":"https:\/\/www.interaccionnoticias.com.mx\/index.php?rest_route=\/wp\/v2\/users\/14"}],"replies":[{"embeddable":true,"href":"https:\/\/www.interaccionnoticias.com.mx\/index.php?rest_route=%2Fwp%2Fv2%2Fcomments&post=89247"}],"version-history":[{"count":1,"href":"https:\/\/www.interaccionnoticias.com.mx\/index.php?rest_route=\/wp\/v2\/posts\/89247\/revisions"}],"predecessor-version":[{"id":89249,"href":"https:\/\/www.interaccionnoticias.com.mx\/index.php?rest_route=\/wp\/v2\/posts\/89247\/revisions\/89249"}],"wp:featuredmedia":[{"embeddable":true,"href":"https:\/\/www.interaccionnoticias.com.mx\/index.php?rest_route=\/wp\/v2\/media\/89248"}],"wp:attachment":[{"href":"https:\/\/www.interaccionnoticias.com.mx\/index.php?rest_route=%2Fwp%2Fv2%2Fmedia&parent=89247"}],"wp:term":[{"taxonomy":"category","embeddable":true,"href":"https:\/\/www.interaccionnoticias.com.mx\/index.php?rest_route=%2Fwp%2Fv2%2Fcategories&post=89247"},{"taxonomy":"post_tag","embeddable":true,"href":"https:\/\/www.interaccionnoticias.com.mx\/index.php?rest_route=%2Fwp%2Fv2%2Ftags&post=89247"}],"curies":[{"name":"wp","href":"https:\/\/api.w.org\/{rel}","templated":true}]}}