{"id":8919,"date":"2017-10-04T19:47:35","date_gmt":"2017-10-05T00:47:35","guid":{"rendered":"http:\/\/www.inter-accion.com.mx\/?p=8919"},"modified":"2017-10-04T19:47:35","modified_gmt":"2017-10-05T00:47:35","slug":"sicarios-privaron-de-la-libertad-a-cuatro-policias-estatales-rurales","status":"publish","type":"post","link":"https:\/\/www.interaccionnoticias.com.mx\/?p=8919","title":{"rendered":"Sicarios privaron de la libertad a cuatro polic\u00edas estatales rurales"},"content":{"rendered":"<p><strong><img loading=\"lazy\" decoding=\"async\" src=\"data:image\/gif;base64,R0lGODlhAQABAIAAAAAAAP\/\/\/ywAAAAAAQABAAACAUwAOw==\" fifu-lazy=\"1\" fifu-data-sizes=\"auto\" fifu-data-srcset=\"https:\/\/i0.wp.com\/www.inter-accion.com.mx\/wp-content\/uploads\/2017\/10\/22292120_10214392926359518_1617285954_o.jpg?ssl=1&w=75&resize=75&ssl=1 75w, https:\/\/i0.wp.com\/www.inter-accion.com.mx\/wp-content\/uploads\/2017\/10\/22292120_10214392926359518_1617285954_o.jpg?ssl=1&w=100&resize=100&ssl=1 100w, https:\/\/i0.wp.com\/www.inter-accion.com.mx\/wp-content\/uploads\/2017\/10\/22292120_10214392926359518_1617285954_o.jpg?ssl=1&w=150&resize=150&ssl=1 150w, https:\/\/i0.wp.com\/www.inter-accion.com.mx\/wp-content\/uploads\/2017\/10\/22292120_10214392926359518_1617285954_o.jpg?ssl=1&w=240&resize=240&ssl=1 240w, https:\/\/i0.wp.com\/www.inter-accion.com.mx\/wp-content\/uploads\/2017\/10\/22292120_10214392926359518_1617285954_o.jpg?ssl=1&w=320&resize=320&ssl=1 320w, https:\/\/i0.wp.com\/www.inter-accion.com.mx\/wp-content\/uploads\/2017\/10\/22292120_10214392926359518_1617285954_o.jpg?ssl=1&w=500&resize=500&ssl=1 500w, https:\/\/i0.wp.com\/www.inter-accion.com.mx\/wp-content\/uploads\/2017\/10\/22292120_10214392926359518_1617285954_o.jpg?ssl=1&w=640&resize=640&ssl=1 640w, https:\/\/i0.wp.com\/www.inter-accion.com.mx\/wp-content\/uploads\/2017\/10\/22292120_10214392926359518_1617285954_o.jpg?ssl=1&w=800&resize=800&ssl=1 800w, https:\/\/i0.wp.com\/www.inter-accion.com.mx\/wp-content\/uploads\/2017\/10\/22292120_10214392926359518_1617285954_o.jpg?ssl=1&w=1024&resize=1024&ssl=1 1024w, https:\/\/i0.wp.com\/www.inter-accion.com.mx\/wp-content\/uploads\/2017\/10\/22292120_10214392926359518_1617285954_o.jpg?ssl=1&w=1280&resize=1280&ssl=1 1280w, https:\/\/i0.wp.com\/www.inter-accion.com.mx\/wp-content\/uploads\/2017\/10\/22292120_10214392926359518_1617285954_o.jpg?ssl=1&w=1600&resize=1600&ssl=1 1600w\" class=\"alignnone size-full wp-image-8920\" fifu-data-src=\"https:\/\/i0.wp.com\/www.inter-accion.com.mx\/wp-content\/uploads\/2017\/10\/22292120_10214392926359518_1617285954_o.jpg?ssl=1\" alt=\"\" width=\"1280\" height=\"722\">Hombres armados y con el rostro cubierto se los llevaron&nbsp; &nbsp;<\/strong><br \/>\nElementos del Ej\u00e9rcito Mexicano y de la Polic\u00eda del Estado&nbsp;&nbsp;realizan un operativo de b\u00fasqueda en la Sierra de Leonardo Bravo, luego de que un grupo de pistoleros privara de la libertada cuatro polic\u00edas rurales.<br \/>\nRoberto Alvarez Heredia, vocero del Grupo de Coordinaci\u00f3n Guerrero (GCG), inform\u00f3 que alrededor de las 14:00 horas, personal militar y polic\u00edaco llegaron a la comunidad de Corralitos, perteneciente a Leonardo Bravo.<br \/>\nAh\u00ed les informaron que un grupo de hombres armados, quienes se cubr\u00edan el rostro privaron de la libertad a cuatro elementos de la Polic\u00eda Estatal Rural.<br \/>\nDe acuerdo con el testimonio de los vecinos, los desconocidos se llevaron a los rurales con direcci\u00f3n a la comunidad de Polixtepec, tambi\u00e9n perteneciente a Leonardo Bravo.<br \/>\nEn el momento en que los soldados y polic\u00edas interrogaban a los testigos, escucharon detonaciones de arma de fuego en la ruta que va hacia Polixtepec, raz\u00f3n por la que se desplazaron hacia dicho punto.<br \/>\nEn el recorrido, los cuerpos de seguridad encontraron cartuchos percutidos de arma de grueso calibre.<br \/>\nEl vocero el GCG indic\u00f3 que los polic\u00edas secuestrados son Adri\u00e1n \u201cN\u201d, Alfonso \u201cN\u201d, Alejandro \u201cN\u201d y Eduardo \u00b7\u201dN\u201d, por lo que hay un operativo que seg\u00fan Alvarez Heredia, no se detendr\u00e1 hasta que se les recupere.<br \/>\nLa Polic\u00eda Estatal Rural es una corporaci\u00f3n que existe solo en 18 pueblos de la Sierra de Leonardo Bravo, Eduardo Neri y Heliodoro Castillo, fue creada en la administraci\u00f3n de Angel Heladio Aguirre Rivero, solamente tiene 10 elementos por comunidad.<\/p>\n","protected":false},"excerpt":{"rendered":"<p>Hombres armados y con el rostro cubierto se los llevaron&nbsp; &nbsp; Elementos del Ej\u00e9rcito Mexicano y de la Polic\u00eda del Estado&nbsp;&nbsp;realizan un operativo de b\u00fasqueda en la Sierra de Leonardo&hellip; <\/p>\n","protected":false},"author":1,"featured_media":0,"comment_status":"closed","ping_status":"closed","sticky":false,"template":"","format":"standard","meta":{"fifu_image_url":"","fifu_image_alt":"","footnotes":""},"categories":[8,27],"tags":[],"class_list":["post-8919","post","type-post","status-publish","format-standard","hentry","category-featured","category-seguridad-publica"],"_links":{"self":[{"href":"https:\/\/www.interaccionnoticias.com.mx\/index.php?rest_route=\/wp\/v2\/posts\/8919","targetHints":{"allow":["GET"]}}],"collection":[{"href":"https:\/\/www.interaccionnoticias.com.mx\/index.php?rest_route=\/wp\/v2\/posts"}],"about":[{"href":"https:\/\/www.interaccionnoticias.com.mx\/index.php?rest_route=\/wp\/v2\/types\/post"}],"author":[{"embeddable":true,"href":"https:\/\/www.interaccionnoticias.com.mx\/index.php?rest_route=\/wp\/v2\/users\/1"}],"replies":[{"embeddable":true,"href":"https:\/\/www.interaccionnoticias.com.mx\/index.php?rest_route=%2Fwp%2Fv2%2Fcomments&post=8919"}],"version-history":[{"count":0,"href":"https:\/\/www.interaccionnoticias.com.mx\/index.php?rest_route=\/wp\/v2\/posts\/8919\/revisions"}],"wp:attachment":[{"href":"https:\/\/www.interaccionnoticias.com.mx\/index.php?rest_route=%2Fwp%2Fv2%2Fmedia&parent=8919"}],"wp:term":[{"taxonomy":"category","embeddable":true,"href":"https:\/\/www.interaccionnoticias.com.mx\/index.php?rest_route=%2Fwp%2Fv2%2Fcategories&post=8919"},{"taxonomy":"post_tag","embeddable":true,"href":"https:\/\/www.interaccionnoticias.com.mx\/index.php?rest_route=%2Fwp%2Fv2%2Ftags&post=8919"}],"curies":[{"name":"wp","href":"https:\/\/api.w.org\/{rel}","templated":true}]}}