{"id":89182,"date":"2025-03-24T14:30:55","date_gmt":"2025-03-24T20:30:55","guid":{"rendered":"https:\/\/www.interaccionnoticias.com.mx\/?p=89182"},"modified":"2025-03-24T14:30:58","modified_gmt":"2025-03-24T20:30:58","slug":"ex-titular-de-asuntos-del-migrante-del-ayuntamiento-de-chilpancingo-es-el-unico-entrevistado-sobre-rancho-izaguirre","status":"publish","type":"post","link":"https:\/\/www.interaccionnoticias.com.mx\/?p=89182","title":{"rendered":"Ex titular de Asuntos del Migrante del Ayuntamiento de Chilpancingo, es el \u00fanico \u00abentrevistado\u00bb sobre Rancho Izaguirre"},"content":{"rendered":"\n<p><em><strong>&#8212; La ex alcaldesa, Norma Otilia Hern\u00e1ndez sostiene que el caso se utiliz\u00f3 para golpearla pol\u00edticamente<br>&#8212; Presenta videos donde funcionaria de la UAGro y de la STy PS impulsan acuerdo con la empresa Big Forc\u00e9 Academy<\/strong><\/em><\/p>\n\n\n\n<p><strong>Yasm\u00edn Garc\u00eda<\/strong><\/p>\n\n\n\n<p>La ex alcaldesa de Chilpancingo, Norma Otilia Hern\u00e1ndez Mart\u00ednez confirm\u00f3 que Julio C\u00e9sar Sandoval, quien fuera titular de Asuntos del Migrante en su administraci\u00f3n, fue \u00abentrevistado\u00bb por las autoridades en torno al traslado de jornaleros a ranchos de Jalisco y Guanajuato, reiterando que no tuvo relaci\u00f3n con el supuesto centro de reclutamiento para formar sicarios del C\u00e1rtel de Jalisco Nueva Generaci\u00f3n (CJNG).<\/p>\n\n\n\n<p>La ex jefa de Cabildo en la capital del Estado, reconoci\u00f3 que lo dado a conocer desde la jornada del 5 de marzo es muy grave, por los delitos que se pudieron cometer en el Rancho Izaguirre.<\/p>\n\n\n\n<p>Indic\u00f3 que en cuanto se conoci\u00f3 una entrevista de un supuesto jornalero de Chilpancingo, que se\u00f1alaba que hab\u00eda estado en ese rancho y que hab\u00eda sido enganchado por el Ayuntamiento en coordinaci\u00f3n con la UAGro, ella se puso en contacto con parte importante de su equipo de trabajo para recuperar toda la informaci\u00f3n posible sobre el caso.<\/p>\n\n\n\n<p>Indic\u00f3 que de 20 jornaleros que fueron reclutados por la empresa Big Forc\u00e9 Academy para trabajar en Lagos de Moreno, Jalisco, la Direcci\u00f3n de Migrantes en su administraci\u00f3n, en coordinaci\u00f3n con la UAGro, la SPyST y la Secretar\u00eda de Migrantes y Asuntos Internacionales del Gobierno de Guerrero, se tiene un seguimiento de que 12 se encuentran trabajando en Estados Unidos de Norteam\u00e9rica (EUA).<\/p>\n\n\n\n<p>Celebr\u00f3 que la Fiscal\u00eda General del Estado (FGE), inici\u00f3 una carpeta de investigaci\u00f3n de oficio sobre la posible desaparici\u00f3n de jornaleros guerrerenses en Jalisco.<\/p>\n\n\n\n<p>Puntualizo que a ella no la han citado pero s\u00ed al ex director de Atenci\u00f3n a Migrantes en su administraci\u00f3n, Julio C\u00e9sar Sandoval, quien precis\u00f3, acudi\u00f3 en car\u00e1cter de entrevistado sin que dicha diligencia haya trascendido a m\u00e1s.<\/p>\n\n\n\n<p>En un encuentro con medios de comunicaci\u00f3n,<\/p>\n\n\n\n<p>Hern\u00e1ndez Mart\u00ednez mostr\u00f3 un video de una evento en el que se presenta el programa de capacitaci\u00f3n de jornaleros en el que participaron autoridades de la UAGro, de la STy PS, y de la Secretar\u00eda de Migrantes y Asuntos Internacionales.<\/p>\n\n\n\n<p>En dicho video, la directora general del Servicio Nacional de Empleo (SNE) en Guerrero, Areli Bail\u00f3n V\u00e9lez da la bienvenida a las autoridades y a los jornaleros, donde presume que su objetivo es que gocen de un trabajo seguro.<\/p>\n\n\n\n<p>A la platica informativa que se realiz\u00f3 el 4 de febrero del 2025 en la plaza c\u00edvica Primer Congreso de An\u00e1huac es decir 11 d\u00edas antes de que dos grupos de jornaleros agr\u00edcolas, uno de 50 y otro de 20 salieron a trabajar a campos de Guanajuato y Jalisco.<\/p>\n\n\n\n<p>La ex presidenta se puso a disposici\u00f3n de las autoridades para que se investigue el caso, pero reiter\u00f3 que aprovechando todo el impacto medi\u00e1tico que el asunto tuvo durante los primeros d\u00edas de marzo, hubo quienes pretendieron dirigir un golpeteo pol\u00edtico en su contra.<\/p>\n\n\n\n<p>A pregunta expresa, dijo que tiene ubicados a quienes le desataron dicho golpeteo, pero se reserv\u00f3 el derecho de dar a conocer su identidad.<\/p>\n","protected":false},"excerpt":{"rendered":"<p>&#8212; La ex alcaldesa, Norma Otilia Hern\u00e1ndez sostiene que el caso se utiliz\u00f3 para golpearla pol\u00edticamente&#8212; Presenta videos donde funcionaria de la UAGro y de la STy PS impulsan acuerdo&hellip; <\/p>\n","protected":false},"author":32,"featured_media":89183,"comment_status":"open","ping_status":"open","sticky":false,"template":"","format":"standard","meta":{"fifu_image_url":"","fifu_image_alt":"","footnotes":""},"categories":[13],"tags":[],"class_list":["post-89182","post","type-post","status-publish","format-standard","has-post-thumbnail","hentry","category-capital"],"_links":{"self":[{"href":"https:\/\/www.interaccionnoticias.com.mx\/index.php?rest_route=\/wp\/v2\/posts\/89182","targetHints":{"allow":["GET"]}}],"collection":[{"href":"https:\/\/www.interaccionnoticias.com.mx\/index.php?rest_route=\/wp\/v2\/posts"}],"about":[{"href":"https:\/\/www.interaccionnoticias.com.mx\/index.php?rest_route=\/wp\/v2\/types\/post"}],"author":[{"embeddable":true,"href":"https:\/\/www.interaccionnoticias.com.mx\/index.php?rest_route=\/wp\/v2\/users\/32"}],"replies":[{"embeddable":true,"href":"https:\/\/www.interaccionnoticias.com.mx\/index.php?rest_route=%2Fwp%2Fv2%2Fcomments&post=89182"}],"version-history":[{"count":1,"href":"https:\/\/www.interaccionnoticias.com.mx\/index.php?rest_route=\/wp\/v2\/posts\/89182\/revisions"}],"predecessor-version":[{"id":89184,"href":"https:\/\/www.interaccionnoticias.com.mx\/index.php?rest_route=\/wp\/v2\/posts\/89182\/revisions\/89184"}],"wp:featuredmedia":[{"embeddable":true,"href":"https:\/\/www.interaccionnoticias.com.mx\/index.php?rest_route=\/wp\/v2\/media\/89183"}],"wp:attachment":[{"href":"https:\/\/www.interaccionnoticias.com.mx\/index.php?rest_route=%2Fwp%2Fv2%2Fmedia&parent=89182"}],"wp:term":[{"taxonomy":"category","embeddable":true,"href":"https:\/\/www.interaccionnoticias.com.mx\/index.php?rest_route=%2Fwp%2Fv2%2Fcategories&post=89182"},{"taxonomy":"post_tag","embeddable":true,"href":"https:\/\/www.interaccionnoticias.com.mx\/index.php?rest_route=%2Fwp%2Fv2%2Ftags&post=89182"}],"curies":[{"name":"wp","href":"https:\/\/api.w.org\/{rel}","templated":true}]}}