{"id":89156,"date":"2025-03-23T18:34:35","date_gmt":"2025-03-24T00:34:35","guid":{"rendered":"https:\/\/www.interaccionnoticias.com.mx\/?p=89156"},"modified":"2025-03-23T18:34:37","modified_gmt":"2025-03-24T00:34:37","slug":"la-ley-camila-debera-estar-acompanada-de-acciones-de-prevencion","status":"publish","type":"post","link":"https:\/\/www.interaccionnoticias.com.mx\/?p=89156","title":{"rendered":"La Ley Camila deber\u00e1 estar acompa\u00f1ada de acciones de prevenci\u00f3n"},"content":{"rendered":"\n<p><strong><em>&#8212; As\u00ed lo consider\u00f3 la activista Marina Reyna Aguilar.<\/em><\/strong><\/p>\n\n\n\n<p><strong>Rosario Garc\u00eda Orozco<\/strong><\/p>\n\n\n\n<p>La Ley Camila, propuesta que enviada al Congreso Local por la gobernadora Evelyn Salgado Pineda, debe ir acompa\u00f1ada por acciones preventivas y no s\u00f3lo aplicar sanciones m\u00e1s severas a quienes incurren en este tipo de pr\u00e1cticas \u00abdeleznables\u00bb en agravio de menores de edad.<\/p>\n\n\n\n<p>Dicha iniciativa tiene el objetivo de endurecer las sanciones penales por delitos sexuales y privaci\u00f3n ilegal de la libertad de ni\u00f1as, ni\u00f1os y adolescentes.<\/p>\n\n\n\n<p>Al respecto, Marina Reyna Aguilar, directora de la Asociaci\u00f3n Guerrerense Contra la Violencia Hacia las Mujeres, reconoci\u00f3 que es positiva la iniciativa, pero insisti\u00f3 que debe ser acompa\u00f1ada con medidas preventivas que ayuden a que casos como el de la ni\u00f1a Camila, secuestrada y asesinada en Taxco, no vuelva a repetirse.<\/p>\n\n\n\n<p>Camila, de apenas 8 a\u00f1os de edad, en marzo del a\u00f1o pasado fue secuestrada por vecinos de su familia con cuya hija acostumbraba jugar, quienes finalmente la mataron; el caso tom\u00f3 relevancia a nivel internacional, luego de que habitantes de la Ciudad Platera los marcharon en plena Semana Santa.<\/p>\n\n\n\n<p>La activista defensora de los derechos de la mujer, consider\u00f3 un hecho de justicia endurecer las penas para los perpetradores de este tipo de hechos, sin embargo, insisti\u00f3 en que \u201cdebe ir acompa\u00f1ada por acciones de prevenci\u00f3n\u201d.<\/p>\n\n\n\n<p>\u00abEst\u00e1 bien que se endurezcan las penas, pero no solamente es esa la responsabilidad que tendr\u00eda en este caso el Estado, sino tambi\u00e9n apostarle a la prevenci\u00f3n, pero lo que la sociedad quienes es que no se repitan este tipo de casos\u201d, Insisti\u00f3.<\/p>\n\n\n\n<p>Consider\u00f3 que haber educaci\u00f3n en todos los \u00e1mbitos, \u00abporque \u00bfqui\u00e9nes educan?, educa la familia, educa la escuela, la religi\u00f3n, los medios. Es decir, esta reforma tiene que ir acompa\u00f1ada por campa\u00f1as de prevenci\u00f3n\u201d.<\/p>\n\n\n\n<p>Se trata, dijo de acciones tendientes a prevenir, atender, sancionar y erradicar la violencia contra las mujeres; y record\u00f3 que Taxco de Alarc\u00f3n es un municipio que cuenta con Alerta de G\u00e9nero, por los casos de violencia contra las mujeres que se han registrado, \u00absin embargo, no se ha hecho nada por combatir y erradicar este problema en ese lugar; no tenemos nada, se le dio entrada a la Alerta, pero no se ha hecho nada; no se si est\u00e1n esperando que se d\u00e9 otro hecho\u201d.<\/p>\n","protected":false},"excerpt":{"rendered":"<p>&#8212; As\u00ed lo consider\u00f3 la activista Marina Reyna Aguilar. Rosario Garc\u00eda Orozco La Ley Camila, propuesta que enviada al Congreso Local por la gobernadora Evelyn Salgado Pineda, debe ir acompa\u00f1ada&hellip; <\/p>\n","protected":false},"author":14,"featured_media":89157,"comment_status":"open","ping_status":"open","sticky":false,"template":"","format":"standard","meta":{"fifu_image_url":"","fifu_image_alt":"","footnotes":""},"categories":[11],"tags":[],"class_list":["post-89156","post","type-post","status-publish","format-standard","has-post-thumbnail","hentry","category-guerrero"],"_links":{"self":[{"href":"https:\/\/www.interaccionnoticias.com.mx\/index.php?rest_route=\/wp\/v2\/posts\/89156","targetHints":{"allow":["GET"]}}],"collection":[{"href":"https:\/\/www.interaccionnoticias.com.mx\/index.php?rest_route=\/wp\/v2\/posts"}],"about":[{"href":"https:\/\/www.interaccionnoticias.com.mx\/index.php?rest_route=\/wp\/v2\/types\/post"}],"author":[{"embeddable":true,"href":"https:\/\/www.interaccionnoticias.com.mx\/index.php?rest_route=\/wp\/v2\/users\/14"}],"replies":[{"embeddable":true,"href":"https:\/\/www.interaccionnoticias.com.mx\/index.php?rest_route=%2Fwp%2Fv2%2Fcomments&post=89156"}],"version-history":[{"count":1,"href":"https:\/\/www.interaccionnoticias.com.mx\/index.php?rest_route=\/wp\/v2\/posts\/89156\/revisions"}],"predecessor-version":[{"id":89158,"href":"https:\/\/www.interaccionnoticias.com.mx\/index.php?rest_route=\/wp\/v2\/posts\/89156\/revisions\/89158"}],"wp:featuredmedia":[{"embeddable":true,"href":"https:\/\/www.interaccionnoticias.com.mx\/index.php?rest_route=\/wp\/v2\/media\/89157"}],"wp:attachment":[{"href":"https:\/\/www.interaccionnoticias.com.mx\/index.php?rest_route=%2Fwp%2Fv2%2Fmedia&parent=89156"}],"wp:term":[{"taxonomy":"category","embeddable":true,"href":"https:\/\/www.interaccionnoticias.com.mx\/index.php?rest_route=%2Fwp%2Fv2%2Fcategories&post=89156"},{"taxonomy":"post_tag","embeddable":true,"href":"https:\/\/www.interaccionnoticias.com.mx\/index.php?rest_route=%2Fwp%2Fv2%2Ftags&post=89156"}],"curies":[{"name":"wp","href":"https:\/\/api.w.org\/{rel}","templated":true}]}}