{"id":8913,"date":"2017-10-04T18:39:40","date_gmt":"2017-10-04T23:39:40","guid":{"rendered":"http:\/\/www.inter-accion.com.mx\/?p=8913"},"modified":"2017-10-04T18:39:40","modified_gmt":"2017-10-04T23:39:40","slug":"derechos-humanos-y-habitantes-pide-solucion-al-problema-de-la-basura-en-chilpancingo","status":"publish","type":"post","link":"https:\/\/www.interaccionnoticias.com.mx\/?p=8913","title":{"rendered":"Derechos humanos y habitantes pide soluci\u00f3n al problema de la basura en Chilpancingo"},"content":{"rendered":"<p><strong>Crecen desproporcionadamente los&nbsp;mont\u00edculos de desechos, el gobernador ofrece ayudar en el \u00e1mbito de sus competencias &nbsp;&nbsp;<\/strong><br \/>\nMientras la basura se acumula en casi todas las esquinas del centro de Chilpancingo, el gobernador H\u00e9ctor Astudillo Flores manifest\u00f3 que intervendr\u00e1 en el marco de su \u00e1mbito de competencias, mientras que la Comisi\u00f3n de Derechos Humanos del Estado (CDHEG) consider\u00f3 urgente destrabar el conflicto, antes de que se generen problemas de salud colectivos.<br \/>\nEste mi\u00e9rcoles se cumplieron seis d\u00edas en que la capital de Guerrero no cuenta con un espacio para darle destino final a casi 300 toneladas de basura, mismas que se generan en cuatro barrios tradicionales y alrededor de 400 colonias.<br \/>\nEn algunos puntos del centro, como en el caso de la avenida Hero\u00ednas del Sur, los vecinos decidieron sacar los desechos de sus casas y tirarlos sobre el arroyo vehicular, para de esa manera ejercer presi\u00f3n sobre las autoridades.<br \/>\nIncluso, padres de familia y personal docente del parque Margarita Maza de Ju\u00e1rez, durante una hora bloquearon los cuatro carriles de la Autopista del Sol y las laterales del boulevard Vicente Guerrero, en el lado norte de la ciudad.<br \/>\nEn las avenidas Insurgentes, las vialidades del r\u00edo Huacapa y los puntos de mayor concentraci\u00f3n de la ciudad, los mont\u00edculos de tierra crecieron desproporcionadamente durante las \u00faltimas 24 horas.<br \/>\nLa causa, que el ayuntamiento de Eduardo Neri prohibi\u00f3 que los colectores de \u201cLa Basura Jefa\u201d, as\u00ed como los camiones del municipio de Chilpancingo siguieran tirando en el relleno sanitario de El Platanal, ya que no se aterrizaron acuerdos entre los alcaldes.<br \/>\nAnte el riesgo de que la descomposici\u00f3n de los desechos generan complicaciones en la salud de la poblaci\u00f3n, brigadas del gobierno estatal comenzaron a cubrir con cal los cerros de basura, lo que no es suficiente para contener los malos olores.<br \/>\nDurante una visita al barrio de San Francisco, el gobernador H\u00e9ctor Astudillo Flores fue cuestionado sobre lo que sucede en ese tema, lo que admiti\u00f3 que le genera preocupaci\u00f3n, raz\u00f3n por la que indic\u00f3, est\u00e1 dispuesto a colaborar en el \u00e1mbito de su competencia con el municipio.<br \/>\n\u201cNo puedo yo de ninguna manera dejar solo a Chilpancingo; voy a intervenir en todo lo que est\u00e9 a mi alcance, respetando las facultades y las m\u00edas tambi\u00e9n, para colaborar con este problema que lo escucho en todos lados y que por supuesto, soy el m\u00e1s interesado en que se pueda encontrar un canal de soluci\u00f3n\u201d, anot\u00f3.<br \/>\n<strong>Derechos humanos pide soluci\u00f3n&nbsp;&nbsp;&nbsp;&nbsp;&nbsp;&nbsp;&nbsp;<\/strong><br \/>\nLa ma\u00f1ana del mi\u00e9rcoles, la Comisi\u00f3n de Derechos Humanos del Estado de Guerrero&nbsp;hizo exhorto a las autoridades competentes, para que a la brevedad desarrollen acciones que permitan solucionar dicho problema.<br \/>\n\u201cMostramos nuestra preocupaci\u00f3n ante los posibles problemas de salud que puedan desencadenarse y afectar a la poblaci\u00f3n, principalmente a menores y adultos mayores\u201d, indic\u00f3 v\u00eda comunicado, el presidente del organismo aut\u00f3nomo, Ram\u00f3n Navarrete Magdaleno. &nbsp;<br \/>\nContinu\u00f3: \u201cEs nuestra responsabilidad, como CDHEG proteger el derecho a la salud, como uno de los derechos fundamentales para el desarrollo integral de cada ciudadana y ciudadano\u201d.<br \/>\nEn consecuencia, Navarrete Magdaleno dijo que la CDHEG estar\u00e1 atenta a las acciones que se desarrollen durante los pr\u00f3ximos d\u00edas.<br \/>\nAlrededor de las 18:30 horas, vecinos de la calle Antonia Nava de Catal\u00e1n levantaron el bloqueo que manten\u00edan en esa parte del centro de la ciudad, precisamente reclamando que se recojan toneladas de desechos que permanecen en la v\u00eda p\u00fablica.<\/p>\n","protected":false},"excerpt":{"rendered":"<p>Crecen desproporcionadamente los&nbsp;mont\u00edculos de desechos, el gobernador ofrece ayudar en el \u00e1mbito de sus competencias &nbsp;&nbsp; Mientras la basura se acumula en casi todas las esquinas del centro de Chilpancingo,&hellip; <\/p>\n","protected":false},"author":1,"featured_media":0,"comment_status":"closed","ping_status":"closed","sticky":false,"template":"","format":"standard","meta":{"fifu_image_url":"","fifu_image_alt":"","footnotes":""},"categories":[13,8],"tags":[],"class_list":["post-8913","post","type-post","status-publish","format-standard","hentry","category-capital","category-featured"],"_links":{"self":[{"href":"https:\/\/www.interaccionnoticias.com.mx\/index.php?rest_route=\/wp\/v2\/posts\/8913","targetHints":{"allow":["GET"]}}],"collection":[{"href":"https:\/\/www.interaccionnoticias.com.mx\/index.php?rest_route=\/wp\/v2\/posts"}],"about":[{"href":"https:\/\/www.interaccionnoticias.com.mx\/index.php?rest_route=\/wp\/v2\/types\/post"}],"author":[{"embeddable":true,"href":"https:\/\/www.interaccionnoticias.com.mx\/index.php?rest_route=\/wp\/v2\/users\/1"}],"replies":[{"embeddable":true,"href":"https:\/\/www.interaccionnoticias.com.mx\/index.php?rest_route=%2Fwp%2Fv2%2Fcomments&post=8913"}],"version-history":[{"count":0,"href":"https:\/\/www.interaccionnoticias.com.mx\/index.php?rest_route=\/wp\/v2\/posts\/8913\/revisions"}],"wp:attachment":[{"href":"https:\/\/www.interaccionnoticias.com.mx\/index.php?rest_route=%2Fwp%2Fv2%2Fmedia&parent=8913"}],"wp:term":[{"taxonomy":"category","embeddable":true,"href":"https:\/\/www.interaccionnoticias.com.mx\/index.php?rest_route=%2Fwp%2Fv2%2Fcategories&post=8913"},{"taxonomy":"post_tag","embeddable":true,"href":"https:\/\/www.interaccionnoticias.com.mx\/index.php?rest_route=%2Fwp%2Fv2%2Ftags&post=8913"}],"curies":[{"name":"wp","href":"https:\/\/api.w.org\/{rel}","templated":true}]}}