{"id":89107,"date":"2025-03-21T17:26:55","date_gmt":"2025-03-21T23:26:55","guid":{"rendered":"https:\/\/www.interaccionnoticias.com.mx\/?p=89107"},"modified":"2025-03-21T17:26:57","modified_gmt":"2025-03-21T23:26:57","slug":"perfilan-el-lanzamiento-de-una-convocatoria-para-designar-a-nuevo-titular-de-la-cebp","status":"publish","type":"post","link":"https:\/\/www.interaccionnoticias.com.mx\/?p=89107","title":{"rendered":"Perfilan el lanzamiento de una convocatoria para designar a nuevo titular de la CEBP"},"content":{"rendered":"\n<p><strong><em>&#8212; Se re\u00fanen representantes de colectivos con el subsecretario de Asuntos Pol\u00edticos del Gobierno de Guerrero, Francisco Rodr\u00edguez Cisneros<br>&#8212; Madres buscadoras piden que la gobernadora Evelyn Salgado las incluya en su agenda<\/em><\/strong><\/p>\n\n\n\n<p><strong>Yasm\u00edn Garc\u00eda<\/strong><\/p>\n\n\n\n<p>Colectivos de Guerrero se reunieron con autoridades estatales y de Derechos Humanos para plantear el lanzamiento de una convocatoria encaminada a designar al titular de la Comisi\u00f3n Estatal de B\u00fasqueda de Personas (CEBP), ya que para la designaci\u00f3n del reci\u00e9n nombrado encargado no existi\u00f3 ning\u00fan tipo de consultada.<\/p>\n\n\n\n<p>El representante del Gobierno de Guerrero, Francisco Rodr\u00edguez Cisneros admiti\u00f3 la validez en las inquietudes expuestas por las activistas, de tal manera que la emisi\u00f3n de una convocatoria que genere consenso es una posibilidad que podr\u00eda materializarse en los pr\u00f3ximos d\u00edas.<\/p>\n\n\n\n<p>Ante el funcionario, las madres buscadoras expresaron su malestar, porque a m\u00e1s de tres a\u00f1os de gobierno, hasta el momento no se han reunido con la titular del Poder Ejecutivo local, Evelyn Salgado Pineda.<\/p>\n\n\n\n<p>En consecuencia, plantearon al subsecretario la encomienda de generar un espacio para que dicho encuentro sea posible en fechas pr\u00f3ximas.<\/p>\n\n\n\n<p>Otro de los temas que se trabajaron en la reuni\u00f3n, fue el hecho de que el Congreso local no haya hasta el momento encausado la Ley en Materia de Desaparici\u00f3n Forzada, tampoco se ha canalizado m\u00e1s presupuesto a la Comisi\u00f3n Estatal de Atenci\u00f3n a V\u00edctimas (CEAV).<\/p>\n\n\n\n<p>Dijeron que el apoyo alimentario de 2 mil pesos mensuales, adem\u00e1s de insuficiente se libera con muchos retrasos.<\/p>\n\n\n\n<p>Gemma Ant\u00fanez Flores, representante del colectivo Familiares en B\u00fasqueda \u201cMar\u00eda Herrera\u201d, reproch\u00f3 que a las v\u00edctimas les adeudan tres meses, siendo estos octubre, noviembre y diciembre de 2024.<\/p>\n\n\n\n<p>Explic\u00f3: \u201cLo que queremos es que haya un presupuesto destinado a la CEAV, pues del a\u00f1o pasado nos quedaron a deber tres meses y ahorita pagaron enero y febrero pero los meses del 2024 no, entonces lo que demandamos es que esos recursos no se toquen para nada\u00bb.<\/p>\n\n\n\n<p>Sandra Luz Jaimes Rom\u00e1n, representante del colectivo Madres Igualtecas mencion\u00f3 que para la designaci\u00f3n del encargado de la CEBP no se emiti\u00f3 una convocatoria, por lo que solicitaron que se emita y se designe a un titular que cumpla con el perfil y que sea emp\u00e1tico con las v\u00edctimas.<\/p>\n\n\n\n<p>Indic\u00f3: \u00abNo hubo una convocatoria para este cargo, no se permiti\u00f3 que pudi\u00e9ramos conocer su curr\u00edculum y sea esa persona apta para desempe\u00f1ar el cargo de comisionado, porque es algo muy importante como familiares de desaparecidos, es importante tener ese avance, que hagan su trabajo que en verdad se busque a las personas desaparecidas\u00bb, dijo Sandra Luz, madre de Ivette Melissa desaparecida desde 2012 en Iguala de la Independencia.<\/p>\n\n\n\n<p>Betsi Maluvi Munivez, del colectivo Guerrero No+ Desaparecidos, se\u00f1al\u00f3 que Rodr\u00edguez Cisneros se comprometi\u00f3 a emitir una convocatoria para designar al titular de la CEBP el primero de abril, adem\u00e1s de que se justific\u00f3 diciendo que las madres no fueron consultadas porque solo es un encargado para la entrega recepci\u00f3n y designaci\u00f3n de recursos del gobierno federal.<\/p>\n\n\n\n<p>Consultado v\u00eda telef\u00f3nica, el funcionario precis\u00f3 que en estos momentos es un planteamiento, aunque reconoci\u00f3 que existe la posibilidad de que se consolide.<\/p>\n\n\n\n<p>El pr\u00f3ximo 27 de este mes los colectivos sostendr\u00e1n una reuni\u00f3n con diputados en el Congreso local, en dicho encuentro hablar\u00e1n sobre la Ley en Materia de Desaparici\u00f3n Forzada, la cual exigieran que se apruebe a la brevedad.<\/p>\n\n\n\n<p>La reuni\u00f3n se desarroll\u00f3 en las instalaciones de la Comisi\u00f3n de Derechos Humanos con el subsecretario de Desarrollo Pol\u00edtico y Social del estado, Francisco Rodr\u00edguez Cisneros, el encargado de la Comisi\u00f3n Estatal de B\u00fasqueda de Personas (CEBP) Alejandro Garc\u00eda Solorio.<\/p>\n\n\n\n<p>Tambi\u00e9n estuvieron presentes autoridades de la Fiscalia General del Estado (FGE), de la Secretar\u00eda de Salud Guerrero (SSA) y la titular de la Comisi\u00f3n de Atenci\u00f3n a Victimas (CEAV), Enedina Medrano Serrano.<\/p>\n\n\n\n<p>Sandra Jaimes indic\u00f3 que solicitaran que la Fiscal\u00eda Estatal y la CEBP puedan trasladarlas al rancho Izaguirre en Teuchitl\u00e1n, Jalisco porque ninguna autoridad asegura que las v\u00edctimas no fueron trasladadas a dicho estado.<\/p>\n\n\n\n<p>\u00abNadie nos asegura que a nuestros familiares no se los llevar\u00e1n para all\u00e1 porque hablan de un cartel y en esos tiempos del 2010 y 2012 fue una temporalidad que hubo desapariciones, nadie nos asegura que no est\u00e1n ah\u00ed, tenemos que ir y verificar nosotras las prendas porque sabemos que llevaban puesto\u00bb.<\/p>\n\n\n\n<div class=\"wp-block-jetpack-slideshow aligncenter\" data-effect=\"slide\"><div class=\"wp-block-jetpack-slideshow_container swiper-container\"><ul class=\"wp-block-jetpack-slideshow_swiper-wrapper swiper-wrapper\"><li class=\"wp-block-jetpack-slideshow_slide swiper-slide\"><figure><img decoding=\"async\" src=\"data:image\/gif;base64,R0lGODlhAQABAIAAAAAAAP\/\/\/ywAAAAAAQABAAACAUwAOw==\" fifu-lazy=\"1\" fifu-data-sizes=\"auto\" fifu-data-srcset=\"https:\/\/i2.wp.com\/www.interaccionnoticias.com.mx\/wp-content\/uploads\/2025\/03\/250321-Gemma-Antunez-Flore-1024x683.jpg?ssl=1&w=75&resize=75&ssl=1 75w, https:\/\/i2.wp.com\/www.interaccionnoticias.com.mx\/wp-content\/uploads\/2025\/03\/250321-Gemma-Antunez-Flore-1024x683.jpg?ssl=1&w=100&resize=100&ssl=1 100w, https:\/\/i2.wp.com\/www.interaccionnoticias.com.mx\/wp-content\/uploads\/2025\/03\/250321-Gemma-Antunez-Flore-1024x683.jpg?ssl=1&w=150&resize=150&ssl=1 150w, https:\/\/i2.wp.com\/www.interaccionnoticias.com.mx\/wp-content\/uploads\/2025\/03\/250321-Gemma-Antunez-Flore-1024x683.jpg?ssl=1&w=240&resize=240&ssl=1 240w, https:\/\/i2.wp.com\/www.interaccionnoticias.com.mx\/wp-content\/uploads\/2025\/03\/250321-Gemma-Antunez-Flore-1024x683.jpg?ssl=1&w=320&resize=320&ssl=1 320w, https:\/\/i2.wp.com\/www.interaccionnoticias.com.mx\/wp-content\/uploads\/2025\/03\/250321-Gemma-Antunez-Flore-1024x683.jpg?ssl=1&w=500&resize=500&ssl=1 500w, https:\/\/i2.wp.com\/www.interaccionnoticias.com.mx\/wp-content\/uploads\/2025\/03\/250321-Gemma-Antunez-Flore-1024x683.jpg?ssl=1&w=640&resize=640&ssl=1 640w, https:\/\/i2.wp.com\/www.interaccionnoticias.com.mx\/wp-content\/uploads\/2025\/03\/250321-Gemma-Antunez-Flore-1024x683.jpg?ssl=1&w=800&resize=800&ssl=1 800w, https:\/\/i2.wp.com\/www.interaccionnoticias.com.mx\/wp-content\/uploads\/2025\/03\/250321-Gemma-Antunez-Flore-1024x683.jpg?ssl=1&w=1024&resize=1024&ssl=1 1024w, https:\/\/i2.wp.com\/www.interaccionnoticias.com.mx\/wp-content\/uploads\/2025\/03\/250321-Gemma-Antunez-Flore-1024x683.jpg?ssl=1&w=1280&resize=1280&ssl=1 1280w, https:\/\/i2.wp.com\/www.interaccionnoticias.com.mx\/wp-content\/uploads\/2025\/03\/250321-Gemma-Antunez-Flore-1024x683.jpg?ssl=1&w=1600&resize=1600&ssl=1 1600w\" alt=\"\" class=\"wp-block-jetpack-slideshow_image wp-image-89109\" data-id=\"89109\" fifu-data-src=\"https:\/\/i2.wp.com\/www.interaccionnoticias.com.mx\/wp-content\/uploads\/2025\/03\/250321-Gemma-Antunez-Flore-1024x683.jpg?ssl=1\"\/><\/figure><\/li><li class=\"wp-block-jetpack-slideshow_slide swiper-slide\"><figure><img decoding=\"async\" src=\"data:image\/gif;base64,R0lGODlhAQABAIAAAAAAAP\/\/\/ywAAAAAAQABAAACAUwAOw==\" fifu-lazy=\"1\" fifu-data-sizes=\"auto\" fifu-data-srcset=\"https:\/\/i1.wp.com\/www.interaccionnoticias.com.mx\/wp-content\/uploads\/2025\/03\/250321-Sandra-Luz-Jaimes-Roman-1024x683.jpg?ssl=1&w=75&resize=75&ssl=1 75w, https:\/\/i1.wp.com\/www.interaccionnoticias.com.mx\/wp-content\/uploads\/2025\/03\/250321-Sandra-Luz-Jaimes-Roman-1024x683.jpg?ssl=1&w=100&resize=100&ssl=1 100w, https:\/\/i1.wp.com\/www.interaccionnoticias.com.mx\/wp-content\/uploads\/2025\/03\/250321-Sandra-Luz-Jaimes-Roman-1024x683.jpg?ssl=1&w=150&resize=150&ssl=1 150w, https:\/\/i1.wp.com\/www.interaccionnoticias.com.mx\/wp-content\/uploads\/2025\/03\/250321-Sandra-Luz-Jaimes-Roman-1024x683.jpg?ssl=1&w=240&resize=240&ssl=1 240w, https:\/\/i1.wp.com\/www.interaccionnoticias.com.mx\/wp-content\/uploads\/2025\/03\/250321-Sandra-Luz-Jaimes-Roman-1024x683.jpg?ssl=1&w=320&resize=320&ssl=1 320w, https:\/\/i1.wp.com\/www.interaccionnoticias.com.mx\/wp-content\/uploads\/2025\/03\/250321-Sandra-Luz-Jaimes-Roman-1024x683.jpg?ssl=1&w=500&resize=500&ssl=1 500w, https:\/\/i1.wp.com\/www.interaccionnoticias.com.mx\/wp-content\/uploads\/2025\/03\/250321-Sandra-Luz-Jaimes-Roman-1024x683.jpg?ssl=1&w=640&resize=640&ssl=1 640w, https:\/\/i1.wp.com\/www.interaccionnoticias.com.mx\/wp-content\/uploads\/2025\/03\/250321-Sandra-Luz-Jaimes-Roman-1024x683.jpg?ssl=1&w=800&resize=800&ssl=1 800w, https:\/\/i1.wp.com\/www.interaccionnoticias.com.mx\/wp-content\/uploads\/2025\/03\/250321-Sandra-Luz-Jaimes-Roman-1024x683.jpg?ssl=1&w=1024&resize=1024&ssl=1 1024w, https:\/\/i1.wp.com\/www.interaccionnoticias.com.mx\/wp-content\/uploads\/2025\/03\/250321-Sandra-Luz-Jaimes-Roman-1024x683.jpg?ssl=1&w=1280&resize=1280&ssl=1 1280w, https:\/\/i1.wp.com\/www.interaccionnoticias.com.mx\/wp-content\/uploads\/2025\/03\/250321-Sandra-Luz-Jaimes-Roman-1024x683.jpg?ssl=1&w=1600&resize=1600&ssl=1 1600w\" alt=\"\" class=\"wp-block-jetpack-slideshow_image wp-image-89110\" data-id=\"89110\" fifu-data-src=\"https:\/\/i1.wp.com\/www.interaccionnoticias.com.mx\/wp-content\/uploads\/2025\/03\/250321-Sandra-Luz-Jaimes-Roman-1024x683.jpg?ssl=1\"\/><\/figure><\/li><li class=\"wp-block-jetpack-slideshow_slide swiper-slide\"><figure><img decoding=\"async\" src=\"data:image\/gif;base64,R0lGODlhAQABAIAAAAAAAP\/\/\/ywAAAAAAQABAAACAUwAOw==\" fifu-lazy=\"1\" fifu-data-sizes=\"auto\" fifu-data-srcset=\"https:\/\/i1.wp.com\/www.interaccionnoticias.com.mx\/wp-content\/uploads\/2025\/03\/250321-CDHEG-1024x683.jpg?ssl=1&w=75&resize=75&ssl=1 75w, https:\/\/i1.wp.com\/www.interaccionnoticias.com.mx\/wp-content\/uploads\/2025\/03\/250321-CDHEG-1024x683.jpg?ssl=1&w=100&resize=100&ssl=1 100w, https:\/\/i1.wp.com\/www.interaccionnoticias.com.mx\/wp-content\/uploads\/2025\/03\/250321-CDHEG-1024x683.jpg?ssl=1&w=150&resize=150&ssl=1 150w, https:\/\/i1.wp.com\/www.interaccionnoticias.com.mx\/wp-content\/uploads\/2025\/03\/250321-CDHEG-1024x683.jpg?ssl=1&w=240&resize=240&ssl=1 240w, https:\/\/i1.wp.com\/www.interaccionnoticias.com.mx\/wp-content\/uploads\/2025\/03\/250321-CDHEG-1024x683.jpg?ssl=1&w=320&resize=320&ssl=1 320w, https:\/\/i1.wp.com\/www.interaccionnoticias.com.mx\/wp-content\/uploads\/2025\/03\/250321-CDHEG-1024x683.jpg?ssl=1&w=500&resize=500&ssl=1 500w, https:\/\/i1.wp.com\/www.interaccionnoticias.com.mx\/wp-content\/uploads\/2025\/03\/250321-CDHEG-1024x683.jpg?ssl=1&w=640&resize=640&ssl=1 640w, https:\/\/i1.wp.com\/www.interaccionnoticias.com.mx\/wp-content\/uploads\/2025\/03\/250321-CDHEG-1024x683.jpg?ssl=1&w=800&resize=800&ssl=1 800w, https:\/\/i1.wp.com\/www.interaccionnoticias.com.mx\/wp-content\/uploads\/2025\/03\/250321-CDHEG-1024x683.jpg?ssl=1&w=1024&resize=1024&ssl=1 1024w, https:\/\/i1.wp.com\/www.interaccionnoticias.com.mx\/wp-content\/uploads\/2025\/03\/250321-CDHEG-1024x683.jpg?ssl=1&w=1280&resize=1280&ssl=1 1280w, https:\/\/i1.wp.com\/www.interaccionnoticias.com.mx\/wp-content\/uploads\/2025\/03\/250321-CDHEG-1024x683.jpg?ssl=1&w=1600&resize=1600&ssl=1 1600w\" alt=\"\" class=\"wp-block-jetpack-slideshow_image wp-image-89108\" data-id=\"89108\" fifu-data-src=\"https:\/\/i1.wp.com\/www.interaccionnoticias.com.mx\/wp-content\/uploads\/2025\/03\/250321-CDHEG-1024x683.jpg?ssl=1\"\/><\/figure><\/li><\/ul><a class=\"wp-block-jetpack-slideshow_button-prev swiper-button-prev swiper-button-white\" role=\"button\"><\/a><a class=\"wp-block-jetpack-slideshow_button-next swiper-button-next swiper-button-white\" role=\"button\"><\/a><a aria-label=\"Pause Slideshow\" class=\"wp-block-jetpack-slideshow_button-pause\" role=\"button\"><\/a><div class=\"wp-block-jetpack-slideshow_pagination swiper-pagination swiper-pagination-white\"><\/div><\/div><\/div>\n","protected":false},"excerpt":{"rendered":"<p>&#8212; Se re\u00fanen representantes de colectivos con el subsecretario de Asuntos Pol\u00edticos del Gobierno de Guerrero, Francisco Rodr\u00edguez Cisneros&#8212; Madres buscadoras piden que la gobernadora Evelyn Salgado las incluya en&hellip; <\/p>\n","protected":false},"author":32,"featured_media":89108,"comment_status":"open","ping_status":"open","sticky":false,"template":"","format":"standard","meta":{"fifu_image_url":"","fifu_image_alt":"","footnotes":""},"categories":[15],"tags":[],"class_list":["post-89107","post","type-post","status-publish","format-standard","has-post-thumbnail","hentry","category-movimientos-sociales"],"_links":{"self":[{"href":"https:\/\/www.interaccionnoticias.com.mx\/index.php?rest_route=\/wp\/v2\/posts\/89107","targetHints":{"allow":["GET"]}}],"collection":[{"href":"https:\/\/www.interaccionnoticias.com.mx\/index.php?rest_route=\/wp\/v2\/posts"}],"about":[{"href":"https:\/\/www.interaccionnoticias.com.mx\/index.php?rest_route=\/wp\/v2\/types\/post"}],"author":[{"embeddable":true,"href":"https:\/\/www.interaccionnoticias.com.mx\/index.php?rest_route=\/wp\/v2\/users\/32"}],"replies":[{"embeddable":true,"href":"https:\/\/www.interaccionnoticias.com.mx\/index.php?rest_route=%2Fwp%2Fv2%2Fcomments&post=89107"}],"version-history":[{"count":1,"href":"https:\/\/www.interaccionnoticias.com.mx\/index.php?rest_route=\/wp\/v2\/posts\/89107\/revisions"}],"predecessor-version":[{"id":89111,"href":"https:\/\/www.interaccionnoticias.com.mx\/index.php?rest_route=\/wp\/v2\/posts\/89107\/revisions\/89111"}],"wp:featuredmedia":[{"embeddable":true,"href":"https:\/\/www.interaccionnoticias.com.mx\/index.php?rest_route=\/wp\/v2\/media\/89108"}],"wp:attachment":[{"href":"https:\/\/www.interaccionnoticias.com.mx\/index.php?rest_route=%2Fwp%2Fv2%2Fmedia&parent=89107"}],"wp:term":[{"taxonomy":"category","embeddable":true,"href":"https:\/\/www.interaccionnoticias.com.mx\/index.php?rest_route=%2Fwp%2Fv2%2Fcategories&post=89107"},{"taxonomy":"post_tag","embeddable":true,"href":"https:\/\/www.interaccionnoticias.com.mx\/index.php?rest_route=%2Fwp%2Fv2%2Ftags&post=89107"}],"curies":[{"name":"wp","href":"https:\/\/api.w.org\/{rel}","templated":true}]}}