{"id":8908,"date":"2017-10-04T18:06:11","date_gmt":"2017-10-04T23:06:11","guid":{"rendered":"http:\/\/www.inter-accion.com.mx\/?p=8908"},"modified":"2017-10-04T18:06:11","modified_gmt":"2017-10-04T23:06:11","slug":"normalistas-de-ayotzinapa-marchan-en-chilpancingo","status":"publish","type":"post","link":"https:\/\/www.interaccionnoticias.com.mx\/?p=8908","title":{"rendered":"Normalistas de Ayotzinapa marchan en Chilpancingo"},"content":{"rendered":"<p><br \/>\n<strong>Exigen justicia para sus compa\u00f1eros asesinados hace un a\u00f1o<\/strong><br \/>\nEstudiantes de diferentes planteles marcharon en Chilpancingo para exigir justicia en asesinato de Filem\u00f3n Tacuba Castro y Jonathan Morales Hern\u00e1ndez, alumnos de la Normal Rural de Ayotzinapa, quienes fueron acribillados en un asalto cometido sobre la carretera federal Chilpancingo-Tlapa, a la altura del cerro del Machohua.<br \/>\nAlrededor de 400 alumnos de Ayotzinapa, as\u00ed como representantes del Frente Unido de Normales P\u00fablicas del Estado de Guerrero (FUNPEG) se concentraron inicialmente en lo que se conoce como el \u201canti monumento a los 43\u201d, en el punto en que inicia la avenida L\u00e1zaro C\u00e1rdenas.<br \/>\nCaminaron hacia el sur, tomando un tramo de la lateral del boulevard Vicente Guerrero y llegando hasta las instalaciones de la Ciudad Judicial, en cuya puerta de acceso realizaron un mitin.<br \/>\nLos normalistas solicitaron que se haga justicia plena en el caso de sus dos compa\u00f1eros, que este 4 de octubre cumplieron un a\u00f1o de ser asesinados, cuando la urvan del transporte p\u00fablico en que viajaban fue interceptada por un grupo de delincuentes.<br \/>\nLos representantes de la sociedad de alumnos Ricardo Flores Mag\u00f3n, de Ayotzinapa, cuestionaron el hecho de que la Fiscal\u00eda General del Estado (FGE) se aferre a enmarcar el doble asesinato en un acto generado al calor de un atraco, cuando en realidad tiene que ver con el proceso de criminalizaci\u00f3n que enfrenta la normal desde hace muchos a\u00f1os.<br \/>\nPor esa raz\u00f3n, dijeron que no est\u00e1n satisfechos con el manejo que la FGE le est\u00e1 dando al asunto, pues al encuadrarlo solo en un evento relacionado con delincuencia com\u00fan, permitan que siga la campa\u00f1a de estigmatizaci\u00f3n que enfrenta la instituci\u00f3n, lo que genera la percepci\u00f3n en muchos de que al agredir a los normalistas est\u00e1 justificado.<\/p>\n","protected":false},"excerpt":{"rendered":"<p>Exigen justicia para sus compa\u00f1eros asesinados hace un a\u00f1o Estudiantes de diferentes planteles marcharon en Chilpancingo para exigir justicia en asesinato de Filem\u00f3n Tacuba Castro y Jonathan Morales Hern\u00e1ndez, alumnos&hellip; <\/p>\n","protected":false},"author":1,"featured_media":0,"comment_status":"closed","ping_status":"closed","sticky":false,"template":"","format":"standard","meta":{"fifu_image_url":"","fifu_image_alt":"","footnotes":""},"categories":[8,15],"tags":[],"class_list":["post-8908","post","type-post","status-publish","format-standard","hentry","category-featured","category-movimientos-sociales"],"_links":{"self":[{"href":"https:\/\/www.interaccionnoticias.com.mx\/index.php?rest_route=\/wp\/v2\/posts\/8908","targetHints":{"allow":["GET"]}}],"collection":[{"href":"https:\/\/www.interaccionnoticias.com.mx\/index.php?rest_route=\/wp\/v2\/posts"}],"about":[{"href":"https:\/\/www.interaccionnoticias.com.mx\/index.php?rest_route=\/wp\/v2\/types\/post"}],"author":[{"embeddable":true,"href":"https:\/\/www.interaccionnoticias.com.mx\/index.php?rest_route=\/wp\/v2\/users\/1"}],"replies":[{"embeddable":true,"href":"https:\/\/www.interaccionnoticias.com.mx\/index.php?rest_route=%2Fwp%2Fv2%2Fcomments&post=8908"}],"version-history":[{"count":0,"href":"https:\/\/www.interaccionnoticias.com.mx\/index.php?rest_route=\/wp\/v2\/posts\/8908\/revisions"}],"wp:attachment":[{"href":"https:\/\/www.interaccionnoticias.com.mx\/index.php?rest_route=%2Fwp%2Fv2%2Fmedia&parent=8908"}],"wp:term":[{"taxonomy":"category","embeddable":true,"href":"https:\/\/www.interaccionnoticias.com.mx\/index.php?rest_route=%2Fwp%2Fv2%2Fcategories&post=8908"},{"taxonomy":"post_tag","embeddable":true,"href":"https:\/\/www.interaccionnoticias.com.mx\/index.php?rest_route=%2Fwp%2Fv2%2Ftags&post=8908"}],"curies":[{"name":"wp","href":"https:\/\/api.w.org\/{rel}","templated":true}]}}