{"id":89066,"date":"2025-03-20T18:22:33","date_gmt":"2025-03-21T00:22:33","guid":{"rendered":"https:\/\/www.interaccionnoticias.com.mx\/?p=89066"},"modified":"2025-03-20T18:22:35","modified_gmt":"2025-03-21T00:22:35","slug":"se-ilumina-el-kiosco-de-acapulco-con-fotos-de-desaparecidos","status":"publish","type":"post","link":"https:\/\/www.interaccionnoticias.com.mx\/?p=89066","title":{"rendered":"Se ilumina el kiosco de Acapulco con fotos de desaparecidos"},"content":{"rendered":"\n<p><strong><em>&#8212; Colocan 300 fotograf\u00edas de hombres, mujeres y j\u00f3venes<br>&#8212; Buscan continuar visibilizando a sus seres ausentes<\/em><\/strong><\/p>\n\n\n\n<p><strong>Javier Trujillo<\/strong><\/p>\n\n\n\n<p><strong>Acapulco, Gro. &#8211;<\/strong> Integrantes del colectivo Memoria, Verdad y Justicia, iluminaron el kiosko del z\u00f3calo de Acapulco, con 300 fotograf\u00edas de sus seres queridos que buscan desde hace varios a\u00f1os.<\/p>\n\n\n\n<p>Son los rostros de decenas de j\u00f3venes y adultos tanto hombres como mujeres que est\u00e1n desaparecidos a los que todos los d\u00edas, semanas, meses y a\u00f1os sus familiares contin\u00faan busc\u00e1ndolos.<\/p>\n\n\n\n<p>Las fotograf\u00edas son de los que integran el colectivo que lidera Socorro Gil Guzm\u00e1n, quien busca desde hace seis a\u00f1os a su hijo Jonathan Guadalupe Romero Gil, quien desapareci\u00f3 desde diciembre del 2018 a manos de efectivos de la Polic\u00eda Municipal de Acapulco.<\/p>\n\n\n\n<p>En entrevista, la madre buscadora Gil Guzm\u00e1n, se\u00f1ala que el kiosco del z\u00f3calo porte\u00f1o es un lugar muy significativo, porque ah\u00ed llegan muchas personas y alguna de ellas podr\u00eda darles alguna informaci\u00f3n.<\/p>\n\n\n\n<p>En entrevista, la representante del colectivo, Socorro Gil, detall\u00f3 que la iniciativa de colocar fotograf\u00edas, es parte de las acciones que tienen como objetivo visibilizar la aguda crisis por la desaparici\u00f3n por la que atraviesa el pa\u00eds y que afecta al estado de Guerrero.<\/p>\n\n\n\n<p>Mencion\u00f3 que con el uso de espacios p\u00fablicos se pretende preservar en la memoria colectiva la tragedia que viven las familias de las buscadoras, al no saber nada sobre sus seres queridos.<\/p>\n\n\n\n<p>Adem\u00e1s, esperan que alguna persona pueda reconocerlos y brinden informaci\u00f3n que les ayude a encontrarlos.<\/p>\n\n\n\n<p>\u201cNosotros tenemos la esperanza de encontrarlos, y que todas las personas que se acerque pues los pueda conocer, porque podr\u00edan estar en situaci\u00f3n de calle, porque se han dado casos que se han encontrado.<\/p>\n\n\n\n<p>\u201cA la alcaldesa Abelina L\u00f3pez Rodr\u00edguez, s\u00ed no est\u00e1n de acuerdo en que las fotograf\u00edas permanezcan aqu\u00ed, que si no est\u00e1n de acuerdo que no nos quiten las fotograf\u00edas de este lugar\u201d, expres\u00f3.<\/p>\n\n\n\n<p>Lo anterior, luego del retiro de las fotograf\u00edas de b\u00fasqueda que han sido colocadas, el gobierno municipal las retir\u00f3 de diferentes sitios que sirvieron a las madres buscadoras para visibilizar a sus seres queridos.<\/p>\n\n\n\n<div class=\"wp-block-jetpack-slideshow aligncenter\" data-effect=\"slide\"><div class=\"wp-block-jetpack-slideshow_container swiper-container\"><ul class=\"wp-block-jetpack-slideshow_swiper-wrapper swiper-wrapper\"><li class=\"wp-block-jetpack-slideshow_slide swiper-slide\"><figure><img decoding=\"async\" src=\"data:image\/gif;base64,R0lGODlhAQABAIAAAAAAAP\/\/\/ywAAAAAAQABAAACAUwAOw==\" fifu-lazy=\"1\" fifu-data-sizes=\"auto\" fifu-data-srcset=\"https:\/\/i2.wp.com\/www.interaccionnoticias.com.mx\/wp-content\/uploads\/2025\/03\/250320-kiosco-Acapulco-desaparecidos-1-1024x683.jpg?ssl=1&w=75&resize=75&ssl=1 75w, https:\/\/i2.wp.com\/www.interaccionnoticias.com.mx\/wp-content\/uploads\/2025\/03\/250320-kiosco-Acapulco-desaparecidos-1-1024x683.jpg?ssl=1&w=100&resize=100&ssl=1 100w, https:\/\/i2.wp.com\/www.interaccionnoticias.com.mx\/wp-content\/uploads\/2025\/03\/250320-kiosco-Acapulco-desaparecidos-1-1024x683.jpg?ssl=1&w=150&resize=150&ssl=1 150w, https:\/\/i2.wp.com\/www.interaccionnoticias.com.mx\/wp-content\/uploads\/2025\/03\/250320-kiosco-Acapulco-desaparecidos-1-1024x683.jpg?ssl=1&w=240&resize=240&ssl=1 240w, https:\/\/i2.wp.com\/www.interaccionnoticias.com.mx\/wp-content\/uploads\/2025\/03\/250320-kiosco-Acapulco-desaparecidos-1-1024x683.jpg?ssl=1&w=320&resize=320&ssl=1 320w, https:\/\/i2.wp.com\/www.interaccionnoticias.com.mx\/wp-content\/uploads\/2025\/03\/250320-kiosco-Acapulco-desaparecidos-1-1024x683.jpg?ssl=1&w=500&resize=500&ssl=1 500w, https:\/\/i2.wp.com\/www.interaccionnoticias.com.mx\/wp-content\/uploads\/2025\/03\/250320-kiosco-Acapulco-desaparecidos-1-1024x683.jpg?ssl=1&w=640&resize=640&ssl=1 640w, https:\/\/i2.wp.com\/www.interaccionnoticias.com.mx\/wp-content\/uploads\/2025\/03\/250320-kiosco-Acapulco-desaparecidos-1-1024x683.jpg?ssl=1&w=800&resize=800&ssl=1 800w, https:\/\/i2.wp.com\/www.interaccionnoticias.com.mx\/wp-content\/uploads\/2025\/03\/250320-kiosco-Acapulco-desaparecidos-1-1024x683.jpg?ssl=1&w=1024&resize=1024&ssl=1 1024w, https:\/\/i2.wp.com\/www.interaccionnoticias.com.mx\/wp-content\/uploads\/2025\/03\/250320-kiosco-Acapulco-desaparecidos-1-1024x683.jpg?ssl=1&w=1280&resize=1280&ssl=1 1280w, https:\/\/i2.wp.com\/www.interaccionnoticias.com.mx\/wp-content\/uploads\/2025\/03\/250320-kiosco-Acapulco-desaparecidos-1-1024x683.jpg?ssl=1&w=1600&resize=1600&ssl=1 1600w\" alt=\"\" class=\"wp-block-jetpack-slideshow_image wp-image-89067\" data-id=\"89067\" fifu-data-src=\"https:\/\/i2.wp.com\/www.interaccionnoticias.com.mx\/wp-content\/uploads\/2025\/03\/250320-kiosco-Acapulco-desaparecidos-1-1024x683.jpg?ssl=1\"\/><\/figure><\/li><li class=\"wp-block-jetpack-slideshow_slide swiper-slide\"><figure><img decoding=\"async\" src=\"data:image\/gif;base64,R0lGODlhAQABAIAAAAAAAP\/\/\/ywAAAAAAQABAAACAUwAOw==\" fifu-lazy=\"1\" fifu-data-sizes=\"auto\" fifu-data-srcset=\"https:\/\/i0.wp.com\/www.interaccionnoticias.com.mx\/wp-content\/uploads\/2025\/03\/250320-kiosco-Acapulco-desaparecidos-2-683x1024.jpg?ssl=1&w=75&resize=75&ssl=1 75w, https:\/\/i0.wp.com\/www.interaccionnoticias.com.mx\/wp-content\/uploads\/2025\/03\/250320-kiosco-Acapulco-desaparecidos-2-683x1024.jpg?ssl=1&w=100&resize=100&ssl=1 100w, https:\/\/i0.wp.com\/www.interaccionnoticias.com.mx\/wp-content\/uploads\/2025\/03\/250320-kiosco-Acapulco-desaparecidos-2-683x1024.jpg?ssl=1&w=150&resize=150&ssl=1 150w, https:\/\/i0.wp.com\/www.interaccionnoticias.com.mx\/wp-content\/uploads\/2025\/03\/250320-kiosco-Acapulco-desaparecidos-2-683x1024.jpg?ssl=1&w=240&resize=240&ssl=1 240w, https:\/\/i0.wp.com\/www.interaccionnoticias.com.mx\/wp-content\/uploads\/2025\/03\/250320-kiosco-Acapulco-desaparecidos-2-683x1024.jpg?ssl=1&w=320&resize=320&ssl=1 320w, https:\/\/i0.wp.com\/www.interaccionnoticias.com.mx\/wp-content\/uploads\/2025\/03\/250320-kiosco-Acapulco-desaparecidos-2-683x1024.jpg?ssl=1&w=500&resize=500&ssl=1 500w, https:\/\/i0.wp.com\/www.interaccionnoticias.com.mx\/wp-content\/uploads\/2025\/03\/250320-kiosco-Acapulco-desaparecidos-2-683x1024.jpg?ssl=1&w=640&resize=640&ssl=1 640w, https:\/\/i0.wp.com\/www.interaccionnoticias.com.mx\/wp-content\/uploads\/2025\/03\/250320-kiosco-Acapulco-desaparecidos-2-683x1024.jpg?ssl=1&w=800&resize=800&ssl=1 800w, https:\/\/i0.wp.com\/www.interaccionnoticias.com.mx\/wp-content\/uploads\/2025\/03\/250320-kiosco-Acapulco-desaparecidos-2-683x1024.jpg?ssl=1&w=1024&resize=1024&ssl=1 1024w, https:\/\/i0.wp.com\/www.interaccionnoticias.com.mx\/wp-content\/uploads\/2025\/03\/250320-kiosco-Acapulco-desaparecidos-2-683x1024.jpg?ssl=1&w=1280&resize=1280&ssl=1 1280w, https:\/\/i0.wp.com\/www.interaccionnoticias.com.mx\/wp-content\/uploads\/2025\/03\/250320-kiosco-Acapulco-desaparecidos-2-683x1024.jpg?ssl=1&w=1600&resize=1600&ssl=1 1600w\" alt=\"\" class=\"wp-block-jetpack-slideshow_image wp-image-89068\" data-id=\"89068\" fifu-data-src=\"https:\/\/i0.wp.com\/www.interaccionnoticias.com.mx\/wp-content\/uploads\/2025\/03\/250320-kiosco-Acapulco-desaparecidos-2-683x1024.jpg?ssl=1\"\/><\/figure><\/li><\/ul><a class=\"wp-block-jetpack-slideshow_button-prev swiper-button-prev swiper-button-white\" role=\"button\"><\/a><a class=\"wp-block-jetpack-slideshow_button-next swiper-button-next swiper-button-white\" role=\"button\"><\/a><a aria-label=\"Pause Slideshow\" class=\"wp-block-jetpack-slideshow_button-pause\" role=\"button\"><\/a><div class=\"wp-block-jetpack-slideshow_pagination swiper-pagination swiper-pagination-white\"><\/div><\/div><\/div>\n","protected":false},"excerpt":{"rendered":"<p>&#8212; Colocan 300 fotograf\u00edas de hombres, mujeres y j\u00f3venes&#8212; Buscan continuar visibilizando a sus seres ausentes Javier Trujillo Acapulco, Gro. &#8211; Integrantes del colectivo Memoria, Verdad y Justicia, iluminaron el&hellip; <\/p>\n","protected":false},"author":3,"featured_media":89067,"comment_status":"open","ping_status":"open","sticky":false,"template":"","format":"standard","meta":{"fifu_image_url":"","fifu_image_alt":"","footnotes":""},"categories":[242],"tags":[],"class_list":["post-89066","post","type-post","status-publish","format-standard","has-post-thumbnail","hentry","category-acapulco"],"_links":{"self":[{"href":"https:\/\/www.interaccionnoticias.com.mx\/index.php?rest_route=\/wp\/v2\/posts\/89066","targetHints":{"allow":["GET"]}}],"collection":[{"href":"https:\/\/www.interaccionnoticias.com.mx\/index.php?rest_route=\/wp\/v2\/posts"}],"about":[{"href":"https:\/\/www.interaccionnoticias.com.mx\/index.php?rest_route=\/wp\/v2\/types\/post"}],"author":[{"embeddable":true,"href":"https:\/\/www.interaccionnoticias.com.mx\/index.php?rest_route=\/wp\/v2\/users\/3"}],"replies":[{"embeddable":true,"href":"https:\/\/www.interaccionnoticias.com.mx\/index.php?rest_route=%2Fwp%2Fv2%2Fcomments&post=89066"}],"version-history":[{"count":1,"href":"https:\/\/www.interaccionnoticias.com.mx\/index.php?rest_route=\/wp\/v2\/posts\/89066\/revisions"}],"predecessor-version":[{"id":89069,"href":"https:\/\/www.interaccionnoticias.com.mx\/index.php?rest_route=\/wp\/v2\/posts\/89066\/revisions\/89069"}],"wp:featuredmedia":[{"embeddable":true,"href":"https:\/\/www.interaccionnoticias.com.mx\/index.php?rest_route=\/wp\/v2\/media\/89067"}],"wp:attachment":[{"href":"https:\/\/www.interaccionnoticias.com.mx\/index.php?rest_route=%2Fwp%2Fv2%2Fmedia&parent=89066"}],"wp:term":[{"taxonomy":"category","embeddable":true,"href":"https:\/\/www.interaccionnoticias.com.mx\/index.php?rest_route=%2Fwp%2Fv2%2Fcategories&post=89066"},{"taxonomy":"post_tag","embeddable":true,"href":"https:\/\/www.interaccionnoticias.com.mx\/index.php?rest_route=%2Fwp%2Fv2%2Ftags&post=89066"}],"curies":[{"name":"wp","href":"https:\/\/api.w.org\/{rel}","templated":true}]}}