{"id":89052,"date":"2025-03-20T17:51:41","date_gmt":"2025-03-20T23:51:41","guid":{"rendered":"https:\/\/www.interaccionnoticias.com.mx\/?p=89052"},"modified":"2025-03-20T17:51:43","modified_gmt":"2025-03-20T23:51:43","slug":"madres-buscadoras-no-fueron-consultadas-para-la-designacion-del-titular-de-la-cebp","status":"publish","type":"post","link":"https:\/\/www.interaccionnoticias.com.mx\/?p=89052","title":{"rendered":"Madres buscadoras no fueron consultadas para la designaci\u00f3n del titular de la CEBP"},"content":{"rendered":"\n<p><strong><em>&#8212; El colectivo Madres Igualtecas desconoce al reci\u00e9n nombrado titular de la Comisi\u00f3n Estatal de B\u00fasqueda de Personas (CEBP), Alejandro Garc\u00eda Solorio<br>&#8212; Reprochan que no fueron tomadas en cuenta para la designaci\u00f3n y tampoco hubo convocatoria<\/em><\/strong><\/p>\n\n\n\n<p><strong>Yasm\u00edn Garc\u00eda<\/strong><\/p>\n\n\n\n<p>Colectivos de madres buscadoras desconocieron al nuevo titular de la Comisi\u00f3n Estatal de B\u00fasqueda de Personas (CEBP), Alejandro Garc\u00eda Solorio, quien fue designado por la gobernadora Evelyn Salgado Pineda, despu\u00e9s de un mes de permanecer ac\u00e9fala.<\/p>\n\n\n\n<p>En entrevista tel\u00e9fonica, la representante del colectivo Madres Igualtecas, Sandra Luz Rom\u00e1n Jaimes, inform\u00f3 que deben de ser las v\u00edctimas quienes propongan al titular, ya que requieren de personas que se solidaricen y sean emp\u00e1ticas con las organizaciones, adem\u00e1s de no revictimizarlas.<\/p>\n\n\n\n<p>Reproch\u00f3 que no hubo una convocatoria como en otros Estados, tampoco se les consult\u00f3 sobre la designaci\u00f3n, por eso es que las integrantes del colectivo desconocieron al nuevo titular.<\/p>\n\n\n\n<p>\u00abNo queremos que el mismo gobierno los ponga, lo que queremos es gente comprometida con nosotros que conoce de b\u00fasquedas, que sepa tratar a las v\u00edctimas, seguimos en omisiones porque no nos tomaron en cuenta, solo nos dijeron aqu\u00ed esta es \u00e9l (comisionado) y no lo vamos aceptar, no lo reconocemos al menos como colectivo que represento no lo reconocemos\u00bb, dijo la madre de Ivette Melissa Flores Rom\u00e1n desaparecida, en Iguala desde 2012.<\/p>\n\n\n\n<p>El colectivo Madres Igualtecas da acompa\u00f1amiento a 243 v\u00edctimas, tiene 163 carpetas federales y da acompa\u00f1amiento a 80 denuncias locales.<\/p>\n\n\n\n<p>Rom\u00e1n Jaimes indic\u00f3 que el nombramiento del titular de la CEBP es por \u00abacuerdo pol\u00edtico\u00bb ya que no hubo una convocatoria.<\/p>\n\n\n\n<p>Subray\u00f3 que ma\u00f1ana tienen una reuni\u00f3n con la Comisi\u00f3n Estatal de Derechos Humanos en Chilpancingo, en donde expondr\u00e1n su inconformidad ante esta designaci\u00f3n.<\/p>\n\n\n\n<p>Ante la crisis de desapariciones, hizo una llamado a la poblaci\u00f3n a no dejarlas solas y hacerles saber si tiene informaci\u00f3n de alg\u00fan punto en donde puedan buscar a sus familiares ya que ellas se encargan de ir al lugar.<\/p>\n\n\n\n<p>\u00abQue nos manden un mensaje an\u00f3nimo, nos pueden dejar un mensaje en la p\u00e1gina del colectivo Memoria, Verdad y Justicia Acapulco o de Justicia para Jonathan Guadalupe Romero Gil nosotras nos encargamos de ir al lugar, no buscamos culpables\u00bb.<\/p>\n","protected":false},"excerpt":{"rendered":"<p>&#8212; El colectivo Madres Igualtecas desconoce al reci\u00e9n nombrado titular de la Comisi\u00f3n Estatal de B\u00fasqueda de Personas (CEBP), Alejandro Garc\u00eda Solorio&#8212; Reprochan que no fueron tomadas en cuenta para&hellip; <\/p>\n","protected":false},"author":32,"featured_media":89053,"comment_status":"open","ping_status":"open","sticky":false,"template":"","format":"standard","meta":{"fifu_image_url":"","fifu_image_alt":"","footnotes":""},"categories":[11],"tags":[],"class_list":["post-89052","post","type-post","status-publish","format-standard","has-post-thumbnail","hentry","category-guerrero"],"_links":{"self":[{"href":"https:\/\/www.interaccionnoticias.com.mx\/index.php?rest_route=\/wp\/v2\/posts\/89052","targetHints":{"allow":["GET"]}}],"collection":[{"href":"https:\/\/www.interaccionnoticias.com.mx\/index.php?rest_route=\/wp\/v2\/posts"}],"about":[{"href":"https:\/\/www.interaccionnoticias.com.mx\/index.php?rest_route=\/wp\/v2\/types\/post"}],"author":[{"embeddable":true,"href":"https:\/\/www.interaccionnoticias.com.mx\/index.php?rest_route=\/wp\/v2\/users\/32"}],"replies":[{"embeddable":true,"href":"https:\/\/www.interaccionnoticias.com.mx\/index.php?rest_route=%2Fwp%2Fv2%2Fcomments&post=89052"}],"version-history":[{"count":1,"href":"https:\/\/www.interaccionnoticias.com.mx\/index.php?rest_route=\/wp\/v2\/posts\/89052\/revisions"}],"predecessor-version":[{"id":89054,"href":"https:\/\/www.interaccionnoticias.com.mx\/index.php?rest_route=\/wp\/v2\/posts\/89052\/revisions\/89054"}],"wp:featuredmedia":[{"embeddable":true,"href":"https:\/\/www.interaccionnoticias.com.mx\/index.php?rest_route=\/wp\/v2\/media\/89053"}],"wp:attachment":[{"href":"https:\/\/www.interaccionnoticias.com.mx\/index.php?rest_route=%2Fwp%2Fv2%2Fmedia&parent=89052"}],"wp:term":[{"taxonomy":"category","embeddable":true,"href":"https:\/\/www.interaccionnoticias.com.mx\/index.php?rest_route=%2Fwp%2Fv2%2Fcategories&post=89052"},{"taxonomy":"post_tag","embeddable":true,"href":"https:\/\/www.interaccionnoticias.com.mx\/index.php?rest_route=%2Fwp%2Fv2%2Ftags&post=89052"}],"curies":[{"name":"wp","href":"https:\/\/api.w.org\/{rel}","templated":true}]}}