{"id":89049,"date":"2025-03-20T17:44:02","date_gmt":"2025-03-20T23:44:02","guid":{"rendered":"https:\/\/www.interaccionnoticias.com.mx\/?p=89049"},"modified":"2025-03-20T17:44:04","modified_gmt":"2025-03-20T23:44:04","slug":"congreso-local-descarta-ruptura-del-dialogo-con-la-crac-pc","status":"publish","type":"post","link":"https:\/\/www.interaccionnoticias.com.mx\/?p=89049","title":{"rendered":"Congreso local descarta ruptura del dialogo con la CRAC-PC"},"content":{"rendered":"\n<p><strong><em>&#8212; \u201cEl proceso de armonizaci\u00f3n Constitucional en materia de Derechos y Cultura Ind\u00edgena ya est\u00e1 en marcha\u201d, se\u00f1ala el presidente de la JUCOPO, Jes\u00fas Uri\u00f3stegui Salgado<\/em><\/strong><\/p>\n\n\n\n<p><strong>Rogelio Agust\u00edn<\/strong><\/p>\n\n\n\n<p>El presidente de la Junta de Coordinaci\u00f3n Pol\u00edtica (JUCOPO) del Congreso local, Jes\u00fas Uriostegui Garc\u00eda neg\u00f3 que est\u00e9 roto el dialogo con la Coordinadora Regional de Autoridades Comunitarias (CRAC), cuyos coordinadores amagan con movilizarse al no conseguir el reconocimiento a sus sistemas normativos en materia de procuraci\u00f3n y administraci\u00f3n de justicia, en el marco de la armonizaci\u00f3n constitucional en materia de derechos y cultura ind\u00edgena.<\/p>\n\n\n\n<p>El martes 18 de marzo, los coordinadores de las cinco casas de justicia de la CRAC acusaron al Congreso de \u201ctraicionar\u201d las mesas de dialogo que hab\u00edan desarrollado, de cara a la armonizaci\u00f3n de la Constituci\u00f3n Pol\u00edtica del Estado en materia de derechos y cultura de los pueblos originarios.<\/p>\n\n\n\n<p>Dijeron que regresar\u00edan a sus pueblos y que regresar\u00edan a Chilpancingo d\u00edas despu\u00e9s, probablemente para movilizarse.<\/p>\n\n\n\n<p>Ante dicha advertencia, el presidente de la JUCOPO refiri\u00f3 que pese a las declaraciones de los representantes de la CRAC-PC, el Congreso se mantiene dispuesto a dialogar, con la certeza de que existe respeto al trabajo que la comunitaria ha desarrollado en los \u00faltimos 30 a\u00f1os en sus zonas de influencia.<\/p>\n\n\n\n<p>Pero aclar\u00f3: \u201cSin embargo la situaci\u00f3n es muy clara; nosotros vamos a hacer una armonizaci\u00f3n que tenemos que desahogar con la iniciativa que se present\u00f3 en lo federal y debemos armonizarla, pero ya vendr\u00e1n otros ejercicios\u201d.<\/p>\n\n\n\n<p>En consecuencia, hizo la invitaci\u00f3n a los coordinadores de las casas de justicia de la CRAC para mantenerse en la ruta del dialogo, ya que esa es la manera en la que se podr\u00e1 superar cualquier tema que se complique.<\/p>\n\n\n\n<p>Indic\u00f3 que mientras haya disposici\u00f3n a dialogar, existir\u00e1 la posibilidad de realizar las adecuaciones que se planteen de manera sustentada.<\/p>\n\n\n\n<p>Precis\u00f3 que en el contexto de la armonizaci\u00f3n que ya est\u00e1 en curso, no se puede ir m\u00e1s all\u00e1 del margen que establece la Constituci\u00f3n General de la Rep\u00fablica vigente.<\/p>\n\n\n\n<p>\u201cNosotros reiteramos el respeto y respaldo al trabajo de la CRAC, pero debemos ser muy congruentes en el proceso de armonizaci\u00f3n que tenemos enfrente, no podemos ir m\u00e1s all\u00e1 de lo que est\u00e1 contenido en la Constituci\u00f3n\u201d, anot\u00f3.<\/p>\n\n\n\n<p>Pese a las declaraciones hechas el martes, dijo que la reuni\u00f3n con los integrantes de la CRAC se desarroll\u00f3 en un ambiente de respeto y tranquilidad.<\/p>\n","protected":false},"excerpt":{"rendered":"<p>&#8212; \u201cEl proceso de armonizaci\u00f3n Constitucional en materia de Derechos y Cultura Ind\u00edgena ya est\u00e1 en marcha\u201d, se\u00f1ala el presidente de la JUCOPO, Jes\u00fas Uri\u00f3stegui Salgado Rogelio Agust\u00edn El presidente&hellip; <\/p>\n","protected":false},"author":21,"featured_media":89050,"comment_status":"open","ping_status":"open","sticky":false,"template":"","format":"standard","meta":{"fifu_image_url":"","fifu_image_alt":"","footnotes":""},"categories":[2],"tags":[],"class_list":["post-89049","post","type-post","status-publish","format-standard","has-post-thumbnail","hentry","category-congreso"],"_links":{"self":[{"href":"https:\/\/www.interaccionnoticias.com.mx\/index.php?rest_route=\/wp\/v2\/posts\/89049","targetHints":{"allow":["GET"]}}],"collection":[{"href":"https:\/\/www.interaccionnoticias.com.mx\/index.php?rest_route=\/wp\/v2\/posts"}],"about":[{"href":"https:\/\/www.interaccionnoticias.com.mx\/index.php?rest_route=\/wp\/v2\/types\/post"}],"author":[{"embeddable":true,"href":"https:\/\/www.interaccionnoticias.com.mx\/index.php?rest_route=\/wp\/v2\/users\/21"}],"replies":[{"embeddable":true,"href":"https:\/\/www.interaccionnoticias.com.mx\/index.php?rest_route=%2Fwp%2Fv2%2Fcomments&post=89049"}],"version-history":[{"count":1,"href":"https:\/\/www.interaccionnoticias.com.mx\/index.php?rest_route=\/wp\/v2\/posts\/89049\/revisions"}],"predecessor-version":[{"id":89051,"href":"https:\/\/www.interaccionnoticias.com.mx\/index.php?rest_route=\/wp\/v2\/posts\/89049\/revisions\/89051"}],"wp:featuredmedia":[{"embeddable":true,"href":"https:\/\/www.interaccionnoticias.com.mx\/index.php?rest_route=\/wp\/v2\/media\/89050"}],"wp:attachment":[{"href":"https:\/\/www.interaccionnoticias.com.mx\/index.php?rest_route=%2Fwp%2Fv2%2Fmedia&parent=89049"}],"wp:term":[{"taxonomy":"category","embeddable":true,"href":"https:\/\/www.interaccionnoticias.com.mx\/index.php?rest_route=%2Fwp%2Fv2%2Fcategories&post=89049"},{"taxonomy":"post_tag","embeddable":true,"href":"https:\/\/www.interaccionnoticias.com.mx\/index.php?rest_route=%2Fwp%2Fv2%2Ftags&post=89049"}],"curies":[{"name":"wp","href":"https:\/\/api.w.org\/{rel}","templated":true}]}}