{"id":89046,"date":"2025-03-20T17:39:45","date_gmt":"2025-03-20T23:39:45","guid":{"rendered":"https:\/\/www.interaccionnoticias.com.mx\/?p=89046"},"modified":"2025-03-20T17:39:47","modified_gmt":"2025-03-20T23:39:47","slug":"garantizan-la-seguridad-y-el-abasto-de-carne-en-el-mercado-central-de-chilpancingo","status":"publish","type":"post","link":"https:\/\/www.interaccionnoticias.com.mx\/?p=89046","title":{"rendered":"Garantizan la seguridad y el abasto de carne en el mercado central de Chilpancingo"},"content":{"rendered":"\n<p><strong><em>&#8212; Fue un intento de asalto, se\u00f1ala el subsecretario de Desarrollo Pol\u00edtico, Francisco Rodr\u00edguez Cisneros<br>&#8212; Reconoce que se han vivido momentos complicados en la capital del Estado, pero sostiene que la poblaci\u00f3n puede acudir con tranquilidad a la principal central de abastos<br>&#8212; Hay un operativo para inhibir hechos como el del mi\u00e9rcoles 19 de marzo<\/em><\/strong><\/p>\n\n\n\n<p><strong>Rogelio Agust\u00edn<\/strong><\/p>\n\n\n\n<p>De manera preliminar, las autoridades tienen la informaci\u00f3n de que el ataque en contra del responsable de la distribuci\u00f3n de carne en el mercado central de Chilpancingo fue un intento de asalto, lo que descarta el riesgo de que haya una confrontaci\u00f3n entre grupos delictivos por el control de la principal central de abastos de la ciudad.<\/p>\n\n\n\n<p>La tarde del mi\u00e9rcoles 19 de marzo, en el acceso al \u00e1rea de carga se registr\u00f3 un ataque en el que un elemento de la Polic\u00eda Auxiliar fue asesinado a balazos, el responsable de la distribuci\u00f3n de carne de cerdo sufri\u00f3 varias heridas de bala y un polic\u00eda m\u00e1s logr\u00f3 salir ileso.<\/p>\n\n\n\n<p>Ante las dudas que se han generado por el hecho, en una conferencia realizada en la residencia oficial Casa Guerrero, el subsecretario de Desarrollo Pol\u00edtico de la Secretar\u00eda General de Gobierno, Francisco Rodr\u00edguez Cisneros descart\u00f3 la posibilidad de que el hecho vaya a provocar el desabasto de carne o de cualquier otro producto para la ciudad.<\/p>\n\n\n\n<p>De manera escueta, refiri\u00f3 que la informaci\u00f3n preliminar que se desprende del hecho, \u201cse sabe que fue un intento de asalto\u201d.<\/p>\n\n\n\n<p>Dicha informaci\u00f3n, deja de lado la posibilidad de que haya una pugna entre grupos delictivos por hacerse del control del mercado m\u00e1s importante de la ciudad.<\/p>\n\n\n\n<p>Por eso el funcionario enfatiz\u00f3: \u201cNo hay ninguna situaci\u00f3n que genere desabasto en la ciudad\u201d.<\/p>\n\n\n\n<p>El funcionario agreg\u00f3 adem\u00e1s, que se tiene un operativo importante en las inmediaciones de dicho mercado, con la intenci\u00f3n de inhibir cualquier situaci\u00f3n similar.<\/p>\n\n\n\n<p>Apunt\u00f3: \u201cSe est\u00e1 trabajando en acciones preventivas, para garantizar que la gente acuda a dicha central y les decimos de manera clara, que no habr\u00e1 desabasto de carne ni de ning\u00fan otro producto\u201d.<\/p>\n\n\n\n<p>Rodr\u00edguez Cisneros record\u00f3 que en la capital de Guerrero se han vivido momentos dif\u00edciles, lo que ha propiciado que las autoridades realicen trabajos extraordinarios para mantener la tranquilidad.<\/p>\n\n\n\n<p>Record\u00f3 que Chilpancingo es uno de los municipios prioritarios para el estado de Guerrero, de tal manera que los tres niveles de gobierno trabajan de manera cotidiana para mantener la gobernabilidad y garantizar la integridad de la poblaci\u00f3n.<\/p>\n","protected":false},"excerpt":{"rendered":"<p>&#8212; Fue un intento de asalto, se\u00f1ala el subsecretario de Desarrollo Pol\u00edtico, Francisco Rodr\u00edguez Cisneros&#8212; Reconoce que se han vivido momentos complicados en la capital del Estado, pero sostiene que&hellip; <\/p>\n","protected":false},"author":21,"featured_media":89047,"comment_status":"open","ping_status":"open","sticky":false,"template":"","format":"standard","meta":{"fifu_image_url":"","fifu_image_alt":"","footnotes":""},"categories":[11],"tags":[],"class_list":["post-89046","post","type-post","status-publish","format-standard","has-post-thumbnail","hentry","category-guerrero"],"_links":{"self":[{"href":"https:\/\/www.interaccionnoticias.com.mx\/index.php?rest_route=\/wp\/v2\/posts\/89046","targetHints":{"allow":["GET"]}}],"collection":[{"href":"https:\/\/www.interaccionnoticias.com.mx\/index.php?rest_route=\/wp\/v2\/posts"}],"about":[{"href":"https:\/\/www.interaccionnoticias.com.mx\/index.php?rest_route=\/wp\/v2\/types\/post"}],"author":[{"embeddable":true,"href":"https:\/\/www.interaccionnoticias.com.mx\/index.php?rest_route=\/wp\/v2\/users\/21"}],"replies":[{"embeddable":true,"href":"https:\/\/www.interaccionnoticias.com.mx\/index.php?rest_route=%2Fwp%2Fv2%2Fcomments&post=89046"}],"version-history":[{"count":1,"href":"https:\/\/www.interaccionnoticias.com.mx\/index.php?rest_route=\/wp\/v2\/posts\/89046\/revisions"}],"predecessor-version":[{"id":89048,"href":"https:\/\/www.interaccionnoticias.com.mx\/index.php?rest_route=\/wp\/v2\/posts\/89046\/revisions\/89048"}],"wp:featuredmedia":[{"embeddable":true,"href":"https:\/\/www.interaccionnoticias.com.mx\/index.php?rest_route=\/wp\/v2\/media\/89047"}],"wp:attachment":[{"href":"https:\/\/www.interaccionnoticias.com.mx\/index.php?rest_route=%2Fwp%2Fv2%2Fmedia&parent=89046"}],"wp:term":[{"taxonomy":"category","embeddable":true,"href":"https:\/\/www.interaccionnoticias.com.mx\/index.php?rest_route=%2Fwp%2Fv2%2Fcategories&post=89046"},{"taxonomy":"post_tag","embeddable":true,"href":"https:\/\/www.interaccionnoticias.com.mx\/index.php?rest_route=%2Fwp%2Fv2%2Ftags&post=89046"}],"curies":[{"name":"wp","href":"https:\/\/api.w.org\/{rel}","templated":true}]}}