{"id":89043,"date":"2025-03-20T16:11:34","date_gmt":"2025-03-20T22:11:34","guid":{"rendered":"https:\/\/www.interaccionnoticias.com.mx\/?p=89043"},"modified":"2025-03-20T16:11:36","modified_gmt":"2025-03-20T22:11:36","slug":"en-guerrero-se-registran-8-casos-de-tosferina","status":"publish","type":"post","link":"https:\/\/www.interaccionnoticias.com.mx\/?p=89043","title":{"rendered":"En Guerrero se registran 8 casos de tosferina"},"content":{"rendered":"\n<p><strong><em>&#8212; Los pacientes son de Acapulco, Zihuatanejo y La Uni\u00f3n<\/em><\/strong><\/p>\n\n\n\n<p><strong>Rosario Garc\u00eda Orozco<\/strong><\/p>\n\n\n\n<p>La secretaria de Salud en el estado, Alondra Garc\u00eda Carbajal inform\u00f3 que Guerrero registra por lo menos ocho casos confirmadoss de tosferina, y que los pacientes son de Acapulco, Zihuatanejo y La Uni\u00f3n.<\/p>\n\n\n\n<p>La funcionaria estatal garantiz\u00f3 la atenci\u00f3n en el primer nivel de los casos registrados, y agreg\u00f3 que en el centros de salud hay vacunas suficientes para ni\u00f1os menores de cinco a\u00f1os, adultos mayores y mujeres embarazadas.<\/p>\n\n\n\n<p>Asegur\u00f3 que a pesar de las dos alertas epidemiol\u00f3gicas emitidas por la Organizaci\u00f3n Mundial de la Salud (OMS) sobre el padecimiento, la tosferina no representa alarma para Guerrero, debido a que ha estado presente en la poblaci\u00f3n.<\/p>\n\n\n\n<p>Sobre los 8 casos identificados en el estado, tanto en Acapulco, como en Zihuatanejo y en La Uni\u00f3n, explic\u00f3 que el personal m\u00e9dico aplic\u00f3 los cercos epidemiol\u00f3gica necesarios para evitar la propagaci\u00f3n del padecimiento y los bloques vacunales de manera oportuna.<\/p>\n\n\n\n<p>Por esa raz\u00f3n recomend\u00f3 a la poblaci\u00f3n, que en caso de presentar s\u00edntomas, como fiebre, tos persistente, dicultad para respirar y flujo nasal, acuda de manera inmediata al hospital, cl\u00ednica o centro de salud m\u00e1s cercano, y evitar la automedicaci\u00f3n para no complicar el cuadro de contagio.<\/p>\n","protected":false},"excerpt":{"rendered":"<p>&#8212; Los pacientes son de Acapulco, Zihuatanejo y La Uni\u00f3n Rosario Garc\u00eda Orozco La secretaria de Salud en el estado, Alondra Garc\u00eda Carbajal inform\u00f3 que Guerrero registra por lo menos&hellip; <\/p>\n","protected":false},"author":14,"featured_media":89044,"comment_status":"open","ping_status":"open","sticky":false,"template":"","format":"standard","meta":{"fifu_image_url":"","fifu_image_alt":"","footnotes":""},"categories":[26],"tags":[],"class_list":["post-89043","post","type-post","status-publish","format-standard","has-post-thumbnail","hentry","category-salud"],"_links":{"self":[{"href":"https:\/\/www.interaccionnoticias.com.mx\/index.php?rest_route=\/wp\/v2\/posts\/89043","targetHints":{"allow":["GET"]}}],"collection":[{"href":"https:\/\/www.interaccionnoticias.com.mx\/index.php?rest_route=\/wp\/v2\/posts"}],"about":[{"href":"https:\/\/www.interaccionnoticias.com.mx\/index.php?rest_route=\/wp\/v2\/types\/post"}],"author":[{"embeddable":true,"href":"https:\/\/www.interaccionnoticias.com.mx\/index.php?rest_route=\/wp\/v2\/users\/14"}],"replies":[{"embeddable":true,"href":"https:\/\/www.interaccionnoticias.com.mx\/index.php?rest_route=%2Fwp%2Fv2%2Fcomments&post=89043"}],"version-history":[{"count":1,"href":"https:\/\/www.interaccionnoticias.com.mx\/index.php?rest_route=\/wp\/v2\/posts\/89043\/revisions"}],"predecessor-version":[{"id":89045,"href":"https:\/\/www.interaccionnoticias.com.mx\/index.php?rest_route=\/wp\/v2\/posts\/89043\/revisions\/89045"}],"wp:featuredmedia":[{"embeddable":true,"href":"https:\/\/www.interaccionnoticias.com.mx\/index.php?rest_route=\/wp\/v2\/media\/89044"}],"wp:attachment":[{"href":"https:\/\/www.interaccionnoticias.com.mx\/index.php?rest_route=%2Fwp%2Fv2%2Fmedia&parent=89043"}],"wp:term":[{"taxonomy":"category","embeddable":true,"href":"https:\/\/www.interaccionnoticias.com.mx\/index.php?rest_route=%2Fwp%2Fv2%2Fcategories&post=89043"},{"taxonomy":"post_tag","embeddable":true,"href":"https:\/\/www.interaccionnoticias.com.mx\/index.php?rest_route=%2Fwp%2Fv2%2Ftags&post=89043"}],"curies":[{"name":"wp","href":"https:\/\/api.w.org\/{rel}","templated":true}]}}