{"id":89027,"date":"2025-03-19T18:28:00","date_gmt":"2025-03-20T00:28:00","guid":{"rendered":"https:\/\/www.interaccionnoticias.com.mx\/?p=89027"},"modified":"2025-03-19T19:48:06","modified_gmt":"2025-03-20T01:48:06","slug":"confia-mc-en-afiliar-a-200-mil-guerrerenses","status":"publish","type":"post","link":"https:\/\/www.interaccionnoticias.com.mx\/?p=89027","title":{"rendered":"Conf\u00eda MC en afiliar a 200 mil guerrerenses"},"content":{"rendered":"\n<p><em><strong>&#8212; La dirigente estatal, Gabriela Bernal asegur\u00f3 que se asignan igual n\u00famero de espacios para hombres y mujeres en los comit\u00e9s municipales y en el estatal<\/strong><\/em><\/p>\n\n\n\n<p><strong>Rosario Garc\u00eda Orozco<\/strong><\/p>\n\n\n\n<p>El Partido Movimiento Ciudadano (MC) tiene como meta en el presente a\u00f1o afiliar a por lo menos 200 mil militantes guerrerenses inform\u00f3 su dirigente, Gabriela Bernal Res\u00e9ndiz.<\/p>\n\n\n\n<p>Explic\u00f3 que la cifra meta es la alcanzada en la \u00faltima elecci\u00f3n a senador, en los comicios del 2024.<\/p>\n\n\n\n<p>Agreg\u00f3 que ese partido se encuentra en una etapa de reestructuraci\u00f3n de las coordinaciones municipales \u201cy es ah\u00ed donde nos estamos enfocando en poder representar dignamente a estas personas que han cre\u00eddo el Movimiento Ciudadano que hoy es la segunda fuerza pol\u00edtica a nivel nacional\u201d.<\/p>\n\n\n\n<p>Coment\u00f3 que en las reestructuras municipales, la dirigencia determin\u00f3 que los espacios est\u00e9n destinados en un 50 por ciento para mujeres y la misma cantidad para hombres, con la finalidad de \u00abvisibilizar y empoderar a las mujeres del partido naranja\u00bb.<\/p>\n\n\n\n<p>Dijo que en estos momentos enfrenta un reto como primer mujer y l\u00edder estatal de Movimiento Ciudadano y es dejar como precedente que las f\u00e9minas \u201cllegan para quedarse\u201d, y que debe dar buenos resultados a la militancia \u201cque ha cre\u00eddo\u201d en el proyecto de ese partido.<\/p>\n","protected":false},"excerpt":{"rendered":"<p>&#8212; La dirigente estatal, Gabriela Bernal asegur\u00f3 que se asignan igual n\u00famero de espacios para hombres y mujeres en los comit\u00e9s municipales y en el estatal Rosario Garc\u00eda Orozco El&hellip; <\/p>\n","protected":false},"author":19,"featured_media":89028,"comment_status":"open","ping_status":"open","sticky":false,"template":"","format":"standard","meta":{"fifu_image_url":"","fifu_image_alt":"","footnotes":""},"categories":[21],"tags":[],"class_list":["post-89027","post","type-post","status-publish","format-standard","has-post-thumbnail","hentry","category-politica"],"_links":{"self":[{"href":"https:\/\/www.interaccionnoticias.com.mx\/index.php?rest_route=\/wp\/v2\/posts\/89027","targetHints":{"allow":["GET"]}}],"collection":[{"href":"https:\/\/www.interaccionnoticias.com.mx\/index.php?rest_route=\/wp\/v2\/posts"}],"about":[{"href":"https:\/\/www.interaccionnoticias.com.mx\/index.php?rest_route=\/wp\/v2\/types\/post"}],"author":[{"embeddable":true,"href":"https:\/\/www.interaccionnoticias.com.mx\/index.php?rest_route=\/wp\/v2\/users\/19"}],"replies":[{"embeddable":true,"href":"https:\/\/www.interaccionnoticias.com.mx\/index.php?rest_route=%2Fwp%2Fv2%2Fcomments&post=89027"}],"version-history":[{"count":1,"href":"https:\/\/www.interaccionnoticias.com.mx\/index.php?rest_route=\/wp\/v2\/posts\/89027\/revisions"}],"predecessor-version":[{"id":89029,"href":"https:\/\/www.interaccionnoticias.com.mx\/index.php?rest_route=\/wp\/v2\/posts\/89027\/revisions\/89029"}],"wp:featuredmedia":[{"embeddable":true,"href":"https:\/\/www.interaccionnoticias.com.mx\/index.php?rest_route=\/wp\/v2\/media\/89028"}],"wp:attachment":[{"href":"https:\/\/www.interaccionnoticias.com.mx\/index.php?rest_route=%2Fwp%2Fv2%2Fmedia&parent=89027"}],"wp:term":[{"taxonomy":"category","embeddable":true,"href":"https:\/\/www.interaccionnoticias.com.mx\/index.php?rest_route=%2Fwp%2Fv2%2Fcategories&post=89027"},{"taxonomy":"post_tag","embeddable":true,"href":"https:\/\/www.interaccionnoticias.com.mx\/index.php?rest_route=%2Fwp%2Fv2%2Ftags&post=89027"}],"curies":[{"name":"wp","href":"https:\/\/api.w.org\/{rel}","templated":true}]}}