{"id":89020,"date":"2025-03-19T17:55:00","date_gmt":"2025-03-19T23:55:00","guid":{"rendered":"https:\/\/www.interaccionnoticias.com.mx\/?p=89020"},"modified":"2025-03-19T19:33:25","modified_gmt":"2025-03-20T01:33:25","slug":"no-se-partira-de-cero-aclara-lider-del-congreso-respecto-a-la-ley-en-materia-de-desaparicion-forzada-de-personas","status":"publish","type":"post","link":"https:\/\/www.interaccionnoticias.com.mx\/?p=89020","title":{"rendered":"\u201cNo se partir\u00e1 de cero\u201d, aclara l\u00edder del Congreso respecto a la Ley en Materia de Desaparici\u00f3n Forzada de Personas"},"content":{"rendered":"\n<p><em><strong>&#8212; Se tiene que cuidar la t\u00e9cnica legislativa y el aspecto presupuestal, dice presidente de la JUCOPO<br>&#8212; Se van a incorporar las aportaciones de la presidenta de la Rep\u00fablica, Claudia Sheinbaum Pardo<\/strong><\/em><\/p>\n\n\n\n<p><strong>Rogelio Agust\u00edn<\/strong><\/p>\n\n\n\n<p>El presidente de la Junta de Coordinaci\u00f3n Pol\u00edtica (JUCOPO) del Congreso local, Jes\u00fas Uri\u00f3stegui Garc\u00eda neg\u00f3 que se vaya a partir de cero en torno a la construcci\u00f3n de la Ley Contra la Desaparici\u00f3n Forzada de Personas para el Estado de Guerrero, como lo reprocharon colectivos de diferentes regiones de la entidad.<\/p>\n\n\n\n<p>La semana pasada, representantes de diferentes colectivos se retiraron molestos de una reuni\u00f3n con la presidenta de la Comisi\u00f3n Legislativa de Derechos Humanos, Aracely Ocampo Manzanares, pues se\u00f1alaron que la integrante del Grupo Parlamentario de MORENA les se\u00f1al\u00f3 que la iniciativa que se ven\u00eda trabajando desde hace dos legislaturas estaba desaparecida.<\/p>\n\n\n\n<p>Bajo dicha circunstancia, dijeron que la representante popular sugiri\u00f3 la necesidad de comenzar a trabajar sobre dicha ley pr\u00e1cticamente desde cero, situaci\u00f3n que implicaba perder pr\u00e1cticamente todo lo hecho en seis a\u00f1os.<\/p>\n\n\n\n<p>Cuestionado al respecto, el presidente de la JUCOPO, Jes\u00fas Uri\u00f3stegui Garc\u00eda reconoci\u00f3 que hay voluntad para avanzar, pero aclar\u00f3 que \u201cNo se va a partir de cero\u201d.<\/p>\n\n\n\n<p>Record\u00f3 que en la conferencia matutina del martes 18 de marzo, la presidenta de la Rep\u00fablica, Claudia Sheinbaum Pardo plante\u00f3 la necesidad de fortalecer algunos temas importantes en esa materia, como la Comisi\u00f3n Nacional de B\u00fasqueda de Personas (CNBP), el Centro Nacional de Identificaci\u00f3n Humana (CNIH) y la Comisi\u00f3n Ejecutiva de Atenci\u00f3n a V\u00edctimas (CEAV).<\/p>\n\n\n\n<p>Dicha declaraci\u00f3n, destac\u00f3 que necesariamente debe llevar a trabajar con un esquema actualizado, en el que se atiendan las aportaciones hechas por la titular del Poder Ejecutivo local.<\/p>\n\n\n\n<p>Destac\u00f3 que seguramente, el Gobierno de Guerrero tendr\u00e1 el mismo inter\u00e9s de fortalecer a los organismos que ha visualizado la presidenta Sheinbaum Pardo.<\/p>\n\n\n\n<p>Por eso, insisti\u00f3 en que al trabajar sobre la construcci\u00f3n de la Ley en Materia de Desaparici\u00f3n de Personas, se debe tener claro que no se estar\u00e1 en un escenario en el que se retome todo desde el principio.<\/p>\n\n\n\n<p>El criterio dijo que debe comentar con todos los integrantes del Poder Legislativo, adem\u00e1s de quienes forman parte de la Comisi\u00f3n de Derechos Humanos.<\/p>\n\n\n\n<p>Precis\u00f3 que el tema se tiene que trabajar con mucha sensibilidad, sin revictimizar a los integrantes de los colectivos, porque se sabe que el tema en menci\u00f3n es de los que m\u00e1s afecta a la sociedad de Guerrero y del pa\u00eds.<\/p>\n\n\n\n<p>Sin embargo, destac\u00f3 que se tiene que proceder con mucha responsabilidad, pues adem\u00e1s de la fundamentaci\u00f3n legal, se tiene que mantener el cuidado de contar con el presupuesto correspondiente, para no crear espacios que solamente funcionen en el texto.<\/p>\n","protected":false},"excerpt":{"rendered":"<p>&#8212; Se tiene que cuidar la t\u00e9cnica legislativa y el aspecto presupuestal, dice presidente de la JUCOPO&#8212; Se van a incorporar las aportaciones de la presidenta de la Rep\u00fablica, Claudia&hellip; <\/p>\n","protected":false},"author":19,"featured_media":89021,"comment_status":"open","ping_status":"open","sticky":false,"template":"","format":"standard","meta":{"fifu_image_url":"","fifu_image_alt":"","footnotes":""},"categories":[2],"tags":[],"class_list":["post-89020","post","type-post","status-publish","format-standard","has-post-thumbnail","hentry","category-congreso"],"_links":{"self":[{"href":"https:\/\/www.interaccionnoticias.com.mx\/index.php?rest_route=\/wp\/v2\/posts\/89020","targetHints":{"allow":["GET"]}}],"collection":[{"href":"https:\/\/www.interaccionnoticias.com.mx\/index.php?rest_route=\/wp\/v2\/posts"}],"about":[{"href":"https:\/\/www.interaccionnoticias.com.mx\/index.php?rest_route=\/wp\/v2\/types\/post"}],"author":[{"embeddable":true,"href":"https:\/\/www.interaccionnoticias.com.mx\/index.php?rest_route=\/wp\/v2\/users\/19"}],"replies":[{"embeddable":true,"href":"https:\/\/www.interaccionnoticias.com.mx\/index.php?rest_route=%2Fwp%2Fv2%2Fcomments&post=89020"}],"version-history":[{"count":1,"href":"https:\/\/www.interaccionnoticias.com.mx\/index.php?rest_route=\/wp\/v2\/posts\/89020\/revisions"}],"predecessor-version":[{"id":89022,"href":"https:\/\/www.interaccionnoticias.com.mx\/index.php?rest_route=\/wp\/v2\/posts\/89020\/revisions\/89022"}],"wp:featuredmedia":[{"embeddable":true,"href":"https:\/\/www.interaccionnoticias.com.mx\/index.php?rest_route=\/wp\/v2\/media\/89021"}],"wp:attachment":[{"href":"https:\/\/www.interaccionnoticias.com.mx\/index.php?rest_route=%2Fwp%2Fv2%2Fmedia&parent=89020"}],"wp:term":[{"taxonomy":"category","embeddable":true,"href":"https:\/\/www.interaccionnoticias.com.mx\/index.php?rest_route=%2Fwp%2Fv2%2Fcategories&post=89020"},{"taxonomy":"post_tag","embeddable":true,"href":"https:\/\/www.interaccionnoticias.com.mx\/index.php?rest_route=%2Fwp%2Fv2%2Ftags&post=89020"}],"curies":[{"name":"wp","href":"https:\/\/api.w.org\/{rel}","templated":true}]}}