{"id":88966,"date":"2025-03-18T19:07:21","date_gmt":"2025-03-19T01:07:21","guid":{"rendered":"https:\/\/www.interaccionnoticias.com.mx\/?p=88966"},"modified":"2025-03-18T19:07:23","modified_gmt":"2025-03-19T01:07:23","slug":"ofrecen-empresarios-coordinacion-con-guardia-nacional-para-mayor-efectividad-en-estrategia-de-seguridad","status":"publish","type":"post","link":"https:\/\/www.interaccionnoticias.com.mx\/?p=88966","title":{"rendered":"Ofrecen empresarios coordinaci\u00f3n con Guardia Nacional para mayor efectividad en estrategia de seguridad"},"content":{"rendered":"\n<p><strong>&#8212; Que compartan informaci\u00f3n e im\u00e1genes de las c\u00e1maras de seguridad de sus negocios para investigaci\u00f3n de delitos les pide GN<br>&#8212; Las movilizaciones de normalistas de Ayotzinapa y Ceteg afecta la econom\u00eda local<\/strong><\/p>\n\n\n\n<p><strong>Rosario Garc\u00eda Orozco<\/strong><\/p>\n\n\n\n<p>En un encuentro con el coordinador estatal de la Guardia Nacional, Gregorio Espinosa Toledo, empresarios afiliados a la Confederaci\u00f3n Patronal de la Rep\u00fablica Mexicana (Coparmex), ofrecieron su colaboraci\u00f3n para que sea m\u00e1s efectiva la estrategia de seguridad de los tres \u00f3rdenes de gobierno.<\/p>\n\n\n\n<p>El dirigente de la Coparmex en Chilpancingo, Marco Antonio Rodr\u00edguez Canacasco coment\u00f3 que parte del compromiso asumido con el coordinador estatal de la Guardia Nacional, es denunciar los hechos delictivos de los que sean v\u00edctimas, \u00aby aportar lo que tengamos nosotros, sobre todo los que tengamos c\u00e1maras de seguridad en nuestros locales, as\u00ed podemos ayudar, denunciando todo lo que veamos\u00bb.<\/p>\n\n\n\n<p>Reconoci\u00f3 que los empresarios tienen confianza en que ser\u00e1 real y efectiva esa coordinaci\u00f3n con las autoridades federales, \u00abdesde el momento en que el mismo General Esponisa Toledo nos pidi\u00f3 este acercamiento a nosotros nos da confianza, \u00e9l quer\u00eda tener este acercamiento con los empresarios y desde ah\u00ed tenemos nosotros esa confianza\u00bb.<\/p>\n\n\n\n<p>&#8211;Las movilizaciones de Ayotzinapa y Ceteg nos perjudica a todos<\/p>\n\n\n\n<p>Por otro lado, el l\u00edder empresarial asegur\u00f3 que tanto las movilizaciones de estudiantes de la Normal de Ayotzinapa como de los maestros de la Coordinadora Estatal de Trabajadores de la Educaci\u00f3n Guerrero (CETEG), que se registraron durante la semana anterior, \u00abnos perjudica a todos los empresarios y a la sociedad civil, el hecho de que a veces ya no entren las mercanc\u00edas a la ciudad, o que los empresarios no puedan salir a entregar sus mercanc\u00edas a otras ciudades, nos perjudica a todos\u00bb.<\/p>\n\n\n\n<p>Por ello consider\u00f3 que debe hacer mayor coordinaci\u00f3n entre las autoridades entre los tres niveles de gobierno para que atiendan las demandas \u00aby nosotros no suframos ese tipo de atropellos\u00bb.<\/p>\n\n\n\n<p>Dijo que en los bloqueos con mucha frecuencia se echan a perder productos perecederos, \u00abpor estar varados ya no llegan a su destino y entonces desde ah\u00ed ya hay p\u00e9rdidas\u00bb, aunque dijo desconocer los montos de las p\u00e9rdidas de las movilizaciones en los \u00faltimos d\u00edas.<\/p>\n\n\n\n<p>Rodr\u00edguez Canacasco tambi\u00e9n adelant\u00f3 que tendr\u00e1n acercamiento con autoridades estatales con el mismo fin.<\/p>\n","protected":false},"excerpt":{"rendered":"<p>&#8212; Que compartan informaci\u00f3n e im\u00e1genes de las c\u00e1maras de seguridad de sus negocios para investigaci\u00f3n de delitos les pide GN&#8212; Las movilizaciones de normalistas de Ayotzinapa y Ceteg afecta&hellip; <\/p>\n","protected":false},"author":14,"featured_media":88967,"comment_status":"open","ping_status":"open","sticky":false,"template":"","format":"standard","meta":{"fifu_image_url":"","fifu_image_alt":"","footnotes":""},"categories":[13],"tags":[],"class_list":["post-88966","post","type-post","status-publish","format-standard","has-post-thumbnail","hentry","category-capital"],"_links":{"self":[{"href":"https:\/\/www.interaccionnoticias.com.mx\/index.php?rest_route=\/wp\/v2\/posts\/88966","targetHints":{"allow":["GET"]}}],"collection":[{"href":"https:\/\/www.interaccionnoticias.com.mx\/index.php?rest_route=\/wp\/v2\/posts"}],"about":[{"href":"https:\/\/www.interaccionnoticias.com.mx\/index.php?rest_route=\/wp\/v2\/types\/post"}],"author":[{"embeddable":true,"href":"https:\/\/www.interaccionnoticias.com.mx\/index.php?rest_route=\/wp\/v2\/users\/14"}],"replies":[{"embeddable":true,"href":"https:\/\/www.interaccionnoticias.com.mx\/index.php?rest_route=%2Fwp%2Fv2%2Fcomments&post=88966"}],"version-history":[{"count":1,"href":"https:\/\/www.interaccionnoticias.com.mx\/index.php?rest_route=\/wp\/v2\/posts\/88966\/revisions"}],"predecessor-version":[{"id":88968,"href":"https:\/\/www.interaccionnoticias.com.mx\/index.php?rest_route=\/wp\/v2\/posts\/88966\/revisions\/88968"}],"wp:featuredmedia":[{"embeddable":true,"href":"https:\/\/www.interaccionnoticias.com.mx\/index.php?rest_route=\/wp\/v2\/media\/88967"}],"wp:attachment":[{"href":"https:\/\/www.interaccionnoticias.com.mx\/index.php?rest_route=%2Fwp%2Fv2%2Fmedia&parent=88966"}],"wp:term":[{"taxonomy":"category","embeddable":true,"href":"https:\/\/www.interaccionnoticias.com.mx\/index.php?rest_route=%2Fwp%2Fv2%2Fcategories&post=88966"},{"taxonomy":"post_tag","embeddable":true,"href":"https:\/\/www.interaccionnoticias.com.mx\/index.php?rest_route=%2Fwp%2Fv2%2Ftags&post=88966"}],"curies":[{"name":"wp","href":"https:\/\/api.w.org\/{rel}","templated":true}]}}