{"id":88962,"date":"2025-03-18T19:02:47","date_gmt":"2025-03-19T01:02:47","guid":{"rendered":"https:\/\/www.interaccionnoticias.com.mx\/?p=88962"},"modified":"2025-03-18T19:02:49","modified_gmt":"2025-03-19T01:02:49","slug":"en-puebla-colima-y-chihuahua-grupos-armados-levantaron-a-priista","status":"publish","type":"post","link":"https:\/\/www.interaccionnoticias.com.mx\/?p=88962","title":{"rendered":"En Puebla, Colima y Chihuahua, grupos armados levantaron a priista"},"content":{"rendered":"\n<p><strong><em>&#8212; Dirigente del PRI en Acapulco, renuncia y se va con \u00c1ngel Aguirre<br>&#8212; Se autodestapa, y dice que quiere ser candidato a gobernador de Guerrero<\/em><\/strong><\/p>\n\n\n\n<p><strong>Javier Trujillo<\/strong><\/p>\n\n\n\n<p><strong>Acapulco, Gro. &#8211;<\/strong> El ahora ex dirigente del PRI en Acapulco, Sof\u00edo Socorro Ram\u00edrez Hern\u00e1ndez, present\u00f3 su renuncia al Comit\u00e9 Directivo Estatal del PRI en Guerrero, y anunci\u00f3 que buscar\u00e1 ser candidato al gobierno del estado.<\/p>\n\n\n\n<p>Flanqueado por transportistas afiliados a MORENA, l\u00edderes de colonias, y el ex alcalde de San Marcos, el perredista Tom\u00e1s Hern\u00e1ndez Palma, rechaz\u00f3 que lo hayan corrido de las filas del Partido Revolucionario Institucional del puerto, y sin empacho alguno remarc\u00f3 que se suma al aguirrismo.<\/p>\n\n\n\n<p>Incluso, al mostrar la carta de renuncia al dirigente del CDE del PRI, Alejandro Bravo Abarca, el aguirrista Sof\u00edo Ram\u00edrez, firm\u00f3 su texto, como ex senador de la Rep\u00fablica, aunque omiti\u00f3 que fue por el PRD.<\/p>\n\n\n\n<p>En conferencia de prensa, tambi\u00e9n revel\u00f3 que el tiempo que milit\u00f3 en el Revolucionario Institucional, y fue delegado especial en Puebla, Colima y Chihuahua, grupos armados lo privaron de su libertad en tres ocasiones.<\/p>\n\n\n\n<p>Adelant\u00f3 que continuar\u00e1 trabajando por Guerrero, y al mismo tiempo sumarse a las voces que buscan la renovaci\u00f3n de la esperanza y la moralizaci\u00f3n de la vida p\u00fablica y la pol\u00edtica y del buen ejercicio de gobierno.<\/p>\n\n\n\n<p>\u201cA partir de hoy, hemos tomado la decisi\u00f3n por razones de car\u00e1cter personal, presentar nuestra renuncia de car\u00e1cter irrevocable a la militancia del Partido Revolucionario Institucional (PRI).<\/p>\n\n\n\n<p>\u201cNo hay traici\u00f3n ni deslealtad, cuando se cierran los ciclos por la puerta grande y con el deber cumplido\u201d, expres\u00f3 el ahora ex priista, Ram\u00edrez Hern\u00e1ndez.<\/p>\n\n\n\n<p>El ahora ex priista, abri\u00f3 la posibilidad de ser convocado para que sea \u201csu candidato\u201d a la gubernatura, y no desestim\u00f3 la posibilidad de sumarse al Movimiento de Regeneraci\u00f3n Nacional (MORENA), de la cual revel\u00f3 fue de los primeros fundadores desde el 2012.<\/p>\n\n\n\n<div class=\"wp-block-jetpack-slideshow aligncenter\" data-effect=\"slide\"><div class=\"wp-block-jetpack-slideshow_container swiper-container\"><ul class=\"wp-block-jetpack-slideshow_swiper-wrapper swiper-wrapper\"><li class=\"wp-block-jetpack-slideshow_slide swiper-slide\"><figure><img decoding=\"async\" src=\"data:image\/gif;base64,R0lGODlhAQABAIAAAAAAAP\/\/\/ywAAAAAAQABAAACAUwAOw==\" fifu-lazy=\"1\" fifu-data-sizes=\"auto\" fifu-data-srcset=\"https:\/\/i3.wp.com\/www.interaccionnoticias.com.mx\/wp-content\/uploads\/2025\/03\/250318-Sofio-Socorro-Ramirez-Hernandez-2-1024x683.jpg?ssl=1&w=75&resize=75&ssl=1 75w, https:\/\/i3.wp.com\/www.interaccionnoticias.com.mx\/wp-content\/uploads\/2025\/03\/250318-Sofio-Socorro-Ramirez-Hernandez-2-1024x683.jpg?ssl=1&w=100&resize=100&ssl=1 100w, https:\/\/i3.wp.com\/www.interaccionnoticias.com.mx\/wp-content\/uploads\/2025\/03\/250318-Sofio-Socorro-Ramirez-Hernandez-2-1024x683.jpg?ssl=1&w=150&resize=150&ssl=1 150w, https:\/\/i3.wp.com\/www.interaccionnoticias.com.mx\/wp-content\/uploads\/2025\/03\/250318-Sofio-Socorro-Ramirez-Hernandez-2-1024x683.jpg?ssl=1&w=240&resize=240&ssl=1 240w, https:\/\/i3.wp.com\/www.interaccionnoticias.com.mx\/wp-content\/uploads\/2025\/03\/250318-Sofio-Socorro-Ramirez-Hernandez-2-1024x683.jpg?ssl=1&w=320&resize=320&ssl=1 320w, https:\/\/i3.wp.com\/www.interaccionnoticias.com.mx\/wp-content\/uploads\/2025\/03\/250318-Sofio-Socorro-Ramirez-Hernandez-2-1024x683.jpg?ssl=1&w=500&resize=500&ssl=1 500w, https:\/\/i3.wp.com\/www.interaccionnoticias.com.mx\/wp-content\/uploads\/2025\/03\/250318-Sofio-Socorro-Ramirez-Hernandez-2-1024x683.jpg?ssl=1&w=640&resize=640&ssl=1 640w, https:\/\/i3.wp.com\/www.interaccionnoticias.com.mx\/wp-content\/uploads\/2025\/03\/250318-Sofio-Socorro-Ramirez-Hernandez-2-1024x683.jpg?ssl=1&w=800&resize=800&ssl=1 800w, https:\/\/i3.wp.com\/www.interaccionnoticias.com.mx\/wp-content\/uploads\/2025\/03\/250318-Sofio-Socorro-Ramirez-Hernandez-2-1024x683.jpg?ssl=1&w=1024&resize=1024&ssl=1 1024w, https:\/\/i3.wp.com\/www.interaccionnoticias.com.mx\/wp-content\/uploads\/2025\/03\/250318-Sofio-Socorro-Ramirez-Hernandez-2-1024x683.jpg?ssl=1&w=1280&resize=1280&ssl=1 1280w, https:\/\/i3.wp.com\/www.interaccionnoticias.com.mx\/wp-content\/uploads\/2025\/03\/250318-Sofio-Socorro-Ramirez-Hernandez-2-1024x683.jpg?ssl=1&w=1600&resize=1600&ssl=1 1600w\" alt=\"\" class=\"wp-block-jetpack-slideshow_image wp-image-88964\" data-id=\"88964\" fifu-data-src=\"https:\/\/i3.wp.com\/www.interaccionnoticias.com.mx\/wp-content\/uploads\/2025\/03\/250318-Sofio-Socorro-Ramirez-Hernandez-2-1024x683.jpg?ssl=1\"\/><\/figure><\/li><li class=\"wp-block-jetpack-slideshow_slide swiper-slide\"><figure><img decoding=\"async\" src=\"data:image\/gif;base64,R0lGODlhAQABAIAAAAAAAP\/\/\/ywAAAAAAQABAAACAUwAOw==\" fifu-lazy=\"1\" fifu-data-sizes=\"auto\" fifu-data-srcset=\"https:\/\/i0.wp.com\/www.interaccionnoticias.com.mx\/wp-content\/uploads\/2025\/03\/250318-Sofio-Socorro-Ramirez-Hernandez-1-1024x683.jpg?ssl=1&w=75&resize=75&ssl=1 75w, https:\/\/i0.wp.com\/www.interaccionnoticias.com.mx\/wp-content\/uploads\/2025\/03\/250318-Sofio-Socorro-Ramirez-Hernandez-1-1024x683.jpg?ssl=1&w=100&resize=100&ssl=1 100w, https:\/\/i0.wp.com\/www.interaccionnoticias.com.mx\/wp-content\/uploads\/2025\/03\/250318-Sofio-Socorro-Ramirez-Hernandez-1-1024x683.jpg?ssl=1&w=150&resize=150&ssl=1 150w, https:\/\/i0.wp.com\/www.interaccionnoticias.com.mx\/wp-content\/uploads\/2025\/03\/250318-Sofio-Socorro-Ramirez-Hernandez-1-1024x683.jpg?ssl=1&w=240&resize=240&ssl=1 240w, https:\/\/i0.wp.com\/www.interaccionnoticias.com.mx\/wp-content\/uploads\/2025\/03\/250318-Sofio-Socorro-Ramirez-Hernandez-1-1024x683.jpg?ssl=1&w=320&resize=320&ssl=1 320w, https:\/\/i0.wp.com\/www.interaccionnoticias.com.mx\/wp-content\/uploads\/2025\/03\/250318-Sofio-Socorro-Ramirez-Hernandez-1-1024x683.jpg?ssl=1&w=500&resize=500&ssl=1 500w, https:\/\/i0.wp.com\/www.interaccionnoticias.com.mx\/wp-content\/uploads\/2025\/03\/250318-Sofio-Socorro-Ramirez-Hernandez-1-1024x683.jpg?ssl=1&w=640&resize=640&ssl=1 640w, https:\/\/i0.wp.com\/www.interaccionnoticias.com.mx\/wp-content\/uploads\/2025\/03\/250318-Sofio-Socorro-Ramirez-Hernandez-1-1024x683.jpg?ssl=1&w=800&resize=800&ssl=1 800w, https:\/\/i0.wp.com\/www.interaccionnoticias.com.mx\/wp-content\/uploads\/2025\/03\/250318-Sofio-Socorro-Ramirez-Hernandez-1-1024x683.jpg?ssl=1&w=1024&resize=1024&ssl=1 1024w, https:\/\/i0.wp.com\/www.interaccionnoticias.com.mx\/wp-content\/uploads\/2025\/03\/250318-Sofio-Socorro-Ramirez-Hernandez-1-1024x683.jpg?ssl=1&w=1280&resize=1280&ssl=1 1280w, https:\/\/i0.wp.com\/www.interaccionnoticias.com.mx\/wp-content\/uploads\/2025\/03\/250318-Sofio-Socorro-Ramirez-Hernandez-1-1024x683.jpg?ssl=1&w=1600&resize=1600&ssl=1 1600w\" alt=\"\" class=\"wp-block-jetpack-slideshow_image wp-image-88963\" data-id=\"88963\" fifu-data-src=\"https:\/\/i0.wp.com\/www.interaccionnoticias.com.mx\/wp-content\/uploads\/2025\/03\/250318-Sofio-Socorro-Ramirez-Hernandez-1-1024x683.jpg?ssl=1\"\/><\/figure><\/li><\/ul><a class=\"wp-block-jetpack-slideshow_button-prev swiper-button-prev swiper-button-white\" role=\"button\"><\/a><a class=\"wp-block-jetpack-slideshow_button-next swiper-button-next swiper-button-white\" role=\"button\"><\/a><a aria-label=\"Pause Slideshow\" class=\"wp-block-jetpack-slideshow_button-pause\" role=\"button\"><\/a><div class=\"wp-block-jetpack-slideshow_pagination swiper-pagination swiper-pagination-white\"><\/div><\/div><\/div>\n","protected":false},"excerpt":{"rendered":"<p>&#8212; Dirigente del PRI en Acapulco, renuncia y se va con \u00c1ngel Aguirre&#8212; Se autodestapa, y dice que quiere ser candidato a gobernador de Guerrero Javier Trujillo Acapulco, Gro. &#8211;&hellip; <\/p>\n","protected":false},"author":3,"featured_media":88963,"comment_status":"open","ping_status":"open","sticky":false,"template":"","format":"standard","meta":{"fifu_image_url":"","fifu_image_alt":"","footnotes":""},"categories":[21],"tags":[],"class_list":["post-88962","post","type-post","status-publish","format-standard","has-post-thumbnail","hentry","category-politica"],"_links":{"self":[{"href":"https:\/\/www.interaccionnoticias.com.mx\/index.php?rest_route=\/wp\/v2\/posts\/88962","targetHints":{"allow":["GET"]}}],"collection":[{"href":"https:\/\/www.interaccionnoticias.com.mx\/index.php?rest_route=\/wp\/v2\/posts"}],"about":[{"href":"https:\/\/www.interaccionnoticias.com.mx\/index.php?rest_route=\/wp\/v2\/types\/post"}],"author":[{"embeddable":true,"href":"https:\/\/www.interaccionnoticias.com.mx\/index.php?rest_route=\/wp\/v2\/users\/3"}],"replies":[{"embeddable":true,"href":"https:\/\/www.interaccionnoticias.com.mx\/index.php?rest_route=%2Fwp%2Fv2%2Fcomments&post=88962"}],"version-history":[{"count":1,"href":"https:\/\/www.interaccionnoticias.com.mx\/index.php?rest_route=\/wp\/v2\/posts\/88962\/revisions"}],"predecessor-version":[{"id":88965,"href":"https:\/\/www.interaccionnoticias.com.mx\/index.php?rest_route=\/wp\/v2\/posts\/88962\/revisions\/88965"}],"wp:featuredmedia":[{"embeddable":true,"href":"https:\/\/www.interaccionnoticias.com.mx\/index.php?rest_route=\/wp\/v2\/media\/88963"}],"wp:attachment":[{"href":"https:\/\/www.interaccionnoticias.com.mx\/index.php?rest_route=%2Fwp%2Fv2%2Fmedia&parent=88962"}],"wp:term":[{"taxonomy":"category","embeddable":true,"href":"https:\/\/www.interaccionnoticias.com.mx\/index.php?rest_route=%2Fwp%2Fv2%2Fcategories&post=88962"},{"taxonomy":"post_tag","embeddable":true,"href":"https:\/\/www.interaccionnoticias.com.mx\/index.php?rest_route=%2Fwp%2Fv2%2Ftags&post=88962"}],"curies":[{"name":"wp","href":"https:\/\/api.w.org\/{rel}","templated":true}]}}