{"id":88957,"date":"2025-03-18T18:58:06","date_gmt":"2025-03-19T00:58:06","guid":{"rendered":"https:\/\/www.interaccionnoticias.com.mx\/?p=88957"},"modified":"2025-03-18T18:58:09","modified_gmt":"2025-03-19T00:58:09","slug":"en-medio-de-la-maleza-buscan-a-sus-desaparecidos","status":"publish","type":"post","link":"https:\/\/www.interaccionnoticias.com.mx\/?p=88957","title":{"rendered":"En medio de la maleza buscan a sus desaparecidos"},"content":{"rendered":"\n<p><em><strong>&#8212; Reprochan que no hay coordinaci\u00f3n entre autoridades<br>&#8212; Buscan al trabajador Miguel \u00c1ngel Nolasco Parra<\/strong><\/em><\/p>\n\n\n\n<p><strong>Javier Trujillo<\/strong><\/p>\n\n\n\n<p><strong>Acapulco, Gro. &#8211;<\/strong> Desde hace cuatro meses, familiares de Miguel \u00c1ngel Nolazco Parra, lo buscan desesperadamente en diferentes partes de Acapulco, tras haber desaparecido el pasado 4 de noviembre.<\/p>\n\n\n\n<p>Este martes la b\u00fasqueda fue centrada en el poblado de La Poza, ubicada en la zona del Acapulco Diamante, donde viv\u00eda su hijo y de donde desapareci\u00f3, seg\u00fan cont\u00f3 su nuera a la familia de Miguel \u00c1ngel.<\/p>\n\n\n\n<p>\u201cHasta ahorita no hemos encontrado nada, absolutamente nada. Nos dicen que este es un vivero privado, pues obviamente estamos errados de que nos trajeran aqu\u00ed, porque no est\u00e1 aqu\u00ed.<\/p>\n\n\n\n<p>\u201cA Miguel \u00c1ngel Nolazco, lo desaparecieron en el poblado de La Poza, pero no tenemos una ubicaci\u00f3n exacta de \u00e9l, la que la tiene es su pareja, pero pues ella brilla por su ausencia y nada m\u00e1s nada\u201d, explic\u00f3, Teresa Parra Gallegos, madre del trabajador de la construcci\u00f3n Miguel \u00c1ngel Nolazco.<\/p>\n\n\n\n<p>Dijo que su nuera, acudi\u00f3 a la FGE a rendir su declaraci\u00f3n, pero se\u00f1al\u00f3 que no aporta nada, a ella \u201cno la sacan de que ella no sabe nada\u201d, de lo que le ocurri\u00f3 a su hijo aquel cuatro de noviembre del 2024.<\/p>\n\n\n\n<p>Con instrumentos met\u00e1licos tipo \u201cT\u201d, las madres buscadoras del colectivo trataron de ubicar en el poblado de La Poza fosas clandestinas, pero no encontraron nada, porque la FGE no hizo las investigaciones.<\/p>\n\n\n\n<p>\u201cHemos andado rastreando en este lugar, pero no hemos encontrado nada, porque las personas que trabajan aqu\u00ed, no han dicho que aqu\u00ed no hay nada.<\/p>\n\n\n\n<p>\u201cRealmente la Fiscal\u00eda General del Estado, no est\u00e1 preparada para estos casos\u201d, reproch\u00f3 la buscadora Socorro Gil Guzm\u00e1n.<\/p>\n\n\n\n<p>Antes, los integrantes del colectivo Memoria Verdad y Justicia, que lidera Gil Guzm\u00e1n, acudieron a las instalaciones de la Fiscal\u00eda Regional de Acapulco, de donde parti\u00f3 el grupo para iniciar la b\u00fasqueda de Miguel \u00c1ngel.<\/p>\n\n\n\n<p>Hasta las 17 horas estaban realizando la b\u00fasqueda en los l\u00edmites de la laguna de Tres Palos, con la esperanza de encontrar alg\u00fan indicio que los lleve a la localizaci\u00f3n de Miguel \u00c1ngel Nolazco.<\/p>\n\n\n\n<div class=\"wp-block-jetpack-slideshow aligncenter\" data-effect=\"slide\"><div class=\"wp-block-jetpack-slideshow_container swiper-container\"><ul class=\"wp-block-jetpack-slideshow_swiper-wrapper swiper-wrapper\"><li class=\"wp-block-jetpack-slideshow_slide swiper-slide\"><figure><img decoding=\"async\" src=\"data:image\/gif;base64,R0lGODlhAQABAIAAAAAAAP\/\/\/ywAAAAAAQABAAACAUwAOw==\" fifu-lazy=\"1\" fifu-data-sizes=\"auto\" fifu-data-srcset=\"https:\/\/i2.wp.com\/www.interaccionnoticias.com.mx\/wp-content\/uploads\/2025\/03\/250318-buscan-a-sus-desaparecidos-2-1024x683.jpg?ssl=1&w=75&resize=75&ssl=1 75w, https:\/\/i2.wp.com\/www.interaccionnoticias.com.mx\/wp-content\/uploads\/2025\/03\/250318-buscan-a-sus-desaparecidos-2-1024x683.jpg?ssl=1&w=100&resize=100&ssl=1 100w, https:\/\/i2.wp.com\/www.interaccionnoticias.com.mx\/wp-content\/uploads\/2025\/03\/250318-buscan-a-sus-desaparecidos-2-1024x683.jpg?ssl=1&w=150&resize=150&ssl=1 150w, https:\/\/i2.wp.com\/www.interaccionnoticias.com.mx\/wp-content\/uploads\/2025\/03\/250318-buscan-a-sus-desaparecidos-2-1024x683.jpg?ssl=1&w=240&resize=240&ssl=1 240w, https:\/\/i2.wp.com\/www.interaccionnoticias.com.mx\/wp-content\/uploads\/2025\/03\/250318-buscan-a-sus-desaparecidos-2-1024x683.jpg?ssl=1&w=320&resize=320&ssl=1 320w, https:\/\/i2.wp.com\/www.interaccionnoticias.com.mx\/wp-content\/uploads\/2025\/03\/250318-buscan-a-sus-desaparecidos-2-1024x683.jpg?ssl=1&w=500&resize=500&ssl=1 500w, https:\/\/i2.wp.com\/www.interaccionnoticias.com.mx\/wp-content\/uploads\/2025\/03\/250318-buscan-a-sus-desaparecidos-2-1024x683.jpg?ssl=1&w=640&resize=640&ssl=1 640w, https:\/\/i2.wp.com\/www.interaccionnoticias.com.mx\/wp-content\/uploads\/2025\/03\/250318-buscan-a-sus-desaparecidos-2-1024x683.jpg?ssl=1&w=800&resize=800&ssl=1 800w, https:\/\/i2.wp.com\/www.interaccionnoticias.com.mx\/wp-content\/uploads\/2025\/03\/250318-buscan-a-sus-desaparecidos-2-1024x683.jpg?ssl=1&w=1024&resize=1024&ssl=1 1024w, https:\/\/i2.wp.com\/www.interaccionnoticias.com.mx\/wp-content\/uploads\/2025\/03\/250318-buscan-a-sus-desaparecidos-2-1024x683.jpg?ssl=1&w=1280&resize=1280&ssl=1 1280w, https:\/\/i2.wp.com\/www.interaccionnoticias.com.mx\/wp-content\/uploads\/2025\/03\/250318-buscan-a-sus-desaparecidos-2-1024x683.jpg?ssl=1&w=1600&resize=1600&ssl=1 1600w\" alt=\"\" class=\"wp-block-jetpack-slideshow_image wp-image-88959\" data-id=\"88959\" fifu-data-src=\"https:\/\/i2.wp.com\/www.interaccionnoticias.com.mx\/wp-content\/uploads\/2025\/03\/250318-buscan-a-sus-desaparecidos-2-1024x683.jpg?ssl=1\"\/><\/figure><\/li><li class=\"wp-block-jetpack-slideshow_slide swiper-slide\"><figure><img decoding=\"async\" src=\"data:image\/gif;base64,R0lGODlhAQABAIAAAAAAAP\/\/\/ywAAAAAAQABAAACAUwAOw==\" fifu-lazy=\"1\" fifu-data-sizes=\"auto\" fifu-data-srcset=\"https:\/\/i0.wp.com\/www.interaccionnoticias.com.mx\/wp-content\/uploads\/2025\/03\/250318-buscan-a-sus-desaparecidos-3-1024x683.jpg?ssl=1&w=75&resize=75&ssl=1 75w, https:\/\/i0.wp.com\/www.interaccionnoticias.com.mx\/wp-content\/uploads\/2025\/03\/250318-buscan-a-sus-desaparecidos-3-1024x683.jpg?ssl=1&w=100&resize=100&ssl=1 100w, https:\/\/i0.wp.com\/www.interaccionnoticias.com.mx\/wp-content\/uploads\/2025\/03\/250318-buscan-a-sus-desaparecidos-3-1024x683.jpg?ssl=1&w=150&resize=150&ssl=1 150w, https:\/\/i0.wp.com\/www.interaccionnoticias.com.mx\/wp-content\/uploads\/2025\/03\/250318-buscan-a-sus-desaparecidos-3-1024x683.jpg?ssl=1&w=240&resize=240&ssl=1 240w, https:\/\/i0.wp.com\/www.interaccionnoticias.com.mx\/wp-content\/uploads\/2025\/03\/250318-buscan-a-sus-desaparecidos-3-1024x683.jpg?ssl=1&w=320&resize=320&ssl=1 320w, https:\/\/i0.wp.com\/www.interaccionnoticias.com.mx\/wp-content\/uploads\/2025\/03\/250318-buscan-a-sus-desaparecidos-3-1024x683.jpg?ssl=1&w=500&resize=500&ssl=1 500w, https:\/\/i0.wp.com\/www.interaccionnoticias.com.mx\/wp-content\/uploads\/2025\/03\/250318-buscan-a-sus-desaparecidos-3-1024x683.jpg?ssl=1&w=640&resize=640&ssl=1 640w, https:\/\/i0.wp.com\/www.interaccionnoticias.com.mx\/wp-content\/uploads\/2025\/03\/250318-buscan-a-sus-desaparecidos-3-1024x683.jpg?ssl=1&w=800&resize=800&ssl=1 800w, https:\/\/i0.wp.com\/www.interaccionnoticias.com.mx\/wp-content\/uploads\/2025\/03\/250318-buscan-a-sus-desaparecidos-3-1024x683.jpg?ssl=1&w=1024&resize=1024&ssl=1 1024w, https:\/\/i0.wp.com\/www.interaccionnoticias.com.mx\/wp-content\/uploads\/2025\/03\/250318-buscan-a-sus-desaparecidos-3-1024x683.jpg?ssl=1&w=1280&resize=1280&ssl=1 1280w, https:\/\/i0.wp.com\/www.interaccionnoticias.com.mx\/wp-content\/uploads\/2025\/03\/250318-buscan-a-sus-desaparecidos-3-1024x683.jpg?ssl=1&w=1600&resize=1600&ssl=1 1600w\" alt=\"\" class=\"wp-block-jetpack-slideshow_image wp-image-88960\" data-id=\"88960\" fifu-data-src=\"https:\/\/i0.wp.com\/www.interaccionnoticias.com.mx\/wp-content\/uploads\/2025\/03\/250318-buscan-a-sus-desaparecidos-3-1024x683.jpg?ssl=1\"\/><\/figure><\/li><li class=\"wp-block-jetpack-slideshow_slide swiper-slide\"><figure><img decoding=\"async\" src=\"data:image\/gif;base64,R0lGODlhAQABAIAAAAAAAP\/\/\/ywAAAAAAQABAAACAUwAOw==\" fifu-lazy=\"1\" fifu-data-sizes=\"auto\" fifu-data-srcset=\"https:\/\/i1.wp.com\/www.interaccionnoticias.com.mx\/wp-content\/uploads\/2025\/03\/250318-buscan-a-sus-desaparecidos-1-1024x683.jpg?ssl=1&w=75&resize=75&ssl=1 75w, https:\/\/i1.wp.com\/www.interaccionnoticias.com.mx\/wp-content\/uploads\/2025\/03\/250318-buscan-a-sus-desaparecidos-1-1024x683.jpg?ssl=1&w=100&resize=100&ssl=1 100w, https:\/\/i1.wp.com\/www.interaccionnoticias.com.mx\/wp-content\/uploads\/2025\/03\/250318-buscan-a-sus-desaparecidos-1-1024x683.jpg?ssl=1&w=150&resize=150&ssl=1 150w, https:\/\/i1.wp.com\/www.interaccionnoticias.com.mx\/wp-content\/uploads\/2025\/03\/250318-buscan-a-sus-desaparecidos-1-1024x683.jpg?ssl=1&w=240&resize=240&ssl=1 240w, https:\/\/i1.wp.com\/www.interaccionnoticias.com.mx\/wp-content\/uploads\/2025\/03\/250318-buscan-a-sus-desaparecidos-1-1024x683.jpg?ssl=1&w=320&resize=320&ssl=1 320w, https:\/\/i1.wp.com\/www.interaccionnoticias.com.mx\/wp-content\/uploads\/2025\/03\/250318-buscan-a-sus-desaparecidos-1-1024x683.jpg?ssl=1&w=500&resize=500&ssl=1 500w, https:\/\/i1.wp.com\/www.interaccionnoticias.com.mx\/wp-content\/uploads\/2025\/03\/250318-buscan-a-sus-desaparecidos-1-1024x683.jpg?ssl=1&w=640&resize=640&ssl=1 640w, https:\/\/i1.wp.com\/www.interaccionnoticias.com.mx\/wp-content\/uploads\/2025\/03\/250318-buscan-a-sus-desaparecidos-1-1024x683.jpg?ssl=1&w=800&resize=800&ssl=1 800w, https:\/\/i1.wp.com\/www.interaccionnoticias.com.mx\/wp-content\/uploads\/2025\/03\/250318-buscan-a-sus-desaparecidos-1-1024x683.jpg?ssl=1&w=1024&resize=1024&ssl=1 1024w, https:\/\/i1.wp.com\/www.interaccionnoticias.com.mx\/wp-content\/uploads\/2025\/03\/250318-buscan-a-sus-desaparecidos-1-1024x683.jpg?ssl=1&w=1280&resize=1280&ssl=1 1280w, https:\/\/i1.wp.com\/www.interaccionnoticias.com.mx\/wp-content\/uploads\/2025\/03\/250318-buscan-a-sus-desaparecidos-1-1024x683.jpg?ssl=1&w=1600&resize=1600&ssl=1 1600w\" alt=\"\" class=\"wp-block-jetpack-slideshow_image wp-image-88958\" data-id=\"88958\" fifu-data-src=\"https:\/\/i1.wp.com\/www.interaccionnoticias.com.mx\/wp-content\/uploads\/2025\/03\/250318-buscan-a-sus-desaparecidos-1-1024x683.jpg?ssl=1\"\/><\/figure><\/li><\/ul><a class=\"wp-block-jetpack-slideshow_button-prev swiper-button-prev swiper-button-white\" role=\"button\"><\/a><a class=\"wp-block-jetpack-slideshow_button-next swiper-button-next swiper-button-white\" role=\"button\"><\/a><a aria-label=\"Pause Slideshow\" class=\"wp-block-jetpack-slideshow_button-pause\" role=\"button\"><\/a><div class=\"wp-block-jetpack-slideshow_pagination swiper-pagination swiper-pagination-white\"><\/div><\/div><\/div>\n","protected":false},"excerpt":{"rendered":"<p>&#8212; Reprochan que no hay coordinaci\u00f3n entre autoridades&#8212; Buscan al trabajador Miguel \u00c1ngel Nolasco Parra Javier Trujillo Acapulco, Gro. &#8211; Desde hace cuatro meses, familiares de Miguel \u00c1ngel Nolazco Parra,&hellip; <\/p>\n","protected":false},"author":3,"featured_media":88958,"comment_status":"open","ping_status":"open","sticky":false,"template":"","format":"standard","meta":{"fifu_image_url":"","fifu_image_alt":"","footnotes":""},"categories":[242],"tags":[],"class_list":["post-88957","post","type-post","status-publish","format-standard","has-post-thumbnail","hentry","category-acapulco"],"_links":{"self":[{"href":"https:\/\/www.interaccionnoticias.com.mx\/index.php?rest_route=\/wp\/v2\/posts\/88957","targetHints":{"allow":["GET"]}}],"collection":[{"href":"https:\/\/www.interaccionnoticias.com.mx\/index.php?rest_route=\/wp\/v2\/posts"}],"about":[{"href":"https:\/\/www.interaccionnoticias.com.mx\/index.php?rest_route=\/wp\/v2\/types\/post"}],"author":[{"embeddable":true,"href":"https:\/\/www.interaccionnoticias.com.mx\/index.php?rest_route=\/wp\/v2\/users\/3"}],"replies":[{"embeddable":true,"href":"https:\/\/www.interaccionnoticias.com.mx\/index.php?rest_route=%2Fwp%2Fv2%2Fcomments&post=88957"}],"version-history":[{"count":1,"href":"https:\/\/www.interaccionnoticias.com.mx\/index.php?rest_route=\/wp\/v2\/posts\/88957\/revisions"}],"predecessor-version":[{"id":88961,"href":"https:\/\/www.interaccionnoticias.com.mx\/index.php?rest_route=\/wp\/v2\/posts\/88957\/revisions\/88961"}],"wp:featuredmedia":[{"embeddable":true,"href":"https:\/\/www.interaccionnoticias.com.mx\/index.php?rest_route=\/wp\/v2\/media\/88958"}],"wp:attachment":[{"href":"https:\/\/www.interaccionnoticias.com.mx\/index.php?rest_route=%2Fwp%2Fv2%2Fmedia&parent=88957"}],"wp:term":[{"taxonomy":"category","embeddable":true,"href":"https:\/\/www.interaccionnoticias.com.mx\/index.php?rest_route=%2Fwp%2Fv2%2Fcategories&post=88957"},{"taxonomy":"post_tag","embeddable":true,"href":"https:\/\/www.interaccionnoticias.com.mx\/index.php?rest_route=%2Fwp%2Fv2%2Ftags&post=88957"}],"curies":[{"name":"wp","href":"https:\/\/api.w.org\/{rel}","templated":true}]}}