{"id":88944,"date":"2025-03-18T18:40:09","date_gmt":"2025-03-19T00:40:09","guid":{"rendered":"https:\/\/www.interaccionnoticias.com.mx\/?p=88944"},"modified":"2025-03-18T18:40:10","modified_gmt":"2025-03-19T00:40:10","slug":"gobierno-de-guerrero-reitera-no-habra-incremento-a-las-tarifas-del-transporte-publico-en-ninguna-de-las-ocho-regiones","status":"publish","type":"post","link":"https:\/\/www.interaccionnoticias.com.mx\/?p=88944","title":{"rendered":"Gobierno de Guerrero reitera: \u201cNo habr\u00e1 incremento a las tarifas del transporte p\u00fablico en ninguna de las ocho regiones\u201d"},"content":{"rendered":"\n<p><strong><em>&#8212; Quienes lo hagan, ser\u00e1n sancionados<\/em><\/strong><\/p>\n\n\n\n<p><strong>Rogelio Agust\u00edn<\/strong><\/p>\n\n\n\n<p>El Gobierno de Guerrero aclar\u00f3 que no hay condiciones para incrementar las tarifas del transporte p\u00fablico en ninguna de las ocho regiones de la entidad, quienes han elevado de manera unilateral ya han sido sancionados.<\/p>\n\n\n\n<p>La semana pasada, en unidades de las rutas que van de Chilpancingo a Chilapa, de Chilapa a Tixtla y de Tixtla a Chilapa, anunciaron que a partir de los d\u00edas 30 y 31 de marzo, se incrementar\u00edan las tarifas que se cobran en el servicio p\u00fablico.<\/p>\n\n\n\n<p>Sin embargo, la Comisi\u00f3n T\u00e9cnica de Transporte y Vialidad sali\u00f3 al paso para precisar que el incremento anunciado no contaba con ninguna autorizaci\u00f3n oficial, raz\u00f3n por la que se orden\u00f3 que las unidades de las rutas for\u00e1neas en regi\u00f3n Centro y Monta\u00f1a Baja retiraran los avisos que se hab\u00edan colocado de manera irregular.<\/p>\n\n\n\n<p>La medida se acat\u00f3 y por lo tanto, la pretensi\u00f3n de elevar e precio del pasaje se retir\u00f3 de manera moment\u00e1nea.<\/p>\n\n\n\n<p>Este martes 18 de marzo, el subsecretario de Desarrollo Pol\u00edtico de la Secretar\u00eda General de Gobierno, Francisco Rodr\u00edguez Cisneros explic\u00f3 que para poder validar un alza tarifaria, se requiere de forma previa la realizaci\u00f3n de un estudio socioecon\u00f3mico.<\/p>\n\n\n\n<p>En estos momentos, aclar\u00f3 que no se ha realizado ning\u00fan estudio de car\u00e1cter socioecon\u00f3mico que permita que haya factibilidad para eleva tarifas en ninguna de las ocho regiones de la entidad.<\/p>\n\n\n\n<p>Eso quiere decir, que por el momento no se tiene considerado que en ninguna de las regiones de la entidad se tenga previsto el incremento de las tarifas que se cobran en el transporte p\u00fablico.<\/p>\n\n\n\n<p>Quienes lo hagan de manera irregular, indic\u00f3 que van a cometer una violaci\u00f3n a la ley vigente, lo que de manera inevitable motivar\u00e1 la aplicaci\u00f3n de sanciones.<\/p>\n\n\n\n<p>Para quienes ya lo han hecho en el pasado, dijo que se han aplicado las amonestaciones correspondientes, con la intenci\u00f3n de evitar cualquier situaci\u00f3n que perjudique a la poblaci\u00f3n.<\/p>\n\n\n\n<p>Rodr\u00edguez Cisneros destac\u00f3 que el estado vive momentos complicados en materia econ\u00f3mica, de tal suerte que un alza en las tarifas tendr\u00eda un efecto muy negativo en la poblaci\u00f3n.<\/p>\n","protected":false},"excerpt":{"rendered":"<p>&#8212; Quienes lo hagan, ser\u00e1n sancionados Rogelio Agust\u00edn El Gobierno de Guerrero aclar\u00f3 que no hay condiciones para incrementar las tarifas del transporte p\u00fablico en ninguna de las ocho regiones&hellip; <\/p>\n","protected":false},"author":21,"featured_media":88945,"comment_status":"open","ping_status":"open","sticky":false,"template":"","format":"standard","meta":{"fifu_image_url":"","fifu_image_alt":"","footnotes":""},"categories":[11],"tags":[],"class_list":["post-88944","post","type-post","status-publish","format-standard","has-post-thumbnail","hentry","category-guerrero"],"_links":{"self":[{"href":"https:\/\/www.interaccionnoticias.com.mx\/index.php?rest_route=\/wp\/v2\/posts\/88944","targetHints":{"allow":["GET"]}}],"collection":[{"href":"https:\/\/www.interaccionnoticias.com.mx\/index.php?rest_route=\/wp\/v2\/posts"}],"about":[{"href":"https:\/\/www.interaccionnoticias.com.mx\/index.php?rest_route=\/wp\/v2\/types\/post"}],"author":[{"embeddable":true,"href":"https:\/\/www.interaccionnoticias.com.mx\/index.php?rest_route=\/wp\/v2\/users\/21"}],"replies":[{"embeddable":true,"href":"https:\/\/www.interaccionnoticias.com.mx\/index.php?rest_route=%2Fwp%2Fv2%2Fcomments&post=88944"}],"version-history":[{"count":1,"href":"https:\/\/www.interaccionnoticias.com.mx\/index.php?rest_route=\/wp\/v2\/posts\/88944\/revisions"}],"predecessor-version":[{"id":88946,"href":"https:\/\/www.interaccionnoticias.com.mx\/index.php?rest_route=\/wp\/v2\/posts\/88944\/revisions\/88946"}],"wp:featuredmedia":[{"embeddable":true,"href":"https:\/\/www.interaccionnoticias.com.mx\/index.php?rest_route=\/wp\/v2\/media\/88945"}],"wp:attachment":[{"href":"https:\/\/www.interaccionnoticias.com.mx\/index.php?rest_route=%2Fwp%2Fv2%2Fmedia&parent=88944"}],"wp:term":[{"taxonomy":"category","embeddable":true,"href":"https:\/\/www.interaccionnoticias.com.mx\/index.php?rest_route=%2Fwp%2Fv2%2Fcategories&post=88944"},{"taxonomy":"post_tag","embeddable":true,"href":"https:\/\/www.interaccionnoticias.com.mx\/index.php?rest_route=%2Fwp%2Fv2%2Ftags&post=88944"}],"curies":[{"name":"wp","href":"https:\/\/api.w.org\/{rel}","templated":true}]}}