{"id":88938,"date":"2025-03-18T14:55:00","date_gmt":"2025-03-18T20:55:00","guid":{"rendered":"https:\/\/www.interaccionnoticias.com.mx\/?p=88938"},"modified":"2025-03-18T18:31:20","modified_gmt":"2025-03-19T00:31:20","slug":"en-estos-momentos-guerrero-no-tiene-registro-de-fosas-clandestinas","status":"publish","type":"post","link":"https:\/\/www.interaccionnoticias.com.mx\/?p=88938","title":{"rendered":"En estos momentos, Guerrero no tiene registro de fosas clandestinas"},"content":{"rendered":"\n<p><strong><em>&#8212; Se compromete el coordinador estatal de la Guardia Nacional (GN) a reforzar seguridad en la capital<br>&#8212; Se reunir\u00e1 con prestadores de servicios tur\u00edsticos en Acapulco<\/em><\/strong><\/p>\n\n\n\n<p><strong>Rosario Garc\u00eda Orozco<\/strong><\/p>\n\n\n\n<p>El coordinador Estatal de la Guardia Nacional (GN), Gregorio Espinosa Toledo sostuvo que de momento, en Guerrero no se tiene reporte de hallazgos de fosas clandestinas, como sucedi\u00f3 en Jalisco.<\/p>\n\n\n\n<p>Al t\u00e9rmino de un encuentro con integrantes de la Coparmex, el coordinador de la GN en la entidad se\u00f1al\u00f3 que hasta ste momento, dicha corporaci\u00f3n no ha sido requerido por el Ministerio P\u00fablico para resguardar alguna zona a partir de la presunci\u00f3n de fosas clandestinas.<\/p>\n\n\n\n<p>Sin embargo, destac\u00f3 que en cuanto el Ministerio P\u00fablico lo determine, el personal estar\u00e1 listo para colaborar.<\/p>\n\n\n\n<p>El jefe pol\u00edtico asegur\u00f3 que la dependencia a su cargo mantiene un apoyo permanente y acompa\u00f1amiento \u00abpara grupos de b\u00fasqueda de personas constantemente, pero en particular un hecho en este momento no nos ha llegado, pero siempre estamos acompa\u00f1\u00e1ndolos cuando lo piden\u00bb.<\/p>\n\n\n\n<p>Espinosa Toledo tambi\u00e9n dio conocer que en Guerrero, de acuerdo con las estad\u00edsticas nacionales, ha disminuido el \u00edndice delictivo, aunque no expuso cifras.<\/p>\n\n\n\n<p>\u00abTenemos una coordinaci\u00f3n con las otras instituciones como la Fiscal\u00eda General del Estado y con la Secretar\u00eda de Seguridad P\u00fablica del Estado hemos estado trabajando todos los d\u00edas y se ha logrado la aprehensi\u00f3n de algunos generadores de violencia, que ha permitido la disminuci\u00f3n del problema de homicidios dolosos, que es un tema muy serio que se vive en el estado\u00bb, anot\u00f3.<\/p>\n\n\n\n<p>Agreg\u00f3 que se llevan a cabo reuniones regionales de seguridad para incentivar la participaci\u00f3n de los ayuntamientos en las estrategias en los municipios, en las que intervienen los presidentes municipales, \u00abestamos buscando justamente verificar que cada quien cumpla con la responsabilidad que le corresponde\u00bb.<\/p>\n\n\n\n<p>Antes, con los empresarios integrantes de la Confederaci\u00f3n Patrona de la Rep\u00fablica Mexicana (Coparmex), el coordinador estatal de la GN se comprometi\u00f3 a reforzar la vigilancia en las carreteras como la Autopista del Sol, la de Chilapa, Tlapa y Huamuxtitl\u00e1n, entre otras, donde se cometen robos a particulares por parte de delincuentes y por estudiantes de Ayotzinapa.<\/p>\n\n\n\n<p>De la misma manera, sostuvo que se aplicar\u00e1n estrategias de vigilancia en espacios p\u00fablicos como la Alameda y el z\u00f3calo de Chilpancingo, para contener el narcomenudeo y tambi\u00e9n acept\u00f3 la invitaci\u00f3n de prestarores de turismo de Acapulco para reunirse con ellos y delinear estrategias que permitan reducir los delitos contra turistas en la zona tur\u00edstica del puerto.<\/p>\n","protected":false},"excerpt":{"rendered":"<p>&#8212; Se compromete el coordinador estatal de la Guardia Nacional (GN) a reforzar seguridad en la capital&#8212; Se reunir\u00e1 con prestadores de servicios tur\u00edsticos en Acapulco Rosario Garc\u00eda Orozco El&hellip; <\/p>\n","protected":false},"author":14,"featured_media":88939,"comment_status":"open","ping_status":"open","sticky":false,"template":"","format":"standard","meta":{"fifu_image_url":"","fifu_image_alt":"","footnotes":""},"categories":[11],"tags":[],"class_list":["post-88938","post","type-post","status-publish","format-standard","has-post-thumbnail","hentry","category-guerrero"],"_links":{"self":[{"href":"https:\/\/www.interaccionnoticias.com.mx\/index.php?rest_route=\/wp\/v2\/posts\/88938","targetHints":{"allow":["GET"]}}],"collection":[{"href":"https:\/\/www.interaccionnoticias.com.mx\/index.php?rest_route=\/wp\/v2\/posts"}],"about":[{"href":"https:\/\/www.interaccionnoticias.com.mx\/index.php?rest_route=\/wp\/v2\/types\/post"}],"author":[{"embeddable":true,"href":"https:\/\/www.interaccionnoticias.com.mx\/index.php?rest_route=\/wp\/v2\/users\/14"}],"replies":[{"embeddable":true,"href":"https:\/\/www.interaccionnoticias.com.mx\/index.php?rest_route=%2Fwp%2Fv2%2Fcomments&post=88938"}],"version-history":[{"count":1,"href":"https:\/\/www.interaccionnoticias.com.mx\/index.php?rest_route=\/wp\/v2\/posts\/88938\/revisions"}],"predecessor-version":[{"id":88940,"href":"https:\/\/www.interaccionnoticias.com.mx\/index.php?rest_route=\/wp\/v2\/posts\/88938\/revisions\/88940"}],"wp:featuredmedia":[{"embeddable":true,"href":"https:\/\/www.interaccionnoticias.com.mx\/index.php?rest_route=\/wp\/v2\/media\/88939"}],"wp:attachment":[{"href":"https:\/\/www.interaccionnoticias.com.mx\/index.php?rest_route=%2Fwp%2Fv2%2Fmedia&parent=88938"}],"wp:term":[{"taxonomy":"category","embeddable":true,"href":"https:\/\/www.interaccionnoticias.com.mx\/index.php?rest_route=%2Fwp%2Fv2%2Fcategories&post=88938"},{"taxonomy":"post_tag","embeddable":true,"href":"https:\/\/www.interaccionnoticias.com.mx\/index.php?rest_route=%2Fwp%2Fv2%2Ftags&post=88938"}],"curies":[{"name":"wp","href":"https:\/\/api.w.org\/{rel}","templated":true}]}}