{"id":88910,"date":"2025-03-17T18:47:00","date_gmt":"2025-03-18T00:47:00","guid":{"rendered":"https:\/\/www.interaccionnoticias.com.mx\/?p=88910"},"modified":"2025-03-17T20:31:49","modified_gmt":"2025-03-18T02:31:49","slug":"la-reforma-del-poder-judicial-local-podria-ser-avalada-esta-semana-por-los-ayuntamientos","status":"publish","type":"post","link":"https:\/\/www.interaccionnoticias.com.mx\/?p=88910","title":{"rendered":"La reforma del Poder Judicial local podr\u00eda ser avalada esta semana por los ayuntamientos"},"content":{"rendered":"\n<p><strong><em>&#8212; La Reforma fue enviada a los ayuntamientos y los dos consejos comunitarios desde el jueves pasado<\/em><\/strong><\/p>\n\n\n\n<p><strong>Rosario Garc\u00eda Orozco<\/strong><\/p>\n\n\n\n<p>La reforma constitucional del Poder Judicial de Guerrero, podr\u00eda ser avalada en la presente semana por los ayuntamientos y consejos comunitarios, consider\u00f3 el presidente de la Junta de Coordinaci\u00f3n Pol\u00edtica del Congreso Local, Jes\u00fas Uri\u00f3stegui Garc\u00eda.<\/p>\n\n\n\n<p>Mencion\u00f3 que dicha Reforma, aprobada por el pleno del Congreso de Guerrero el mi\u00e9rcoles pasado, fue enviada el jueves a los 83 ayuntamientos y los dos consejos comunitarios.<\/p>\n\n\n\n<p>En caso de ser avalada la Reforma por la mayor\u00eda de los cabildos, ser\u00e1 publicada en el Diario Oficial del Gobierno del Estado, y al d\u00eda siguiente entrar\u00e1 en vigor.<\/p>\n\n\n\n<p>De esa manera se podr\u00e1 llevar a cabo la elecci\u00f3n de jueces y magistrados del Tribunal Superior de Justicia de Guerrero a partir del 2027.<\/p>\n\n\n\n<p>El diputado local morenista inform\u00f3 con los legisladores mantienen di\u00e1logo permanente con los ayuntamientos para avanzar con el proceso no s\u00f3lo de la Reforma del Poder Judicial Local, sino tambi\u00e9n con las dem\u00e1s, impulsadas por el ex presidente Andr\u00e9s Manuel L\u00f3pez Obrador y por la actual presidenta Claudia Sheinbaum Pardo, y posteriormente aprobadas por las legislaturas federales.<\/p>\n\n\n\n<p>Uri\u00f3stegui Garc\u00eda asegur\u00f3 que cada una de las reformas que se analizan en el Congreso Local, requieren de responsabilidad para determinar la viabilidad presupuestal, \u00abporque no s\u00f3lo se trata de votar, publicar o proponer una iniciativa que no sea viable en ning\u00fan sentido realizar; la responsabilidad es que hagamos leyes que sean viables\u201d.<\/p>\n","protected":false},"excerpt":{"rendered":"<p>&#8212; La Reforma fue enviada a los ayuntamientos y los dos consejos comunitarios desde el jueves pasado Rosario Garc\u00eda Orozco La reforma constitucional del Poder Judicial de Guerrero, podr\u00eda ser&hellip; <\/p>\n","protected":false},"author":14,"featured_media":88911,"comment_status":"open","ping_status":"open","sticky":false,"template":"","format":"standard","meta":{"fifu_image_url":"","fifu_image_alt":"","footnotes":""},"categories":[2],"tags":[],"class_list":["post-88910","post","type-post","status-publish","format-standard","has-post-thumbnail","hentry","category-congreso"],"_links":{"self":[{"href":"https:\/\/www.interaccionnoticias.com.mx\/index.php?rest_route=\/wp\/v2\/posts\/88910","targetHints":{"allow":["GET"]}}],"collection":[{"href":"https:\/\/www.interaccionnoticias.com.mx\/index.php?rest_route=\/wp\/v2\/posts"}],"about":[{"href":"https:\/\/www.interaccionnoticias.com.mx\/index.php?rest_route=\/wp\/v2\/types\/post"}],"author":[{"embeddable":true,"href":"https:\/\/www.interaccionnoticias.com.mx\/index.php?rest_route=\/wp\/v2\/users\/14"}],"replies":[{"embeddable":true,"href":"https:\/\/www.interaccionnoticias.com.mx\/index.php?rest_route=%2Fwp%2Fv2%2Fcomments&post=88910"}],"version-history":[{"count":1,"href":"https:\/\/www.interaccionnoticias.com.mx\/index.php?rest_route=\/wp\/v2\/posts\/88910\/revisions"}],"predecessor-version":[{"id":88912,"href":"https:\/\/www.interaccionnoticias.com.mx\/index.php?rest_route=\/wp\/v2\/posts\/88910\/revisions\/88912"}],"wp:featuredmedia":[{"embeddable":true,"href":"https:\/\/www.interaccionnoticias.com.mx\/index.php?rest_route=\/wp\/v2\/media\/88911"}],"wp:attachment":[{"href":"https:\/\/www.interaccionnoticias.com.mx\/index.php?rest_route=%2Fwp%2Fv2%2Fmedia&parent=88910"}],"wp:term":[{"taxonomy":"category","embeddable":true,"href":"https:\/\/www.interaccionnoticias.com.mx\/index.php?rest_route=%2Fwp%2Fv2%2Fcategories&post=88910"},{"taxonomy":"post_tag","embeddable":true,"href":"https:\/\/www.interaccionnoticias.com.mx\/index.php?rest_route=%2Fwp%2Fv2%2Ftags&post=88910"}],"curies":[{"name":"wp","href":"https:\/\/api.w.org\/{rel}","templated":true}]}}