{"id":88907,"date":"2025-03-17T17:33:00","date_gmt":"2025-03-17T23:33:00","guid":{"rendered":"https:\/\/www.interaccionnoticias.com.mx\/?p=88907"},"modified":"2025-03-17T20:25:04","modified_gmt":"2025-03-18T02:25:04","slug":"familiares-de-dona-yola-denuncian-falta-de-respuesta-de-las-autoridades-por-su-desaparicion","status":"publish","type":"post","link":"https:\/\/www.interaccionnoticias.com.mx\/?p=88907","title":{"rendered":"Familiares de do\u00f1a Yola denuncian falta de respuesta de las autoridades por su desaparici\u00f3n"},"content":{"rendered":"\n<p><strong><em>&#8212; Acusan a una de sus hija de raptarla<\/em><\/strong><\/p>\n\n\n\n<p><strong>Jes\u00fas Dorantes<\/strong><\/p>\n\n\n\n<p><strong>Chilpancingo, Gro.- <\/strong>La familia de la se\u00f1ora Yolanda Monta\u00f1o Olea, de 92 a\u00f1os, denunci\u00f3 que fue raptada por una de sus hijas en su domicilio en Chilpancingo, su desaparici\u00f3n ocurri\u00f3 el 5 de febrero y desde entonces, la Fiscal\u00eda General del Estado (FGE) no ha tenido avances sobre su paradero.<\/p>\n\n\n\n<p>Los hijos de la se\u00f1ora Yolanda, Claudia, Roberto y Alex Casta\u00f1\u00f3n Monta\u00f1o, relataron en una rueda de prensa que su madre fue sustra\u00edda contra su voluntad, los denunciantes se enteraron de la desaparici\u00f3n por vecinos que los alertaron la noche del 5 de febrero, pero al llegar al domicilio encontraron que la casa hab\u00eda sido saqueada.<\/p>\n\n\n\n<p>La familia interpuso una denuncia por desaparici\u00f3n forzada de personas ante la FGE, pero hasta la fecha no han tenido noticias sobre el caso, tambi\u00e9n acudieron a la Secretar\u00eda de Seguridad P\u00fablica (SSP) para solicitar la aplicaci\u00f3n del Protocolo Violeta, pero se\u00f1alaron que no ha funcionado como se esperaba.<\/p>\n\n\n\n<p>La familia responsabiliz\u00f3 a la SSP estatal y la FGE por lo que pueda sucederle a su madre. Ante la falta de resultados, hicieron un llamado a la presidenta Claudia Sheinbaum Pardo para que intervenga en el caso y ordene la colaboraci\u00f3n entre autoridades de Guerrero y otros estados para ampliar la b\u00fasqueda.<\/p>\n\n\n\n<p>La se\u00f1ora Yolanda tiene 92 a\u00f1os y padece demencia senil, lo que la hace vulnerable. La familia tambi\u00e9n responsabiliz\u00f3 a su hermana Aurora Casta\u00f1\u00f3n Monta\u00f1o y otras personas de la presunta desaparici\u00f3n, pues cuentan con videos y testimonios que respaldan sus acusaciones.<\/p>\n\n\n\n<p>A pesar de tener una orden de restricci\u00f3n que interpuso su propia hermana, la familia est\u00e1 preocupada por el estado de salud de su madre ya que debido a su avanzada edad necesita cuidados y no puede valerse por s\u00ed sola.<\/p>\n","protected":false},"excerpt":{"rendered":"<p>&#8212; Acusan a una de sus hija de raptarla Jes\u00fas Dorantes Chilpancingo, Gro.- La familia de la se\u00f1ora Yolanda Monta\u00f1o Olea, de 92 a\u00f1os, denunci\u00f3 que fue raptada por una&hellip; <\/p>\n","protected":false},"author":8,"featured_media":88908,"comment_status":"open","ping_status":"open","sticky":false,"template":"","format":"standard","meta":{"fifu_image_url":"","fifu_image_alt":"","footnotes":""},"categories":[29],"tags":[],"class_list":["post-88907","post","type-post","status-publish","format-standard","has-post-thumbnail","hentry","category-sociedad"],"_links":{"self":[{"href":"https:\/\/www.interaccionnoticias.com.mx\/index.php?rest_route=\/wp\/v2\/posts\/88907","targetHints":{"allow":["GET"]}}],"collection":[{"href":"https:\/\/www.interaccionnoticias.com.mx\/index.php?rest_route=\/wp\/v2\/posts"}],"about":[{"href":"https:\/\/www.interaccionnoticias.com.mx\/index.php?rest_route=\/wp\/v2\/types\/post"}],"author":[{"embeddable":true,"href":"https:\/\/www.interaccionnoticias.com.mx\/index.php?rest_route=\/wp\/v2\/users\/8"}],"replies":[{"embeddable":true,"href":"https:\/\/www.interaccionnoticias.com.mx\/index.php?rest_route=%2Fwp%2Fv2%2Fcomments&post=88907"}],"version-history":[{"count":1,"href":"https:\/\/www.interaccionnoticias.com.mx\/index.php?rest_route=\/wp\/v2\/posts\/88907\/revisions"}],"predecessor-version":[{"id":88909,"href":"https:\/\/www.interaccionnoticias.com.mx\/index.php?rest_route=\/wp\/v2\/posts\/88907\/revisions\/88909"}],"wp:featuredmedia":[{"embeddable":true,"href":"https:\/\/www.interaccionnoticias.com.mx\/index.php?rest_route=\/wp\/v2\/media\/88908"}],"wp:attachment":[{"href":"https:\/\/www.interaccionnoticias.com.mx\/index.php?rest_route=%2Fwp%2Fv2%2Fmedia&parent=88907"}],"wp:term":[{"taxonomy":"category","embeddable":true,"href":"https:\/\/www.interaccionnoticias.com.mx\/index.php?rest_route=%2Fwp%2Fv2%2Fcategories&post=88907"},{"taxonomy":"post_tag","embeddable":true,"href":"https:\/\/www.interaccionnoticias.com.mx\/index.php?rest_route=%2Fwp%2Fv2%2Ftags&post=88907"}],"curies":[{"name":"wp","href":"https:\/\/api.w.org\/{rel}","templated":true}]}}