{"id":88880,"date":"2025-03-16T19:07:46","date_gmt":"2025-03-17T01:07:46","guid":{"rendered":"https:\/\/www.interaccionnoticias.com.mx\/?p=88880"},"modified":"2025-03-16T19:07:49","modified_gmt":"2025-03-17T01:07:49","slug":"con-anuncios-no-oficiales-rutas-foraneas-anuncian-incremento-tarifario-en-el-transporte-publico","status":"publish","type":"post","link":"https:\/\/www.interaccionnoticias.com.mx\/?p=88880","title":{"rendered":"Con anuncios no oficiales, rutas for\u00e1neas anuncian incremento tarifario en el transporte p\u00fablico"},"content":{"rendered":"\n<p><strong><em>&#8212; Pegan los oficios en las unidades, sin sellos de la Comisi\u00f3n de Transporte y Vialidad<\/em><\/strong><\/p>\n\n\n\n<p><strong>Dassaev T\u00e9llez Adame<\/strong><\/p>\n\n\n\n<p>Con anuncios informales pegados en algunas unidades, choferes de por lo menos 8 rutas for\u00e1neas, principalmente las del Circuito R\u00edo Azul, Chilpancingo-Chilapa y Chilpancingo-Tixtla anuncian que a partir de los d\u00edas 30 y 31 de marzo, las tarufas del pasaje se incrementar\u00e1n, porque los insumos ya tienen costos muy altos.<\/p>\n\n\n\n<p>Las rutas de Tixtla-Chilapa, Chilapa-Chilpancingo y Chilpancingo-Tixtla, anunciaron a los usuarios que a partir del 30 de marzo las tarifas se van a elevar.<\/p>\n\n\n\n<p>\u00abDebido al excesivo aumento de los insumos utilizados en la operaci\u00f3n de nuestro servicio, nos vemos en la penosa necesidad de incrementar el costo del pasaje\u00bb, se lee en el oficio pegado en las unidades.<\/p>\n\n\n\n<p>Detallan que las tarifas aumentar\u00e1n por lo menos 10 pesos, de tal manera que la ruta de Chilapa-Chilpancingo pasar\u00e1 de 80 a 90 pesos, la de Tixtla-Chilpancingo pasara de 25 a 35 y la de Tixtla-Chilapa de 45 a 55.<\/p>\n\n\n\n<p>En el caso de las rutas de Petaquillas, Tepechicotlan, Mochitlan, Quechultenango, Colotlipa, que comprenden el denominado \u00abCircuito R\u00edo Azul\u00bb, no se ha dado a conocer el aumento, solamente se indican que habr\u00e1 nuevas tarifas.<\/p>\n\n\n\n<p>\u00abA la ciudadan\u00eda en general y esperando su comprensi\u00f3n, les hacemos de su conocimiento que a partir del 31 de marzo del a\u00f1o en curso, se empezar\u00e1 a cobrar la nueva tarifa, ya que debido a los altos costos de los insumos que se utilizan para el mantenimiento de nuestras unidades, nos es imposible mantenerlas en buen estado, y por consiguiente poder llevar el sustento diario a nuestras familias\u00bb, se anota.<\/p>\n\n\n\n<p>Solo en el caso de las unidades de Petaquillas, de manera extraoficial se dio a conocer que el pasaje costar\u00e1 10 pesos luego de la fecha anunciada.<\/p>\n\n\n\n<p>En todos los casos, es notable la ausencia de sellos o logotipos oficiales.<\/p>\n\n\n\n<div class=\"wp-block-jetpack-slideshow aligncenter\" data-effect=\"slide\"><div class=\"wp-block-jetpack-slideshow_container swiper-container\"><ul class=\"wp-block-jetpack-slideshow_swiper-wrapper swiper-wrapper\"><li class=\"wp-block-jetpack-slideshow_slide swiper-slide\"><figure><img decoding=\"async\" src=\"data:image\/gif;base64,R0lGODlhAQABAIAAAAAAAP\/\/\/ywAAAAAAQABAAACAUwAOw==\" fifu-lazy=\"1\" fifu-data-sizes=\"auto\" fifu-data-srcset=\"https:\/\/i2.wp.com\/www.interaccionnoticias.com.mx\/wp-content\/uploads\/2025\/03\/250316-incremento-tarifario-1-1024x683.jpg?ssl=1&w=75&resize=75&ssl=1 75w, https:\/\/i2.wp.com\/www.interaccionnoticias.com.mx\/wp-content\/uploads\/2025\/03\/250316-incremento-tarifario-1-1024x683.jpg?ssl=1&w=100&resize=100&ssl=1 100w, https:\/\/i2.wp.com\/www.interaccionnoticias.com.mx\/wp-content\/uploads\/2025\/03\/250316-incremento-tarifario-1-1024x683.jpg?ssl=1&w=150&resize=150&ssl=1 150w, https:\/\/i2.wp.com\/www.interaccionnoticias.com.mx\/wp-content\/uploads\/2025\/03\/250316-incremento-tarifario-1-1024x683.jpg?ssl=1&w=240&resize=240&ssl=1 240w, https:\/\/i2.wp.com\/www.interaccionnoticias.com.mx\/wp-content\/uploads\/2025\/03\/250316-incremento-tarifario-1-1024x683.jpg?ssl=1&w=320&resize=320&ssl=1 320w, https:\/\/i2.wp.com\/www.interaccionnoticias.com.mx\/wp-content\/uploads\/2025\/03\/250316-incremento-tarifario-1-1024x683.jpg?ssl=1&w=500&resize=500&ssl=1 500w, https:\/\/i2.wp.com\/www.interaccionnoticias.com.mx\/wp-content\/uploads\/2025\/03\/250316-incremento-tarifario-1-1024x683.jpg?ssl=1&w=640&resize=640&ssl=1 640w, https:\/\/i2.wp.com\/www.interaccionnoticias.com.mx\/wp-content\/uploads\/2025\/03\/250316-incremento-tarifario-1-1024x683.jpg?ssl=1&w=800&resize=800&ssl=1 800w, https:\/\/i2.wp.com\/www.interaccionnoticias.com.mx\/wp-content\/uploads\/2025\/03\/250316-incremento-tarifario-1-1024x683.jpg?ssl=1&w=1024&resize=1024&ssl=1 1024w, https:\/\/i2.wp.com\/www.interaccionnoticias.com.mx\/wp-content\/uploads\/2025\/03\/250316-incremento-tarifario-1-1024x683.jpg?ssl=1&w=1280&resize=1280&ssl=1 1280w, https:\/\/i2.wp.com\/www.interaccionnoticias.com.mx\/wp-content\/uploads\/2025\/03\/250316-incremento-tarifario-1-1024x683.jpg?ssl=1&w=1600&resize=1600&ssl=1 1600w\" alt=\"\" class=\"wp-block-jetpack-slideshow_image wp-image-88881\" data-id=\"88881\" fifu-data-src=\"https:\/\/i2.wp.com\/www.interaccionnoticias.com.mx\/wp-content\/uploads\/2025\/03\/250316-incremento-tarifario-1-1024x683.jpg?ssl=1\"\/><\/figure><\/li><li class=\"wp-block-jetpack-slideshow_slide swiper-slide\"><figure><img decoding=\"async\" src=\"data:image\/gif;base64,R0lGODlhAQABAIAAAAAAAP\/\/\/ywAAAAAAQABAAACAUwAOw==\" fifu-lazy=\"1\" fifu-data-sizes=\"auto\" fifu-data-srcset=\"https:\/\/i1.wp.com\/www.interaccionnoticias.com.mx\/wp-content\/uploads\/2025\/03\/250316-incremento-tarifario-2-1024x683.jpg?ssl=1&w=75&resize=75&ssl=1 75w, https:\/\/i1.wp.com\/www.interaccionnoticias.com.mx\/wp-content\/uploads\/2025\/03\/250316-incremento-tarifario-2-1024x683.jpg?ssl=1&w=100&resize=100&ssl=1 100w, https:\/\/i1.wp.com\/www.interaccionnoticias.com.mx\/wp-content\/uploads\/2025\/03\/250316-incremento-tarifario-2-1024x683.jpg?ssl=1&w=150&resize=150&ssl=1 150w, https:\/\/i1.wp.com\/www.interaccionnoticias.com.mx\/wp-content\/uploads\/2025\/03\/250316-incremento-tarifario-2-1024x683.jpg?ssl=1&w=240&resize=240&ssl=1 240w, https:\/\/i1.wp.com\/www.interaccionnoticias.com.mx\/wp-content\/uploads\/2025\/03\/250316-incremento-tarifario-2-1024x683.jpg?ssl=1&w=320&resize=320&ssl=1 320w, https:\/\/i1.wp.com\/www.interaccionnoticias.com.mx\/wp-content\/uploads\/2025\/03\/250316-incremento-tarifario-2-1024x683.jpg?ssl=1&w=500&resize=500&ssl=1 500w, https:\/\/i1.wp.com\/www.interaccionnoticias.com.mx\/wp-content\/uploads\/2025\/03\/250316-incremento-tarifario-2-1024x683.jpg?ssl=1&w=640&resize=640&ssl=1 640w, https:\/\/i1.wp.com\/www.interaccionnoticias.com.mx\/wp-content\/uploads\/2025\/03\/250316-incremento-tarifario-2-1024x683.jpg?ssl=1&w=800&resize=800&ssl=1 800w, https:\/\/i1.wp.com\/www.interaccionnoticias.com.mx\/wp-content\/uploads\/2025\/03\/250316-incremento-tarifario-2-1024x683.jpg?ssl=1&w=1024&resize=1024&ssl=1 1024w, https:\/\/i1.wp.com\/www.interaccionnoticias.com.mx\/wp-content\/uploads\/2025\/03\/250316-incremento-tarifario-2-1024x683.jpg?ssl=1&w=1280&resize=1280&ssl=1 1280w, https:\/\/i1.wp.com\/www.interaccionnoticias.com.mx\/wp-content\/uploads\/2025\/03\/250316-incremento-tarifario-2-1024x683.jpg?ssl=1&w=1600&resize=1600&ssl=1 1600w\" alt=\"\" class=\"wp-block-jetpack-slideshow_image wp-image-88882\" data-id=\"88882\" fifu-data-src=\"https:\/\/i1.wp.com\/www.interaccionnoticias.com.mx\/wp-content\/uploads\/2025\/03\/250316-incremento-tarifario-2-1024x683.jpg?ssl=1\"\/><\/figure><\/li><\/ul><a class=\"wp-block-jetpack-slideshow_button-prev swiper-button-prev swiper-button-white\" role=\"button\"><\/a><a class=\"wp-block-jetpack-slideshow_button-next swiper-button-next swiper-button-white\" role=\"button\"><\/a><a aria-label=\"Pause Slideshow\" class=\"wp-block-jetpack-slideshow_button-pause\" role=\"button\"><\/a><div class=\"wp-block-jetpack-slideshow_pagination swiper-pagination swiper-pagination-white\"><\/div><\/div><\/div>\n","protected":false},"excerpt":{"rendered":"<p>&#8212; Pegan los oficios en las unidades, sin sellos de la Comisi\u00f3n de Transporte y Vialidad Dassaev T\u00e9llez Adame Con anuncios informales pegados en algunas unidades, choferes de por lo&hellip; <\/p>\n","protected":false},"author":9,"featured_media":88882,"comment_status":"open","ping_status":"open","sticky":false,"template":"","format":"standard","meta":{"fifu_image_url":"","fifu_image_alt":"","footnotes":""},"categories":[23],"tags":[],"class_list":["post-88880","post","type-post","status-publish","format-standard","has-post-thumbnail","hentry","category-regionales"],"_links":{"self":[{"href":"https:\/\/www.interaccionnoticias.com.mx\/index.php?rest_route=\/wp\/v2\/posts\/88880","targetHints":{"allow":["GET"]}}],"collection":[{"href":"https:\/\/www.interaccionnoticias.com.mx\/index.php?rest_route=\/wp\/v2\/posts"}],"about":[{"href":"https:\/\/www.interaccionnoticias.com.mx\/index.php?rest_route=\/wp\/v2\/types\/post"}],"author":[{"embeddable":true,"href":"https:\/\/www.interaccionnoticias.com.mx\/index.php?rest_route=\/wp\/v2\/users\/9"}],"replies":[{"embeddable":true,"href":"https:\/\/www.interaccionnoticias.com.mx\/index.php?rest_route=%2Fwp%2Fv2%2Fcomments&post=88880"}],"version-history":[{"count":1,"href":"https:\/\/www.interaccionnoticias.com.mx\/index.php?rest_route=\/wp\/v2\/posts\/88880\/revisions"}],"predecessor-version":[{"id":88883,"href":"https:\/\/www.interaccionnoticias.com.mx\/index.php?rest_route=\/wp\/v2\/posts\/88880\/revisions\/88883"}],"wp:featuredmedia":[{"embeddable":true,"href":"https:\/\/www.interaccionnoticias.com.mx\/index.php?rest_route=\/wp\/v2\/media\/88882"}],"wp:attachment":[{"href":"https:\/\/www.interaccionnoticias.com.mx\/index.php?rest_route=%2Fwp%2Fv2%2Fmedia&parent=88880"}],"wp:term":[{"taxonomy":"category","embeddable":true,"href":"https:\/\/www.interaccionnoticias.com.mx\/index.php?rest_route=%2Fwp%2Fv2%2Fcategories&post=88880"},{"taxonomy":"post_tag","embeddable":true,"href":"https:\/\/www.interaccionnoticias.com.mx\/index.php?rest_route=%2Fwp%2Fv2%2Ftags&post=88880"}],"curies":[{"name":"wp","href":"https:\/\/api.w.org\/{rel}","templated":true}]}}