{"id":88868,"date":"2025-03-16T17:55:47","date_gmt":"2025-03-16T23:55:47","guid":{"rendered":"https:\/\/www.interaccionnoticias.com.mx\/?p=88868"},"modified":"2025-03-16T17:55:49","modified_gmt":"2025-03-16T23:55:49","slug":"civiles-se-preparan-para-hacer-frente-a-los-incendios-forestales","status":"publish","type":"post","link":"https:\/\/www.interaccionnoticias.com.mx\/?p=88868","title":{"rendered":"Civiles se preparan para hacer frente a los incendios forestales"},"content":{"rendered":"\n<p><strong><em>&#8212; Solicitan a la sociedad apoyar con herramienta para el combate de esos siniestros<br>&#8212; Adem\u00e1s dan seguimiento al crecimiento de los \u00e1rboles plantados en la jornada de reforestaci\u00f3n<\/em><\/strong><\/p>\n\n\n\n<p><strong>Rosario Garc\u00eda Orozco<\/strong><\/p>\n\n\n\n<p>Civiles se preparan para apoyar a instituciones en el combate de incendios forestales, inform\u00f3 Alejandro Solano Gonz\u00e1lez, integrante del Consejo Consultivo Ciudadano de Restauraci\u00f3n del Ecosistema de Guerrero.<\/p>\n\n\n\n<p>Mencion\u00f3 que durante la reciente reuni\u00f3n del Consejo dio inicio la organizaci\u00f3n de sus integrantes para colectar herramientas y empezar a realizar las guardarrayas, que son las que impiden que se propague el fuego cuando hay incendios forestales.<\/p>\n\n\n\n<p>Para esa labor, dijo, se van a visitar las comunidades de Llanos de Tepoxtepec, Mazatl\u00e1n, Palo Blanco, as\u00ed como el fraccionamiento Jardines de Zinnia para que participen, \u00abno podemos olvidar que la sociedad en general es responsable tambi\u00e9n el cuidado del medio ambiente\u00bb.<\/p>\n\n\n\n<p>Consider\u00f3 que es importante la participaci\u00f3n de la sociedad civil, \u00abdebe hacerse responsable y participar para apoyar, porque de otro modo, si en los gobiernos los programas no les marcan en sus pol\u00edticas p\u00fablicas que deben realizar esas tareas, pues no van a hacer nada\u00bb, expres\u00f3 Alejandro Gonz\u00e1lez, quien consider\u00f3 que s\u00ed es necesario que los gobiernos de los tres niveles cuenten con recursos econ\u00f3micos para la prevenci\u00f3n y el combate de incendios forestales.<\/p>\n\n\n\n<p>En tanto, dijo, \u00abnos organizamos como sociedad civil y solicitamos la donaci\u00f3n de herramientas para combate de incednios, as\u00ed como galones de agua para llevarlos a las \u00e1reas reforestadas durante la anterior temporada para dar seguimiento al crecimiento de los \u00e1rboles plantados, y que no los dejen morir por falta de agua, porque entonces de nada habr\u00eda servido reforestar, si no cuidamos esas zonas\u00bb.<\/p>\n\n\n\n<p>Explic\u00f3 que adem\u00e1s de llevar agua a las \u00e1reas reforestados se realizar\u00e1n jornadas de limpieza \u00abporque hay mucho paj\u00f3n, para lo cual se va a solicitar la participaci\u00f3n de los habitantes de las comunidades donde se reforest\u00f3 para que colaboren y cuiden sus recursos naturales\u00bb.<\/p>\n\n\n\n<p>Indic\u00f3 que en Chilpancingo se van a instalar dos centros de acopio de herramienta y galones de agua en el restaurante El Se\u00f1orial y el hotel Chilpancingo, para que los interesados acudan a llevar sus donaciones.<\/p>\n\n\n\n<div class=\"wp-block-jetpack-slideshow aligncenter\" data-effect=\"slide\"><div class=\"wp-block-jetpack-slideshow_container swiper-container\"><ul class=\"wp-block-jetpack-slideshow_swiper-wrapper swiper-wrapper\"><li class=\"wp-block-jetpack-slideshow_slide swiper-slide\"><figure><img decoding=\"async\" src=\"data:image\/gif;base64,R0lGODlhAQABAIAAAAAAAP\/\/\/ywAAAAAAQABAAACAUwAOw==\" fifu-lazy=\"1\" fifu-data-sizes=\"auto\" fifu-data-srcset=\"https:\/\/i0.wp.com\/www.interaccionnoticias.com.mx\/wp-content\/uploads\/2025\/03\/250316-incendios-forestales-2-683x1024.jpg?ssl=1&w=75&resize=75&ssl=1 75w, https:\/\/i0.wp.com\/www.interaccionnoticias.com.mx\/wp-content\/uploads\/2025\/03\/250316-incendios-forestales-2-683x1024.jpg?ssl=1&w=100&resize=100&ssl=1 100w, https:\/\/i0.wp.com\/www.interaccionnoticias.com.mx\/wp-content\/uploads\/2025\/03\/250316-incendios-forestales-2-683x1024.jpg?ssl=1&w=150&resize=150&ssl=1 150w, https:\/\/i0.wp.com\/www.interaccionnoticias.com.mx\/wp-content\/uploads\/2025\/03\/250316-incendios-forestales-2-683x1024.jpg?ssl=1&w=240&resize=240&ssl=1 240w, https:\/\/i0.wp.com\/www.interaccionnoticias.com.mx\/wp-content\/uploads\/2025\/03\/250316-incendios-forestales-2-683x1024.jpg?ssl=1&w=320&resize=320&ssl=1 320w, https:\/\/i0.wp.com\/www.interaccionnoticias.com.mx\/wp-content\/uploads\/2025\/03\/250316-incendios-forestales-2-683x1024.jpg?ssl=1&w=500&resize=500&ssl=1 500w, https:\/\/i0.wp.com\/www.interaccionnoticias.com.mx\/wp-content\/uploads\/2025\/03\/250316-incendios-forestales-2-683x1024.jpg?ssl=1&w=640&resize=640&ssl=1 640w, https:\/\/i0.wp.com\/www.interaccionnoticias.com.mx\/wp-content\/uploads\/2025\/03\/250316-incendios-forestales-2-683x1024.jpg?ssl=1&w=800&resize=800&ssl=1 800w, https:\/\/i0.wp.com\/www.interaccionnoticias.com.mx\/wp-content\/uploads\/2025\/03\/250316-incendios-forestales-2-683x1024.jpg?ssl=1&w=1024&resize=1024&ssl=1 1024w, https:\/\/i0.wp.com\/www.interaccionnoticias.com.mx\/wp-content\/uploads\/2025\/03\/250316-incendios-forestales-2-683x1024.jpg?ssl=1&w=1280&resize=1280&ssl=1 1280w, https:\/\/i0.wp.com\/www.interaccionnoticias.com.mx\/wp-content\/uploads\/2025\/03\/250316-incendios-forestales-2-683x1024.jpg?ssl=1&w=1600&resize=1600&ssl=1 1600w\" alt=\"\" class=\"wp-block-jetpack-slideshow_image wp-image-88870\" data-id=\"88870\" fifu-data-src=\"https:\/\/i0.wp.com\/www.interaccionnoticias.com.mx\/wp-content\/uploads\/2025\/03\/250316-incendios-forestales-2-683x1024.jpg?ssl=1\"\/><\/figure><\/li><li class=\"wp-block-jetpack-slideshow_slide swiper-slide\"><figure><img decoding=\"async\" src=\"data:image\/gif;base64,R0lGODlhAQABAIAAAAAAAP\/\/\/ywAAAAAAQABAAACAUwAOw==\" fifu-lazy=\"1\" fifu-data-sizes=\"auto\" fifu-data-srcset=\"https:\/\/i2.wp.com\/www.interaccionnoticias.com.mx\/wp-content\/uploads\/2025\/03\/250316-incendios-forestales-1-1024x683.jpg?ssl=1&w=75&resize=75&ssl=1 75w, https:\/\/i2.wp.com\/www.interaccionnoticias.com.mx\/wp-content\/uploads\/2025\/03\/250316-incendios-forestales-1-1024x683.jpg?ssl=1&w=100&resize=100&ssl=1 100w, https:\/\/i2.wp.com\/www.interaccionnoticias.com.mx\/wp-content\/uploads\/2025\/03\/250316-incendios-forestales-1-1024x683.jpg?ssl=1&w=150&resize=150&ssl=1 150w, https:\/\/i2.wp.com\/www.interaccionnoticias.com.mx\/wp-content\/uploads\/2025\/03\/250316-incendios-forestales-1-1024x683.jpg?ssl=1&w=240&resize=240&ssl=1 240w, https:\/\/i2.wp.com\/www.interaccionnoticias.com.mx\/wp-content\/uploads\/2025\/03\/250316-incendios-forestales-1-1024x683.jpg?ssl=1&w=320&resize=320&ssl=1 320w, https:\/\/i2.wp.com\/www.interaccionnoticias.com.mx\/wp-content\/uploads\/2025\/03\/250316-incendios-forestales-1-1024x683.jpg?ssl=1&w=500&resize=500&ssl=1 500w, https:\/\/i2.wp.com\/www.interaccionnoticias.com.mx\/wp-content\/uploads\/2025\/03\/250316-incendios-forestales-1-1024x683.jpg?ssl=1&w=640&resize=640&ssl=1 640w, https:\/\/i2.wp.com\/www.interaccionnoticias.com.mx\/wp-content\/uploads\/2025\/03\/250316-incendios-forestales-1-1024x683.jpg?ssl=1&w=800&resize=800&ssl=1 800w, https:\/\/i2.wp.com\/www.interaccionnoticias.com.mx\/wp-content\/uploads\/2025\/03\/250316-incendios-forestales-1-1024x683.jpg?ssl=1&w=1024&resize=1024&ssl=1 1024w, https:\/\/i2.wp.com\/www.interaccionnoticias.com.mx\/wp-content\/uploads\/2025\/03\/250316-incendios-forestales-1-1024x683.jpg?ssl=1&w=1280&resize=1280&ssl=1 1280w, https:\/\/i2.wp.com\/www.interaccionnoticias.com.mx\/wp-content\/uploads\/2025\/03\/250316-incendios-forestales-1-1024x683.jpg?ssl=1&w=1600&resize=1600&ssl=1 1600w\" alt=\"\" class=\"wp-block-jetpack-slideshow_image wp-image-88869\" data-id=\"88869\" fifu-data-src=\"https:\/\/i2.wp.com\/www.interaccionnoticias.com.mx\/wp-content\/uploads\/2025\/03\/250316-incendios-forestales-1-1024x683.jpg?ssl=1\"\/><\/figure><\/li><\/ul><a class=\"wp-block-jetpack-slideshow_button-prev swiper-button-prev swiper-button-white\" role=\"button\"><\/a><a class=\"wp-block-jetpack-slideshow_button-next swiper-button-next swiper-button-white\" role=\"button\"><\/a><a aria-label=\"Pause Slideshow\" class=\"wp-block-jetpack-slideshow_button-pause\" role=\"button\"><\/a><div class=\"wp-block-jetpack-slideshow_pagination swiper-pagination swiper-pagination-white\"><\/div><\/div><\/div>\n","protected":false},"excerpt":{"rendered":"<p>&#8212; Solicitan a la sociedad apoyar con herramienta para el combate de esos siniestros&#8212; Adem\u00e1s dan seguimiento al crecimiento de los \u00e1rboles plantados en la jornada de reforestaci\u00f3n Rosario Garc\u00eda&hellip; <\/p>\n","protected":false},"author":14,"featured_media":88869,"comment_status":"open","ping_status":"open","sticky":false,"template":"","format":"standard","meta":{"fifu_image_url":"","fifu_image_alt":"","footnotes":""},"categories":[23],"tags":[],"class_list":["post-88868","post","type-post","status-publish","format-standard","has-post-thumbnail","hentry","category-regionales"],"_links":{"self":[{"href":"https:\/\/www.interaccionnoticias.com.mx\/index.php?rest_route=\/wp\/v2\/posts\/88868","targetHints":{"allow":["GET"]}}],"collection":[{"href":"https:\/\/www.interaccionnoticias.com.mx\/index.php?rest_route=\/wp\/v2\/posts"}],"about":[{"href":"https:\/\/www.interaccionnoticias.com.mx\/index.php?rest_route=\/wp\/v2\/types\/post"}],"author":[{"embeddable":true,"href":"https:\/\/www.interaccionnoticias.com.mx\/index.php?rest_route=\/wp\/v2\/users\/14"}],"replies":[{"embeddable":true,"href":"https:\/\/www.interaccionnoticias.com.mx\/index.php?rest_route=%2Fwp%2Fv2%2Fcomments&post=88868"}],"version-history":[{"count":1,"href":"https:\/\/www.interaccionnoticias.com.mx\/index.php?rest_route=\/wp\/v2\/posts\/88868\/revisions"}],"predecessor-version":[{"id":88871,"href":"https:\/\/www.interaccionnoticias.com.mx\/index.php?rest_route=\/wp\/v2\/posts\/88868\/revisions\/88871"}],"wp:featuredmedia":[{"embeddable":true,"href":"https:\/\/www.interaccionnoticias.com.mx\/index.php?rest_route=\/wp\/v2\/media\/88869"}],"wp:attachment":[{"href":"https:\/\/www.interaccionnoticias.com.mx\/index.php?rest_route=%2Fwp%2Fv2%2Fmedia&parent=88868"}],"wp:term":[{"taxonomy":"category","embeddable":true,"href":"https:\/\/www.interaccionnoticias.com.mx\/index.php?rest_route=%2Fwp%2Fv2%2Fcategories&post=88868"},{"taxonomy":"post_tag","embeddable":true,"href":"https:\/\/www.interaccionnoticias.com.mx\/index.php?rest_route=%2Fwp%2Fv2%2Ftags&post=88868"}],"curies":[{"name":"wp","href":"https:\/\/api.w.org\/{rel}","templated":true}]}}