{"id":8886,"date":"2017-10-04T16:23:32","date_gmt":"2017-10-04T21:23:32","guid":{"rendered":"http:\/\/www.inter-accion.com.mx\/?p=8886"},"modified":"2017-10-04T16:23:32","modified_gmt":"2017-10-04T21:23:32","slug":"se-registra-rios-piter-como-aspirante-a-candidato-independiente-a-la-presidencia-de-mexico","status":"publish","type":"post","link":"https:\/\/www.interaccionnoticias.com.mx\/?p=8886","title":{"rendered":"Se registra R\u00edos Piter como aspirante a candidato independiente a la presidencia de M\u00e9xico"},"content":{"rendered":"<p>Este jueves, el senador ex militante del Partido de la Revoluci\u00f3n Democr\u00e1tica (PRD), acudi\u00f3 al Instituto Nacional Electoral (INE) a registrarse como aspirante a la candidatura independiente a la presidencia de M\u00e9xico.<br \/>\nEn un breve discurso, el senador de la rep\u00fablica, llamo a creer en la fuerza de la sociedad, sin volver a creer en los partidos pol\u00edticos, quienes no han sabido cumplir.<br \/>\nEl senador independiente, omiti\u00f3 hablar de si los sucesos ocurridos el 26 y 27 de septiembre en Iguala, donde desaparecieron 43 normalistas de Ayotzinapa, afectar\u00edan sus intereses pol\u00edticos.<br \/>\nR\u00edos Piter lleg\u00f3 a la senadur\u00eda en 2012, junto con Sof\u00edo Ram\u00edrez, pero ambos abandonaron el PRD tras los hechos en Iguala.<\/p>\n","protected":false},"excerpt":{"rendered":"<p>Este jueves, el senador ex militante del Partido de la Revoluci\u00f3n Democr\u00e1tica (PRD), acudi\u00f3 al Instituto Nacional Electoral (INE) a registrarse como aspirante a la candidatura independiente a la presidencia&hellip; <\/p>\n","protected":false},"author":1,"featured_media":0,"comment_status":"closed","ping_status":"closed","sticky":false,"template":"","format":"standard","meta":{"fifu_image_url":"","fifu_image_alt":"","footnotes":""},"categories":[8,18],"tags":[],"class_list":["post-8886","post","type-post","status-publish","format-standard","hentry","category-featured","category-partidos-politicos"],"_links":{"self":[{"href":"https:\/\/www.interaccionnoticias.com.mx\/index.php?rest_route=\/wp\/v2\/posts\/8886","targetHints":{"allow":["GET"]}}],"collection":[{"href":"https:\/\/www.interaccionnoticias.com.mx\/index.php?rest_route=\/wp\/v2\/posts"}],"about":[{"href":"https:\/\/www.interaccionnoticias.com.mx\/index.php?rest_route=\/wp\/v2\/types\/post"}],"author":[{"embeddable":true,"href":"https:\/\/www.interaccionnoticias.com.mx\/index.php?rest_route=\/wp\/v2\/users\/1"}],"replies":[{"embeddable":true,"href":"https:\/\/www.interaccionnoticias.com.mx\/index.php?rest_route=%2Fwp%2Fv2%2Fcomments&post=8886"}],"version-history":[{"count":0,"href":"https:\/\/www.interaccionnoticias.com.mx\/index.php?rest_route=\/wp\/v2\/posts\/8886\/revisions"}],"wp:attachment":[{"href":"https:\/\/www.interaccionnoticias.com.mx\/index.php?rest_route=%2Fwp%2Fv2%2Fmedia&parent=8886"}],"wp:term":[{"taxonomy":"category","embeddable":true,"href":"https:\/\/www.interaccionnoticias.com.mx\/index.php?rest_route=%2Fwp%2Fv2%2Fcategories&post=8886"},{"taxonomy":"post_tag","embeddable":true,"href":"https:\/\/www.interaccionnoticias.com.mx\/index.php?rest_route=%2Fwp%2Fv2%2Ftags&post=8886"}],"curies":[{"name":"wp","href":"https:\/\/api.w.org\/{rel}","templated":true}]}}