{"id":88850,"date":"2025-03-15T18:22:00","date_gmt":"2025-03-16T00:22:00","guid":{"rendered":"https:\/\/www.interaccionnoticias.com.mx\/?p=88850"},"modified":"2025-03-15T22:18:06","modified_gmt":"2025-03-16T04:18:06","slug":"el-veladero-en-acapulco-es-una-gran-fosa-clandestina-colectivo","status":"publish","type":"post","link":"https:\/\/www.interaccionnoticias.com.mx\/?p=88850","title":{"rendered":"El Veladero en Acapulco es \u00abuna gran fosa clandestina\u00bb: Colectivo"},"content":{"rendered":"\n<p><strong><em>&#8212; Busca a su hijo hasta en la c\u00e1rcel: X\u00f3chitl Osmeida<\/em><\/strong><\/p>\n\n\n\n<p><strong>Javier Trujillo<\/strong><\/p>\n\n\n\n<p><strong>Acapulco, Gro.-<\/strong> Ante decenas de familias de personas desaparecidas en Acapulco, llegaron hasta el antimonumento \u00abLa Esperanza\u00bb a dejar zapatos, ropa, veladoras y fotograf\u00edas de sus seres queridos desaparecidos.<\/p>\n\n\n\n<p>El hallazgo encontrado en el rancho de Teuchitl\u00e1n en el estado de Jalisco, ha provocado incertidumbre entre las familias porte\u00f1as y los integrantes del colectivo Familia de Acapulco en Busca de sus Desaparecidos.<\/p>\n\n\n\n<p>\u00abEsta masacre de la que nos hemos dado cuenta hasta ahorita, porque hay diversas masacres, el haber encontrado 400 pares de zapatos e infinidad de prendas de vestir y otros accesorios.<\/p>\n\n\n\n<p>\u00abEsto no es una historia de terror, es el horror que estamos viviendo en M\u00e9xico y lo vivimos aqu\u00ed en Acapulco todos sabemos que el Parque Nacional El Veladero es la fosa clandestina m\u00e1s grande que tenemos en Acapulco\u00bb, dijo la buscadora Emma Mora Liberato.<\/p>\n\n\n\n<p>Explic\u00f3 que el motivo de congregarse en el antimonumento \u00abLa Esperanza\u00bb, en la Costera Miguel Alem\u00e1n, donde se busca guardar luto a 400 personas que hasta ahorita se sabe porque son 400 pares de zapatos.<\/p>\n\n\n\n<p>Mientras X\u00f3chitl Osmeida Leal Saligan, dej\u00f3 una fotograf\u00eda, un par de tenis y ropa de su hijo Edgar Jair Leal Saligan de 23 a\u00f1os que desde hace seis meses est\u00e1 desaparecido.<\/p>\n\n\n\n<p>\u00abSaliendo de su trabajo, se fue con sus amigos y compa\u00f1eros de trabajo, pero ellos no quieren decir nada.<\/p>\n\n\n\n<p>\u00abDos muchachos solo dijeron que se fueron para all\u00e1, pero ni la Polic\u00eda ni nadie logra sacar informaci\u00f3n\u00bb, dijo su madre X\u00f3chitl Osmeida Leal.<\/p>\n\n\n\n<p>En su b\u00fasqueda dijo que acudi\u00f3 al SEMEFO, a hospitales, y hasta el CERESO de Acapulco, siempre con la finalidad de encontrarlo.<\/p>\n\n\n\n<div class=\"wp-block-jetpack-slideshow aligncenter\" data-effect=\"slide\"><div class=\"wp-block-jetpack-slideshow_container swiper-container\"><ul class=\"wp-block-jetpack-slideshow_swiper-wrapper swiper-wrapper\"><li class=\"wp-block-jetpack-slideshow_slide swiper-slide\"><figure><img decoding=\"async\" src=\"data:image\/gif;base64,R0lGODlhAQABAIAAAAAAAP\/\/\/ywAAAAAAQABAAACAUwAOw==\" fifu-lazy=\"1\" fifu-data-sizes=\"auto\" fifu-data-srcset=\"https:\/\/i0.wp.com\/www.interaccionnoticias.com.mx\/wp-content\/uploads\/2025\/03\/250315-Colectivo-Acapulco-2-1024x683.jpg?ssl=1&w=75&resize=75&ssl=1 75w, https:\/\/i0.wp.com\/www.interaccionnoticias.com.mx\/wp-content\/uploads\/2025\/03\/250315-Colectivo-Acapulco-2-1024x683.jpg?ssl=1&w=100&resize=100&ssl=1 100w, https:\/\/i0.wp.com\/www.interaccionnoticias.com.mx\/wp-content\/uploads\/2025\/03\/250315-Colectivo-Acapulco-2-1024x683.jpg?ssl=1&w=150&resize=150&ssl=1 150w, https:\/\/i0.wp.com\/www.interaccionnoticias.com.mx\/wp-content\/uploads\/2025\/03\/250315-Colectivo-Acapulco-2-1024x683.jpg?ssl=1&w=240&resize=240&ssl=1 240w, https:\/\/i0.wp.com\/www.interaccionnoticias.com.mx\/wp-content\/uploads\/2025\/03\/250315-Colectivo-Acapulco-2-1024x683.jpg?ssl=1&w=320&resize=320&ssl=1 320w, https:\/\/i0.wp.com\/www.interaccionnoticias.com.mx\/wp-content\/uploads\/2025\/03\/250315-Colectivo-Acapulco-2-1024x683.jpg?ssl=1&w=500&resize=500&ssl=1 500w, https:\/\/i0.wp.com\/www.interaccionnoticias.com.mx\/wp-content\/uploads\/2025\/03\/250315-Colectivo-Acapulco-2-1024x683.jpg?ssl=1&w=640&resize=640&ssl=1 640w, https:\/\/i0.wp.com\/www.interaccionnoticias.com.mx\/wp-content\/uploads\/2025\/03\/250315-Colectivo-Acapulco-2-1024x683.jpg?ssl=1&w=800&resize=800&ssl=1 800w, https:\/\/i0.wp.com\/www.interaccionnoticias.com.mx\/wp-content\/uploads\/2025\/03\/250315-Colectivo-Acapulco-2-1024x683.jpg?ssl=1&w=1024&resize=1024&ssl=1 1024w, https:\/\/i0.wp.com\/www.interaccionnoticias.com.mx\/wp-content\/uploads\/2025\/03\/250315-Colectivo-Acapulco-2-1024x683.jpg?ssl=1&w=1280&resize=1280&ssl=1 1280w, https:\/\/i0.wp.com\/www.interaccionnoticias.com.mx\/wp-content\/uploads\/2025\/03\/250315-Colectivo-Acapulco-2-1024x683.jpg?ssl=1&w=1600&resize=1600&ssl=1 1600w\" alt=\"\" class=\"wp-block-jetpack-slideshow_image wp-image-88852\" data-id=\"88852\" fifu-data-src=\"https:\/\/i0.wp.com\/www.interaccionnoticias.com.mx\/wp-content\/uploads\/2025\/03\/250315-Colectivo-Acapulco-2-1024x683.jpg?ssl=1\"\/><\/figure><\/li><li class=\"wp-block-jetpack-slideshow_slide swiper-slide\"><figure><img decoding=\"async\" src=\"data:image\/gif;base64,R0lGODlhAQABAIAAAAAAAP\/\/\/ywAAAAAAQABAAACAUwAOw==\" fifu-lazy=\"1\" fifu-data-sizes=\"auto\" fifu-data-srcset=\"https:\/\/i3.wp.com\/www.interaccionnoticias.com.mx\/wp-content\/uploads\/2025\/03\/250315-Colectivo-Acapulco-1-1024x683.jpg?ssl=1&w=75&resize=75&ssl=1 75w, https:\/\/i3.wp.com\/www.interaccionnoticias.com.mx\/wp-content\/uploads\/2025\/03\/250315-Colectivo-Acapulco-1-1024x683.jpg?ssl=1&w=100&resize=100&ssl=1 100w, https:\/\/i3.wp.com\/www.interaccionnoticias.com.mx\/wp-content\/uploads\/2025\/03\/250315-Colectivo-Acapulco-1-1024x683.jpg?ssl=1&w=150&resize=150&ssl=1 150w, https:\/\/i3.wp.com\/www.interaccionnoticias.com.mx\/wp-content\/uploads\/2025\/03\/250315-Colectivo-Acapulco-1-1024x683.jpg?ssl=1&w=240&resize=240&ssl=1 240w, https:\/\/i3.wp.com\/www.interaccionnoticias.com.mx\/wp-content\/uploads\/2025\/03\/250315-Colectivo-Acapulco-1-1024x683.jpg?ssl=1&w=320&resize=320&ssl=1 320w, https:\/\/i3.wp.com\/www.interaccionnoticias.com.mx\/wp-content\/uploads\/2025\/03\/250315-Colectivo-Acapulco-1-1024x683.jpg?ssl=1&w=500&resize=500&ssl=1 500w, https:\/\/i3.wp.com\/www.interaccionnoticias.com.mx\/wp-content\/uploads\/2025\/03\/250315-Colectivo-Acapulco-1-1024x683.jpg?ssl=1&w=640&resize=640&ssl=1 640w, https:\/\/i3.wp.com\/www.interaccionnoticias.com.mx\/wp-content\/uploads\/2025\/03\/250315-Colectivo-Acapulco-1-1024x683.jpg?ssl=1&w=800&resize=800&ssl=1 800w, https:\/\/i3.wp.com\/www.interaccionnoticias.com.mx\/wp-content\/uploads\/2025\/03\/250315-Colectivo-Acapulco-1-1024x683.jpg?ssl=1&w=1024&resize=1024&ssl=1 1024w, https:\/\/i3.wp.com\/www.interaccionnoticias.com.mx\/wp-content\/uploads\/2025\/03\/250315-Colectivo-Acapulco-1-1024x683.jpg?ssl=1&w=1280&resize=1280&ssl=1 1280w, https:\/\/i3.wp.com\/www.interaccionnoticias.com.mx\/wp-content\/uploads\/2025\/03\/250315-Colectivo-Acapulco-1-1024x683.jpg?ssl=1&w=1600&resize=1600&ssl=1 1600w\" alt=\"\" class=\"wp-block-jetpack-slideshow_image wp-image-88851\" data-id=\"88851\" fifu-data-src=\"https:\/\/i3.wp.com\/www.interaccionnoticias.com.mx\/wp-content\/uploads\/2025\/03\/250315-Colectivo-Acapulco-1-1024x683.jpg?ssl=1\"\/><\/figure><\/li><\/ul><a class=\"wp-block-jetpack-slideshow_button-prev swiper-button-prev swiper-button-white\" role=\"button\"><\/a><a class=\"wp-block-jetpack-slideshow_button-next swiper-button-next swiper-button-white\" role=\"button\"><\/a><a aria-label=\"Pause Slideshow\" class=\"wp-block-jetpack-slideshow_button-pause\" role=\"button\"><\/a><div class=\"wp-block-jetpack-slideshow_pagination swiper-pagination swiper-pagination-white\"><\/div><\/div><\/div>\n","protected":false},"excerpt":{"rendered":"<p>&#8212; Busca a su hijo hasta en la c\u00e1rcel: X\u00f3chitl Osmeida Javier Trujillo Acapulco, Gro.- Ante decenas de familias de personas desaparecidas en Acapulco, llegaron hasta el antimonumento \u00abLa Esperanza\u00bb&hellip; <\/p>\n","protected":false},"author":3,"featured_media":88851,"comment_status":"open","ping_status":"open","sticky":false,"template":"","format":"standard","meta":{"fifu_image_url":"","fifu_image_alt":"","footnotes":""},"categories":[15],"tags":[],"class_list":["post-88850","post","type-post","status-publish","format-standard","has-post-thumbnail","hentry","category-movimientos-sociales"],"_links":{"self":[{"href":"https:\/\/www.interaccionnoticias.com.mx\/index.php?rest_route=\/wp\/v2\/posts\/88850","targetHints":{"allow":["GET"]}}],"collection":[{"href":"https:\/\/www.interaccionnoticias.com.mx\/index.php?rest_route=\/wp\/v2\/posts"}],"about":[{"href":"https:\/\/www.interaccionnoticias.com.mx\/index.php?rest_route=\/wp\/v2\/types\/post"}],"author":[{"embeddable":true,"href":"https:\/\/www.interaccionnoticias.com.mx\/index.php?rest_route=\/wp\/v2\/users\/3"}],"replies":[{"embeddable":true,"href":"https:\/\/www.interaccionnoticias.com.mx\/index.php?rest_route=%2Fwp%2Fv2%2Fcomments&post=88850"}],"version-history":[{"count":1,"href":"https:\/\/www.interaccionnoticias.com.mx\/index.php?rest_route=\/wp\/v2\/posts\/88850\/revisions"}],"predecessor-version":[{"id":88853,"href":"https:\/\/www.interaccionnoticias.com.mx\/index.php?rest_route=\/wp\/v2\/posts\/88850\/revisions\/88853"}],"wp:featuredmedia":[{"embeddable":true,"href":"https:\/\/www.interaccionnoticias.com.mx\/index.php?rest_route=\/wp\/v2\/media\/88851"}],"wp:attachment":[{"href":"https:\/\/www.interaccionnoticias.com.mx\/index.php?rest_route=%2Fwp%2Fv2%2Fmedia&parent=88850"}],"wp:term":[{"taxonomy":"category","embeddable":true,"href":"https:\/\/www.interaccionnoticias.com.mx\/index.php?rest_route=%2Fwp%2Fv2%2Fcategories&post=88850"},{"taxonomy":"post_tag","embeddable":true,"href":"https:\/\/www.interaccionnoticias.com.mx\/index.php?rest_route=%2Fwp%2Fv2%2Ftags&post=88850"}],"curies":[{"name":"wp","href":"https:\/\/api.w.org\/{rel}","templated":true}]}}