{"id":88832,"date":"2025-03-14T22:39:58","date_gmt":"2025-03-15T04:39:58","guid":{"rendered":"https:\/\/www.interaccionnoticias.com.mx\/?p=88832"},"modified":"2025-03-14T22:40:01","modified_gmt":"2025-03-15T04:40:01","slug":"oran-familiares-de-desaparecidos-en-la-plaza-civica-primer-congreso-de-anahuac","status":"publish","type":"post","link":"https:\/\/www.interaccionnoticias.com.mx\/?p=88832","title":{"rendered":"Oran familiares de desaparecidos en la plaza c\u00edvica Primer Congreso de An\u00e1huac"},"content":{"rendered":"\n<p><strong><em>&#8212; Advierten que tambi\u00e9n en Guerrero hay lugares como el rancho Izaguirre, \u00abcuando se encuentra un espantoso hallazgo y as\u00ed como esta este lugar tambi\u00e9n en Guerrero los hay, y en otros Estados\u00bb.<\/em><\/strong><\/p>\n\n\n\n<p><strong>Yasm\u00edn Garc\u00eda<\/strong><\/p>\n\n\n\n<p>Colectivos de familiares de personas desaparecidas se unieron a la vigilia y al luto nacional por las v\u00edctimas halladas en el rancho Izaguirre en Teuchitl\u00e1n, Jalisco.<\/p>\n\n\n\n<p>En la plaza c\u00edvica Primer Congreso de An\u00e1huac, colocaron velas, zapatos y fotograf\u00edas de sus familiares desaparecidos, y rezaron.<\/p>\n\n\n\n<p>Gema Ant\u00fanez Flores, representante Colectivo Familiares en B\u00fasqueda Mar\u00eda Herrera revel\u00f3 que los restos de un joven de la Monta\u00f1a de Guerrero, est\u00e1n entre las v\u00edctimas halladas en el campo de entrenamiento y exterminio del Cartel Jalisco Nueva Generaci\u00f3n (CJNG).<\/p>\n\n\n\n<p>El Centro Regional de Derechos Humanos Jos\u00e9 Ma. Morelos y Pav\u00f3n, recrimin\u00f3 que la desaparici\u00f3n es una pr\u00e1ctica com\u00fan de los grupos delictivos, adem\u00e1s de que es un problema que cada d\u00eda crece m\u00e1s.<\/p>\n\n\n\n<p>El representante del Centro Morelos, advirti\u00f3 que tambi\u00e9n en Guerrero hay lugares como el rancho Izaguirre, \u00abcuando se encuentra un espantoso hallazgo y as\u00ed como esta este lugar tambi\u00e9n en Guerrero los hay, y en otros Estados\u00bb.<\/p>\n\n\n\n<p>Reproch\u00f3 que en Guerrero la Ley en Materia de Desaparici\u00f3n Forzada de Personas no ha sido aprobada por el Congreso del Estado.<\/p>\n\n\n\n<p>\u00abD\u00f3nde esta ley aun no es aprobada, donde diputados manifiestan el desconocer de la existencia de la Iniciativa de ley en Materia de Desaparici\u00f3n Forzada de Personas aduciendo que dichas iniciativas est\u00e1n perdidas\u00bb, lament\u00f3.<\/p>\n\n\n\n<p>Responsabilizo a la gobernadora de Guerrero Evelyn Salgado Pineda de ser responsable de que no se apruebe la Ley en Materia de Desaparici\u00f3n Forzada de Personas ya que el Congreso esta integrado por la mayor\u00eda de diputados de su partido Morena.<\/p>\n\n\n\n<p>\u00abPor esa raz\u00f3n le hacemos un llamado a que deje de obstruir el derechos de las v\u00edctimas a contar con un marco legal que les garantice el derecho a la verdad, a la justicia, a la reparaci\u00f3n integral del da\u00f1o, las garant\u00edas de no repetici\u00f3n y a todos los derechos contemplados tanto en los instrumentos internacionales y nacionales, que garantice la vida como seres humanos\u00bb.<\/p>\n\n\n\n<p>El sacerdote y director del Centro de las V\u00edctimas de Violencia Minerva Bello, Filiberto Vel\u00e1zquez Florencio dijo que M\u00e9xico vive una crisis humanitaria con las desapariciones forzadas, adem\u00e1s de que nadie esta excepto.<\/p>\n\n\n\n<p>\u00abEstas personas salieron a trabajar o vieron salir a su hijo a su esposa, esposo y simplemente ya no lo volvieron regresaron es una realidad y un c\u00e1ncer que nadie esta excepto de padecerlo eso puede pasarle a un cura, una enfermera, un estudiante, un militar, cuantos estudiantes est\u00e1n desaparecidos ah\u00ed est\u00e1n los 43, amas dw casa, incluso polticos pareciera que no hay limite\u00bb.<\/p>\n\n\n\n<p>Llam\u00f3 a quienes tienen un familiar desaparecido a unirse a un colectivo.<\/p>\n\n\n\n<p>Vel\u00e1zquez Florencio asegur\u00f3 que cuentan con el apoyo de la iglesia.<\/p>\n\n\n\n<div class=\"wp-block-jetpack-slideshow aligncenter\" data-effect=\"slide\"><div class=\"wp-block-jetpack-slideshow_container swiper-container\"><ul class=\"wp-block-jetpack-slideshow_swiper-wrapper swiper-wrapper\"><li class=\"wp-block-jetpack-slideshow_slide swiper-slide\"><figure><img decoding=\"async\" src=\"data:image\/gif;base64,R0lGODlhAQABAIAAAAAAAP\/\/\/ywAAAAAAQABAAACAUwAOw==\" fifu-lazy=\"1\" fifu-data-sizes=\"auto\" fifu-data-srcset=\"https:\/\/i1.wp.com\/www.interaccionnoticias.com.mx\/wp-content\/uploads\/2025\/03\/250314-familiares-de-desaparecidos-1-1024x683.jpg?ssl=1&w=75&resize=75&ssl=1 75w, https:\/\/i1.wp.com\/www.interaccionnoticias.com.mx\/wp-content\/uploads\/2025\/03\/250314-familiares-de-desaparecidos-1-1024x683.jpg?ssl=1&w=100&resize=100&ssl=1 100w, https:\/\/i1.wp.com\/www.interaccionnoticias.com.mx\/wp-content\/uploads\/2025\/03\/250314-familiares-de-desaparecidos-1-1024x683.jpg?ssl=1&w=150&resize=150&ssl=1 150w, https:\/\/i1.wp.com\/www.interaccionnoticias.com.mx\/wp-content\/uploads\/2025\/03\/250314-familiares-de-desaparecidos-1-1024x683.jpg?ssl=1&w=240&resize=240&ssl=1 240w, https:\/\/i1.wp.com\/www.interaccionnoticias.com.mx\/wp-content\/uploads\/2025\/03\/250314-familiares-de-desaparecidos-1-1024x683.jpg?ssl=1&w=320&resize=320&ssl=1 320w, https:\/\/i1.wp.com\/www.interaccionnoticias.com.mx\/wp-content\/uploads\/2025\/03\/250314-familiares-de-desaparecidos-1-1024x683.jpg?ssl=1&w=500&resize=500&ssl=1 500w, https:\/\/i1.wp.com\/www.interaccionnoticias.com.mx\/wp-content\/uploads\/2025\/03\/250314-familiares-de-desaparecidos-1-1024x683.jpg?ssl=1&w=640&resize=640&ssl=1 640w, https:\/\/i1.wp.com\/www.interaccionnoticias.com.mx\/wp-content\/uploads\/2025\/03\/250314-familiares-de-desaparecidos-1-1024x683.jpg?ssl=1&w=800&resize=800&ssl=1 800w, https:\/\/i1.wp.com\/www.interaccionnoticias.com.mx\/wp-content\/uploads\/2025\/03\/250314-familiares-de-desaparecidos-1-1024x683.jpg?ssl=1&w=1024&resize=1024&ssl=1 1024w, https:\/\/i1.wp.com\/www.interaccionnoticias.com.mx\/wp-content\/uploads\/2025\/03\/250314-familiares-de-desaparecidos-1-1024x683.jpg?ssl=1&w=1280&resize=1280&ssl=1 1280w, https:\/\/i1.wp.com\/www.interaccionnoticias.com.mx\/wp-content\/uploads\/2025\/03\/250314-familiares-de-desaparecidos-1-1024x683.jpg?ssl=1&w=1600&resize=1600&ssl=1 1600w\" alt=\"\" class=\"wp-block-jetpack-slideshow_image wp-image-88833\" data-id=\"88833\" fifu-data-src=\"https:\/\/i1.wp.com\/www.interaccionnoticias.com.mx\/wp-content\/uploads\/2025\/03\/250314-familiares-de-desaparecidos-1-1024x683.jpg?ssl=1\"\/><\/figure><\/li><li class=\"wp-block-jetpack-slideshow_slide swiper-slide\"><figure><img decoding=\"async\" src=\"data:image\/gif;base64,R0lGODlhAQABAIAAAAAAAP\/\/\/ywAAAAAAQABAAACAUwAOw==\" fifu-lazy=\"1\" fifu-data-sizes=\"auto\" fifu-data-srcset=\"https:\/\/i2.wp.com\/www.interaccionnoticias.com.mx\/wp-content\/uploads\/2025\/03\/250314-familiares-de-desaparecidos-2-1024x683.jpg?ssl=1&w=75&resize=75&ssl=1 75w, https:\/\/i2.wp.com\/www.interaccionnoticias.com.mx\/wp-content\/uploads\/2025\/03\/250314-familiares-de-desaparecidos-2-1024x683.jpg?ssl=1&w=100&resize=100&ssl=1 100w, https:\/\/i2.wp.com\/www.interaccionnoticias.com.mx\/wp-content\/uploads\/2025\/03\/250314-familiares-de-desaparecidos-2-1024x683.jpg?ssl=1&w=150&resize=150&ssl=1 150w, https:\/\/i2.wp.com\/www.interaccionnoticias.com.mx\/wp-content\/uploads\/2025\/03\/250314-familiares-de-desaparecidos-2-1024x683.jpg?ssl=1&w=240&resize=240&ssl=1 240w, https:\/\/i2.wp.com\/www.interaccionnoticias.com.mx\/wp-content\/uploads\/2025\/03\/250314-familiares-de-desaparecidos-2-1024x683.jpg?ssl=1&w=320&resize=320&ssl=1 320w, https:\/\/i2.wp.com\/www.interaccionnoticias.com.mx\/wp-content\/uploads\/2025\/03\/250314-familiares-de-desaparecidos-2-1024x683.jpg?ssl=1&w=500&resize=500&ssl=1 500w, https:\/\/i2.wp.com\/www.interaccionnoticias.com.mx\/wp-content\/uploads\/2025\/03\/250314-familiares-de-desaparecidos-2-1024x683.jpg?ssl=1&w=640&resize=640&ssl=1 640w, https:\/\/i2.wp.com\/www.interaccionnoticias.com.mx\/wp-content\/uploads\/2025\/03\/250314-familiares-de-desaparecidos-2-1024x683.jpg?ssl=1&w=800&resize=800&ssl=1 800w, https:\/\/i2.wp.com\/www.interaccionnoticias.com.mx\/wp-content\/uploads\/2025\/03\/250314-familiares-de-desaparecidos-2-1024x683.jpg?ssl=1&w=1024&resize=1024&ssl=1 1024w, https:\/\/i2.wp.com\/www.interaccionnoticias.com.mx\/wp-content\/uploads\/2025\/03\/250314-familiares-de-desaparecidos-2-1024x683.jpg?ssl=1&w=1280&resize=1280&ssl=1 1280w, https:\/\/i2.wp.com\/www.interaccionnoticias.com.mx\/wp-content\/uploads\/2025\/03\/250314-familiares-de-desaparecidos-2-1024x683.jpg?ssl=1&w=1600&resize=1600&ssl=1 1600w\" alt=\"\" class=\"wp-block-jetpack-slideshow_image wp-image-88834\" data-id=\"88834\" fifu-data-src=\"https:\/\/i2.wp.com\/www.interaccionnoticias.com.mx\/wp-content\/uploads\/2025\/03\/250314-familiares-de-desaparecidos-2-1024x683.jpg?ssl=1\"\/><\/figure><\/li><li class=\"wp-block-jetpack-slideshow_slide swiper-slide\"><figure><img decoding=\"async\" src=\"data:image\/gif;base64,R0lGODlhAQABAIAAAAAAAP\/\/\/ywAAAAAAQABAAACAUwAOw==\" fifu-lazy=\"1\" fifu-data-sizes=\"auto\" fifu-data-srcset=\"https:\/\/i0.wp.com\/www.interaccionnoticias.com.mx\/wp-content\/uploads\/2025\/03\/250314-familiares-de-desaparecidos-4-1024x683.jpg?ssl=1&w=75&resize=75&ssl=1 75w, https:\/\/i0.wp.com\/www.interaccionnoticias.com.mx\/wp-content\/uploads\/2025\/03\/250314-familiares-de-desaparecidos-4-1024x683.jpg?ssl=1&w=100&resize=100&ssl=1 100w, https:\/\/i0.wp.com\/www.interaccionnoticias.com.mx\/wp-content\/uploads\/2025\/03\/250314-familiares-de-desaparecidos-4-1024x683.jpg?ssl=1&w=150&resize=150&ssl=1 150w, https:\/\/i0.wp.com\/www.interaccionnoticias.com.mx\/wp-content\/uploads\/2025\/03\/250314-familiares-de-desaparecidos-4-1024x683.jpg?ssl=1&w=240&resize=240&ssl=1 240w, https:\/\/i0.wp.com\/www.interaccionnoticias.com.mx\/wp-content\/uploads\/2025\/03\/250314-familiares-de-desaparecidos-4-1024x683.jpg?ssl=1&w=320&resize=320&ssl=1 320w, https:\/\/i0.wp.com\/www.interaccionnoticias.com.mx\/wp-content\/uploads\/2025\/03\/250314-familiares-de-desaparecidos-4-1024x683.jpg?ssl=1&w=500&resize=500&ssl=1 500w, https:\/\/i0.wp.com\/www.interaccionnoticias.com.mx\/wp-content\/uploads\/2025\/03\/250314-familiares-de-desaparecidos-4-1024x683.jpg?ssl=1&w=640&resize=640&ssl=1 640w, https:\/\/i0.wp.com\/www.interaccionnoticias.com.mx\/wp-content\/uploads\/2025\/03\/250314-familiares-de-desaparecidos-4-1024x683.jpg?ssl=1&w=800&resize=800&ssl=1 800w, https:\/\/i0.wp.com\/www.interaccionnoticias.com.mx\/wp-content\/uploads\/2025\/03\/250314-familiares-de-desaparecidos-4-1024x683.jpg?ssl=1&w=1024&resize=1024&ssl=1 1024w, https:\/\/i0.wp.com\/www.interaccionnoticias.com.mx\/wp-content\/uploads\/2025\/03\/250314-familiares-de-desaparecidos-4-1024x683.jpg?ssl=1&w=1280&resize=1280&ssl=1 1280w, https:\/\/i0.wp.com\/www.interaccionnoticias.com.mx\/wp-content\/uploads\/2025\/03\/250314-familiares-de-desaparecidos-4-1024x683.jpg?ssl=1&w=1600&resize=1600&ssl=1 1600w\" alt=\"\" class=\"wp-block-jetpack-slideshow_image wp-image-88836\" data-id=\"88836\" fifu-data-src=\"https:\/\/i0.wp.com\/www.interaccionnoticias.com.mx\/wp-content\/uploads\/2025\/03\/250314-familiares-de-desaparecidos-4-1024x683.jpg?ssl=1\"\/><\/figure><\/li><li class=\"wp-block-jetpack-slideshow_slide swiper-slide\"><figure><img decoding=\"async\" src=\"data:image\/gif;base64,R0lGODlhAQABAIAAAAAAAP\/\/\/ywAAAAAAQABAAACAUwAOw==\" fifu-lazy=\"1\" fifu-data-sizes=\"auto\" fifu-data-srcset=\"https:\/\/i0.wp.com\/www.interaccionnoticias.com.mx\/wp-content\/uploads\/2025\/03\/250314-familiares-de-desaparecidos-3-1024x683.jpg?ssl=1&w=75&resize=75&ssl=1 75w, https:\/\/i0.wp.com\/www.interaccionnoticias.com.mx\/wp-content\/uploads\/2025\/03\/250314-familiares-de-desaparecidos-3-1024x683.jpg?ssl=1&w=100&resize=100&ssl=1 100w, https:\/\/i0.wp.com\/www.interaccionnoticias.com.mx\/wp-content\/uploads\/2025\/03\/250314-familiares-de-desaparecidos-3-1024x683.jpg?ssl=1&w=150&resize=150&ssl=1 150w, https:\/\/i0.wp.com\/www.interaccionnoticias.com.mx\/wp-content\/uploads\/2025\/03\/250314-familiares-de-desaparecidos-3-1024x683.jpg?ssl=1&w=240&resize=240&ssl=1 240w, https:\/\/i0.wp.com\/www.interaccionnoticias.com.mx\/wp-content\/uploads\/2025\/03\/250314-familiares-de-desaparecidos-3-1024x683.jpg?ssl=1&w=320&resize=320&ssl=1 320w, https:\/\/i0.wp.com\/www.interaccionnoticias.com.mx\/wp-content\/uploads\/2025\/03\/250314-familiares-de-desaparecidos-3-1024x683.jpg?ssl=1&w=500&resize=500&ssl=1 500w, https:\/\/i0.wp.com\/www.interaccionnoticias.com.mx\/wp-content\/uploads\/2025\/03\/250314-familiares-de-desaparecidos-3-1024x683.jpg?ssl=1&w=640&resize=640&ssl=1 640w, https:\/\/i0.wp.com\/www.interaccionnoticias.com.mx\/wp-content\/uploads\/2025\/03\/250314-familiares-de-desaparecidos-3-1024x683.jpg?ssl=1&w=800&resize=800&ssl=1 800w, https:\/\/i0.wp.com\/www.interaccionnoticias.com.mx\/wp-content\/uploads\/2025\/03\/250314-familiares-de-desaparecidos-3-1024x683.jpg?ssl=1&w=1024&resize=1024&ssl=1 1024w, https:\/\/i0.wp.com\/www.interaccionnoticias.com.mx\/wp-content\/uploads\/2025\/03\/250314-familiares-de-desaparecidos-3-1024x683.jpg?ssl=1&w=1280&resize=1280&ssl=1 1280w, https:\/\/i0.wp.com\/www.interaccionnoticias.com.mx\/wp-content\/uploads\/2025\/03\/250314-familiares-de-desaparecidos-3-1024x683.jpg?ssl=1&w=1600&resize=1600&ssl=1 1600w\" alt=\"\" class=\"wp-block-jetpack-slideshow_image wp-image-88835\" data-id=\"88835\" fifu-data-src=\"https:\/\/i0.wp.com\/www.interaccionnoticias.com.mx\/wp-content\/uploads\/2025\/03\/250314-familiares-de-desaparecidos-3-1024x683.jpg?ssl=1\"\/><\/figure><\/li><li class=\"wp-block-jetpack-slideshow_slide swiper-slide\"><figure><img decoding=\"async\" src=\"data:image\/gif;base64,R0lGODlhAQABAIAAAAAAAP\/\/\/ywAAAAAAQABAAACAUwAOw==\" fifu-lazy=\"1\" fifu-data-sizes=\"auto\" fifu-data-srcset=\"https:\/\/i2.wp.com\/www.interaccionnoticias.com.mx\/wp-content\/uploads\/2025\/03\/250314-familiares-de-desaparecidos-5-1024x683.jpg?ssl=1&w=75&resize=75&ssl=1 75w, https:\/\/i2.wp.com\/www.interaccionnoticias.com.mx\/wp-content\/uploads\/2025\/03\/250314-familiares-de-desaparecidos-5-1024x683.jpg?ssl=1&w=100&resize=100&ssl=1 100w, https:\/\/i2.wp.com\/www.interaccionnoticias.com.mx\/wp-content\/uploads\/2025\/03\/250314-familiares-de-desaparecidos-5-1024x683.jpg?ssl=1&w=150&resize=150&ssl=1 150w, https:\/\/i2.wp.com\/www.interaccionnoticias.com.mx\/wp-content\/uploads\/2025\/03\/250314-familiares-de-desaparecidos-5-1024x683.jpg?ssl=1&w=240&resize=240&ssl=1 240w, https:\/\/i2.wp.com\/www.interaccionnoticias.com.mx\/wp-content\/uploads\/2025\/03\/250314-familiares-de-desaparecidos-5-1024x683.jpg?ssl=1&w=320&resize=320&ssl=1 320w, https:\/\/i2.wp.com\/www.interaccionnoticias.com.mx\/wp-content\/uploads\/2025\/03\/250314-familiares-de-desaparecidos-5-1024x683.jpg?ssl=1&w=500&resize=500&ssl=1 500w, https:\/\/i2.wp.com\/www.interaccionnoticias.com.mx\/wp-content\/uploads\/2025\/03\/250314-familiares-de-desaparecidos-5-1024x683.jpg?ssl=1&w=640&resize=640&ssl=1 640w, https:\/\/i2.wp.com\/www.interaccionnoticias.com.mx\/wp-content\/uploads\/2025\/03\/250314-familiares-de-desaparecidos-5-1024x683.jpg?ssl=1&w=800&resize=800&ssl=1 800w, https:\/\/i2.wp.com\/www.interaccionnoticias.com.mx\/wp-content\/uploads\/2025\/03\/250314-familiares-de-desaparecidos-5-1024x683.jpg?ssl=1&w=1024&resize=1024&ssl=1 1024w, https:\/\/i2.wp.com\/www.interaccionnoticias.com.mx\/wp-content\/uploads\/2025\/03\/250314-familiares-de-desaparecidos-5-1024x683.jpg?ssl=1&w=1280&resize=1280&ssl=1 1280w, https:\/\/i2.wp.com\/www.interaccionnoticias.com.mx\/wp-content\/uploads\/2025\/03\/250314-familiares-de-desaparecidos-5-1024x683.jpg?ssl=1&w=1600&resize=1600&ssl=1 1600w\" alt=\"\" class=\"wp-block-jetpack-slideshow_image wp-image-88837\" data-id=\"88837\" fifu-data-src=\"https:\/\/i2.wp.com\/www.interaccionnoticias.com.mx\/wp-content\/uploads\/2025\/03\/250314-familiares-de-desaparecidos-5-1024x683.jpg?ssl=1\"\/><\/figure><\/li><\/ul><a class=\"wp-block-jetpack-slideshow_button-prev swiper-button-prev swiper-button-white\" role=\"button\"><\/a><a class=\"wp-block-jetpack-slideshow_button-next swiper-button-next swiper-button-white\" role=\"button\"><\/a><a aria-label=\"Pause Slideshow\" class=\"wp-block-jetpack-slideshow_button-pause\" role=\"button\"><\/a><div class=\"wp-block-jetpack-slideshow_pagination swiper-pagination swiper-pagination-white\"><\/div><\/div><\/div>\n","protected":false},"excerpt":{"rendered":"<p>&#8212; Advierten que tambi\u00e9n en Guerrero hay lugares como el rancho Izaguirre, \u00abcuando se encuentra un espantoso hallazgo y as\u00ed como esta este lugar tambi\u00e9n en Guerrero los hay, y&hellip; <\/p>\n","protected":false},"author":32,"featured_media":88836,"comment_status":"open","ping_status":"open","sticky":false,"template":"","format":"standard","meta":{"fifu_image_url":"","fifu_image_alt":"","footnotes":""},"categories":[15],"tags":[],"class_list":["post-88832","post","type-post","status-publish","format-standard","has-post-thumbnail","hentry","category-movimientos-sociales"],"_links":{"self":[{"href":"https:\/\/www.interaccionnoticias.com.mx\/index.php?rest_route=\/wp\/v2\/posts\/88832","targetHints":{"allow":["GET"]}}],"collection":[{"href":"https:\/\/www.interaccionnoticias.com.mx\/index.php?rest_route=\/wp\/v2\/posts"}],"about":[{"href":"https:\/\/www.interaccionnoticias.com.mx\/index.php?rest_route=\/wp\/v2\/types\/post"}],"author":[{"embeddable":true,"href":"https:\/\/www.interaccionnoticias.com.mx\/index.php?rest_route=\/wp\/v2\/users\/32"}],"replies":[{"embeddable":true,"href":"https:\/\/www.interaccionnoticias.com.mx\/index.php?rest_route=%2Fwp%2Fv2%2Fcomments&post=88832"}],"version-history":[{"count":1,"href":"https:\/\/www.interaccionnoticias.com.mx\/index.php?rest_route=\/wp\/v2\/posts\/88832\/revisions"}],"predecessor-version":[{"id":88838,"href":"https:\/\/www.interaccionnoticias.com.mx\/index.php?rest_route=\/wp\/v2\/posts\/88832\/revisions\/88838"}],"wp:featuredmedia":[{"embeddable":true,"href":"https:\/\/www.interaccionnoticias.com.mx\/index.php?rest_route=\/wp\/v2\/media\/88836"}],"wp:attachment":[{"href":"https:\/\/www.interaccionnoticias.com.mx\/index.php?rest_route=%2Fwp%2Fv2%2Fmedia&parent=88832"}],"wp:term":[{"taxonomy":"category","embeddable":true,"href":"https:\/\/www.interaccionnoticias.com.mx\/index.php?rest_route=%2Fwp%2Fv2%2Fcategories&post=88832"},{"taxonomy":"post_tag","embeddable":true,"href":"https:\/\/www.interaccionnoticias.com.mx\/index.php?rest_route=%2Fwp%2Fv2%2Ftags&post=88832"}],"curies":[{"name":"wp","href":"https:\/\/api.w.org\/{rel}","templated":true}]}}