{"id":88821,"date":"2025-03-14T15:51:45","date_gmt":"2025-03-14T21:51:45","guid":{"rendered":"https:\/\/www.interaccionnoticias.com.mx\/?p=88821"},"modified":"2025-03-14T15:51:47","modified_gmt":"2025-03-14T21:51:47","slug":"centro-morelos-exige-la-aprobacion-de-una-ley-contra-la-desaparicion-forzada-de-personas-en-guerrero","status":"publish","type":"post","link":"https:\/\/www.interaccionnoticias.com.mx\/?p=88821","title":{"rendered":"Centro Morelos exige la aprobaci\u00f3n de una Ley Contra la Desaparici\u00f3n Forzada de Personas en Guerrero"},"content":{"rendered":"\n<p><strong><em>&#8212; Reprocha que se hayan perdido dos iniciativas trabajadas sobre el tema en seis a\u00f1os, que ahora se proponga comenzar desde el principio<\/em><\/strong><\/p>\n\n\n\n<p><strong>Rogelio Agust\u00edn<\/strong><\/p>\n\n\n\n<p>La directora del Centro de Derechos Humanos Jos\u00e9 Mar\u00eda Morelos y Pav\u00f3n, Tedoromira Rosales Sierra exhort\u00f3 al Congreso local y al Gobierno de Guerrero a realizar los trabajos encaminados a que la entidad ya cuenta con una la Ley Contra la Desaparici\u00f3n Forzada de Personas.<\/p>\n\n\n\n<p>La abogada sostuvo que desde hace muchos a\u00f1os,<\/p>\n\n\n\n<p>v\u00edctimas de la desaparici\u00f3n forzada y sus familias enfrentan a todo el poder del estado, porque se les niega el acceso a la verdad y a la justicia.<\/p>\n\n\n\n<p>Sostiene que lo m\u00e1s grave es que las familias agraviadas enfrentan la indiferencia de la sociedad, que no es consciente de que todos son v\u00edctimas potenciales en lo que parece una guerra, \u00b7en la cual el Estado y sus instituciones son parte directa al apoyar desde la oscuridad del poder a algunos grupos delincuenciales, ya sea por acci\u00f3n u omisi\u00f3n\u201d.<\/p>\n\n\n\n<p>Reproch\u00f3 que en la semana que transcurre, la presidenta de la Comisi\u00f3n de Derechos Humanos del Congreso local, Aracely Ocampo Manzanares haya dicho a representantes de varios colectivos que la iniciativa de ley en Materia de Desaparici\u00f3n Forzada de Personas est\u00e1 perdida, situaci\u00f3n que resulta por dem\u00e1s extra\u00f1a.<\/p>\n\n\n\n<p>\u201cNo se entiende que personas que llevan cuando menos de la mitad de su vida viviendo del erario p\u00fablico en diferentes cargos p\u00fablicos, y dentro de sus intereses o ambiciones personales busquen una curul para hablar de la inexistencia de una iniciativa de ley que se ha venido trabajando desde el a\u00f1o 2018 ,despu\u00e9s se pierde y empezamos con otro proyecto en el 2020-2021, ahora resulta que nadie sabe ni nadie tiene forma de allegarse un borrador de dicha propuesta\u201d.<\/p>\n\n\n\n<p>En la reuni\u00f3n que tuvieron el mi\u00e9rcoles 12 de marzo, se dijo que ahora ser\u00e1n los colectivos y centros de derechos humanos quienes vigilar\u00e1n a trav\u00e9s de un consejo, que los diputados trabajen en la iniciativa hasta que se dictamine y suba a pleno.<\/p>\n\n\n\n<p>Indic\u00f3: \u201cLa mayor\u00eda de las y los integrantes de los diferentes colectivos de familiares de desaparecidos est\u00e1n enterados de los espantosos hallazgos encontrados por nuestras hermanas en Teuchitl\u00e1n Jalisco donde se pone de manifiesto el terrible final de cientos o miles de desaparecidos y con todo ese dolor y la fe que las impulsa a seguir buscando a sus desaparecidos y rogando a Dios para encontrarlos con vida\u201d.<\/p>\n\n\n\n<p>Por esa raz\u00f3n, hizo un llamado para que se deje de obstruir el derechos de las v\u00edctimas a contar con un marco legal que les garantice el derecho a la verdad, a la justicia, a la reparaci\u00f3n integral del da\u00f1o, las garant\u00edas de no repetici\u00f3n y a todos los derechos contemplados tanto en los instrumentos internacionales y nacionales, que garantice la vida como seres humanos.<\/p>\n\n\n\n<p>El reclamo es que se trabaje sobre la Ley Contra la Desaparici\u00f3n Forzada de Personas, que ya se ha perdido en dos ocasiones y que ha provocado la p\u00e9rdida de seis a\u00f1os de trabajo conjunto.<\/p>\n","protected":false},"excerpt":{"rendered":"<p>&#8212; Reprocha que se hayan perdido dos iniciativas trabajadas sobre el tema en seis a\u00f1os, que ahora se proponga comenzar desde el principio Rogelio Agust\u00edn La directora del Centro de&hellip; <\/p>\n","protected":false},"author":21,"featured_media":88693,"comment_status":"open","ping_status":"open","sticky":false,"template":"","format":"standard","meta":{"fifu_image_url":"","fifu_image_alt":"","footnotes":""},"categories":[15],"tags":[],"class_list":["post-88821","post","type-post","status-publish","format-standard","has-post-thumbnail","hentry","category-movimientos-sociales"],"_links":{"self":[{"href":"https:\/\/www.interaccionnoticias.com.mx\/index.php?rest_route=\/wp\/v2\/posts\/88821","targetHints":{"allow":["GET"]}}],"collection":[{"href":"https:\/\/www.interaccionnoticias.com.mx\/index.php?rest_route=\/wp\/v2\/posts"}],"about":[{"href":"https:\/\/www.interaccionnoticias.com.mx\/index.php?rest_route=\/wp\/v2\/types\/post"}],"author":[{"embeddable":true,"href":"https:\/\/www.interaccionnoticias.com.mx\/index.php?rest_route=\/wp\/v2\/users\/21"}],"replies":[{"embeddable":true,"href":"https:\/\/www.interaccionnoticias.com.mx\/index.php?rest_route=%2Fwp%2Fv2%2Fcomments&post=88821"}],"version-history":[{"count":1,"href":"https:\/\/www.interaccionnoticias.com.mx\/index.php?rest_route=\/wp\/v2\/posts\/88821\/revisions"}],"predecessor-version":[{"id":88822,"href":"https:\/\/www.interaccionnoticias.com.mx\/index.php?rest_route=\/wp\/v2\/posts\/88821\/revisions\/88822"}],"wp:featuredmedia":[{"embeddable":true,"href":"https:\/\/www.interaccionnoticias.com.mx\/index.php?rest_route=\/wp\/v2\/media\/88693"}],"wp:attachment":[{"href":"https:\/\/www.interaccionnoticias.com.mx\/index.php?rest_route=%2Fwp%2Fv2%2Fmedia&parent=88821"}],"wp:term":[{"taxonomy":"category","embeddable":true,"href":"https:\/\/www.interaccionnoticias.com.mx\/index.php?rest_route=%2Fwp%2Fv2%2Fcategories&post=88821"},{"taxonomy":"post_tag","embeddable":true,"href":"https:\/\/www.interaccionnoticias.com.mx\/index.php?rest_route=%2Fwp%2Fv2%2Ftags&post=88821"}],"curies":[{"name":"wp","href":"https:\/\/api.w.org\/{rel}","templated":true}]}}