{"id":88805,"date":"2025-03-14T14:16:12","date_gmt":"2025-03-14T20:16:12","guid":{"rendered":"https:\/\/www.interaccionnoticias.com.mx\/?p=88805"},"modified":"2025-03-14T14:17:25","modified_gmt":"2025-03-14T20:17:25","slug":"maremagnum-204","status":"publish","type":"post","link":"https:\/\/www.interaccionnoticias.com.mx\/?p=88805","title":{"rendered":"MAREM\u00c1GNUM 204"},"content":{"rendered":"\n<p><strong>La violencia contra las mujeres, fen\u00f3meno social del machismo<\/strong><\/p>\n\n\n\n<p><strong>Por Ricardo Castillo Barrientos<\/strong><\/p>\n\n\n\n<p>En la entrega anterior hice referencia a la situaci\u00f3n de mujeres y ni\u00f1as de origen ind\u00edgena y afromestizas, y las dificultades a que son sometidas a causa del arraigado machismo, en comunidades rurales y en zonas urbanas y suburbanas marginales.<\/p>\n\n\n\n<p>Sobre la relevancia de esta problem\u00e1tica, la psiquiatra Amelia de la Paz Garc\u00eda, me hizo llegar mayor informaci\u00f3n, que comparto con mis amables lectores: \u201cComo psiquiatra he sido testigo de los efectos devastadores de la violencia contra la mujer. No solo se trata de un problema social o legal, sino una crisis de salud p\u00fablica con consecuencias profundas en la salud mental y f\u00edsica de quienes la padecen. Para entender su impacto, primero debemos reconocer sus m\u00faltiples formas, a fin de erradicarlas o atenuarlas:<\/p>\n\n\n\n<p>Violencia f\u00edsica: Son las agresiones que pueden causar lesiones, discapacidad o incluso la muerte-<\/p>\n\n\n\n<p>Violencia psicol\u00f3gica: Amenazas, manipulaci\u00f3n, humillaciones y aislamiento, que deterioran la autoestima y la estabilidad emocional.<\/p>\n\n\n\n<p>Violencia econ\u00f3mica: Restricci\u00f3n de recursos y oportunidades que perpetu\u00e1n la dependencia.<\/p>\n\n\n\n<p>Violencia sexual: Desde el acoso hasta la agresi\u00f3n, con consecuencias psicol\u00f3gicas severas.<\/p>\n\n\n\n<p>Violencia institucional: Revictimizaci\u00f3n por parte de las autoridades que deber\u00edan de proteger a las mujeres.<\/p>\n\n\n\n<p>Violencia digital: Acoso y difusi\u00f3n de contenido \u00edntimo sin consentimiento.<\/p>\n\n\n\n<p>Hoy, en un pa\u00eds gobernado por una mujer, en un estado como Guerrero, tambi\u00e9n liderado por una mujer y en instituciones con presencia femenina, la violencia contra las mujeres, persiste. Esto demuestra que la presencia de mujeres en el poder p\u00fablico no es suficiente, si no hay cambios estructurales.<\/p>\n\n\n\n<p>Las secuencias de la violencia no se limitan al momento en que ocurre. Deja marcas profundas en la salud mental y f\u00edsica de las v\u00edctimas, aumentando el riesgo de ansiedad, depresi\u00f3n, trastorno de estr\u00e9s postraum\u00e1tico y afectaciones a largo plazo que impactan su bienestar y desarrollo. Sin acceso a la justicia y apoyo adecuado,&nbsp; estas consecuencias se agravan, perpetuando un ciclo de sufrimiento.<\/p>\n\n\n\n<p>Como dijo Marie Curie, la primera mujer en ganar un Premio Nobel: \u201cNada en la vida debe ser temido, solamente comprendido. Ahora es el momento de comprender m\u00e1s, para temer menos\u201d.<\/p>\n\n\n\n<p>Hoy debemos comprender que la violencia contra las mujeres no es inevitable. Es el resultado de un sistema que aun permite la impunidad y la desigualdad. Es momento de cuestionarnos: \u00bfPara que mujeres es este tiempo en M\u00e9xico? La seguridad y respeto no puede ser privilegio de unas pocas, sino derechos garantizados para todas.<\/p>\n\n\n\n<p>La salud mental y la vida de las mujeres dependen de acciones concretas. No m\u00e1s indiferencia. No m\u00e1s impunidad.\u201d<\/p>\n\n\n\n<p>La misma doctora Amelia de la Paz Garc\u00eda, ha sido v\u00edctima de la violencia institucional de g\u00e9nero, en su centro de trabajo, el Hospital General El Quemado, por parte de las autoridades hospitalarias por realizar su trabajo con profesionalismo y sensibilidad social.<\/p>\n\n\n\n<p><strong>Marea Baja.-<\/strong> El pr\u00f3ximo 5 de abril, a las 10:30 horas, en las canchas de la colonia del PRI, en la capital del estado, se llevar\u00e1 a cabo la asamblea del VII distrito electoral federal, para la constituci\u00f3n del Partido Somos M\u00e9xico (PSM).<\/p>\n\n\n\n<p>As\u00ed lo dio a conocer el hist\u00f3rico l\u00edder \u00c1lvaro Leyva Reyes, quien hace extensiva la invitaci\u00f3n a toda la ciudadan\u00eda que quiera sumarse a este nuevo partido pol\u00edtico, que busca fortalecer la vida democr\u00e1tica del pa\u00eds y elevar las condiciones de vida de la poblaci\u00f3n, loable objetivo, muy distante de alcanzar.<\/p>\n\n\n\n<p><strong>Marea Alta.-<\/strong> A partir del pr\u00f3ximo lunes 24 del actual, las oficinas de la delegaci\u00f3n regional del Registro P\u00fablico de la Propiedad en Acapulco, reanudar\u00e1n sus operaciones en el \u201cEdificio Inteligente\u201d, ubicado en la avenida Costera Miguel Alem\u00e1n y Diego Hurtado de Mendoza (V\u00eda R\u00e1pida), despu\u00e9s del retorno de las oficinas centrales de la Secretar\u00eda de Salud, a la Ciudad de M\u00e9xico.<\/p>\n\n\n\n<p>El \u201cEdifico Inteligente\u201d fue construido originalmente para albergar a todas las oficinas del Gobierno del Estado, mismas que se encuentran diseminadas en el puerto, pagando elevadas rentas en inmuebles particulares, con lo cual se facilitar\u00e1n las gestiones y tr\u00e1mites a miles de usuarios que acuden a esas dependencias estatales.<\/p>\n\n\n\n<p><strong>Maremoto.-<\/strong> Este s\u00e1bado 15 de marzo, a las 10 horas, en la Plaza Polit\u00e9cnico, frente al centro comercial \u201cGaler\u00edas Acapulco, tendr\u00e1 verificativo una reuni\u00f3n de representantes de Organizaciones de la Sociedad Civil (OSC), para consensuar mecanismos de participaci\u00f3n de la Sociedad Civil, tendiente a la recuperaci\u00f3n del espacio p\u00fablico sobre el Malec\u00f3n de \u201cEl Jard\u00edn del Puerto\u201d, frente al Palacio Federal, en el centro de la ciudad.<\/p>\n\n\n\n<p>El llamado lo hace activista civil Kay Mendieta, quien se ha distinguido por su tenacidad para recuperar ese importante espacio p\u00fablico, despojado por el gobierno federal, y vuelva ser un espacio p\u00fablico disponible para el disfrute de la poblaci\u00f3n local y visitante.<\/p>\n","protected":false},"excerpt":{"rendered":"<p>La violencia contra las mujeres, fen\u00f3meno social del machismo Por Ricardo Castillo Barrientos En la entrega anterior hice referencia a la situaci\u00f3n de mujeres y ni\u00f1as de origen ind\u00edgena y&hellip; <\/p>\n","protected":false},"author":33,"featured_media":85923,"comment_status":"open","ping_status":"open","sticky":false,"template":"","format":"standard","meta":{"fifu_image_url":"","fifu_image_alt":"","footnotes":""},"categories":[16],"tags":[],"class_list":["post-88805","post","type-post","status-publish","format-standard","has-post-thumbnail","hentry","category-opinion"],"_links":{"self":[{"href":"https:\/\/www.interaccionnoticias.com.mx\/index.php?rest_route=\/wp\/v2\/posts\/88805","targetHints":{"allow":["GET"]}}],"collection":[{"href":"https:\/\/www.interaccionnoticias.com.mx\/index.php?rest_route=\/wp\/v2\/posts"}],"about":[{"href":"https:\/\/www.interaccionnoticias.com.mx\/index.php?rest_route=\/wp\/v2\/types\/post"}],"author":[{"embeddable":true,"href":"https:\/\/www.interaccionnoticias.com.mx\/index.php?rest_route=\/wp\/v2\/users\/33"}],"replies":[{"embeddable":true,"href":"https:\/\/www.interaccionnoticias.com.mx\/index.php?rest_route=%2Fwp%2Fv2%2Fcomments&post=88805"}],"version-history":[{"count":2,"href":"https:\/\/www.interaccionnoticias.com.mx\/index.php?rest_route=\/wp\/v2\/posts\/88805\/revisions"}],"predecessor-version":[{"id":88808,"href":"https:\/\/www.interaccionnoticias.com.mx\/index.php?rest_route=\/wp\/v2\/posts\/88805\/revisions\/88808"}],"wp:featuredmedia":[{"embeddable":true,"href":"https:\/\/www.interaccionnoticias.com.mx\/index.php?rest_route=\/wp\/v2\/media\/85923"}],"wp:attachment":[{"href":"https:\/\/www.interaccionnoticias.com.mx\/index.php?rest_route=%2Fwp%2Fv2%2Fmedia&parent=88805"}],"wp:term":[{"taxonomy":"category","embeddable":true,"href":"https:\/\/www.interaccionnoticias.com.mx\/index.php?rest_route=%2Fwp%2Fv2%2Fcategories&post=88805"},{"taxonomy":"post_tag","embeddable":true,"href":"https:\/\/www.interaccionnoticias.com.mx\/index.php?rest_route=%2Fwp%2Fv2%2Ftags&post=88805"}],"curies":[{"name":"wp","href":"https:\/\/api.w.org\/{rel}","templated":true}]}}