{"id":88748,"date":"2025-03-13T18:57:30","date_gmt":"2025-03-14T00:57:30","guid":{"rendered":"https:\/\/www.interaccionnoticias.com.mx\/?p=88748"},"modified":"2025-03-13T18:57:33","modified_gmt":"2025-03-14T00:57:33","slug":"colectivos-de-guerrero-convocan-a-unirse-a-luto-nacional-este-14-y-15-de-marzo-en-chilpancingo","status":"publish","type":"post","link":"https:\/\/www.interaccionnoticias.com.mx\/?p=88748","title":{"rendered":"Colectivos de Guerrero convocan a unirse a luto nacional este 14 y 15 de marzo en Chilpancingo"},"content":{"rendered":"\n<p><strong><em>&#8212; En memoria de todas las v\u00edctimas del centro clandestino de reclutamiento, entrenamiento y exterminio localizado por el colectivo Guerrero Buscadores Jalisco, en Teuchitl\u00e1n, Jalisco<\/em><\/strong><\/p>\n\n\n\n<p><strong>Yasm\u00edn Garc\u00eda<\/strong><\/p>\n\n\n\n<p>Colectivos de madres buscadoras de Guerrero convocan a unirse a un luto nacional el pr\u00f3ximo 14 y 15 de marzo en el z\u00f3calo de Chilpancingo en memoria de todas las v\u00edctimas del centro clandestino de reclutamiento, entrenamiento y exterminio localizado por el colectivo Guerrero Buscadores Jalisco, en Teuchitl\u00e1n, Jalisco.<\/p>\n\n\n\n<p>El colectivo Guerrero No+ Desaparecidos, Familiares en B\u00fasqueda Mar\u00eda Herrera, Centro de Derechos Humanos Jos\u00e9 Mar\u00eda Morelos y Pav\u00f3n, y el Centro de Derechos Humanos de las V\u00edctimas de Violencia Minerva Bello, convocaron a la poblaci\u00f3n en general a que este viernes se den cita en la plaza c\u00edvica Primer Congreso de An\u00e1huac en Chilpancingo.<\/p>\n\n\n\n<p>Los asistentes pueden llevar veladoras y zapatos en memoria de las v\u00edctimas que fueron reclutadas y asesinadas en el rancho Izaguirre.<\/p>\n\n\n\n<p>El Colectivo Memoria, Verdad y Justicia Acapulco convoc\u00f3 a unirse a un luto nacional el pr\u00f3ximo s\u00e1bado 15 de marzo en el z\u00f3calo capitalino.<\/p>\n\n\n\n<p>Esta actividad se realizar\u00e1 en almenos 12 Estados de la Rep\u00fablica Mexicana.<\/p>\n\n\n\n<p>Madres buscadoras de Guerrero buscar\u00e1n viajar a Jalisco para descartar que alguno de sus familiares est\u00e9 en los restos \u00f3seos localizados en el rancho Izaguirre y para acompa\u00f1ar a las familias de las v\u00edctimas.<\/p>\n","protected":false},"excerpt":{"rendered":"<p>&#8212; En memoria de todas las v\u00edctimas del centro clandestino de reclutamiento, entrenamiento y exterminio localizado por el colectivo Guerrero Buscadores Jalisco, en Teuchitl\u00e1n, Jalisco Yasm\u00edn Garc\u00eda Colectivos de madres&hellip; <\/p>\n","protected":false},"author":32,"featured_media":88749,"comment_status":"open","ping_status":"open","sticky":false,"template":"","format":"standard","meta":{"fifu_image_url":"","fifu_image_alt":"","footnotes":""},"categories":[15],"tags":[],"class_list":["post-88748","post","type-post","status-publish","format-standard","has-post-thumbnail","hentry","category-movimientos-sociales"],"_links":{"self":[{"href":"https:\/\/www.interaccionnoticias.com.mx\/index.php?rest_route=\/wp\/v2\/posts\/88748","targetHints":{"allow":["GET"]}}],"collection":[{"href":"https:\/\/www.interaccionnoticias.com.mx\/index.php?rest_route=\/wp\/v2\/posts"}],"about":[{"href":"https:\/\/www.interaccionnoticias.com.mx\/index.php?rest_route=\/wp\/v2\/types\/post"}],"author":[{"embeddable":true,"href":"https:\/\/www.interaccionnoticias.com.mx\/index.php?rest_route=\/wp\/v2\/users\/32"}],"replies":[{"embeddable":true,"href":"https:\/\/www.interaccionnoticias.com.mx\/index.php?rest_route=%2Fwp%2Fv2%2Fcomments&post=88748"}],"version-history":[{"count":1,"href":"https:\/\/www.interaccionnoticias.com.mx\/index.php?rest_route=\/wp\/v2\/posts\/88748\/revisions"}],"predecessor-version":[{"id":88750,"href":"https:\/\/www.interaccionnoticias.com.mx\/index.php?rest_route=\/wp\/v2\/posts\/88748\/revisions\/88750"}],"wp:featuredmedia":[{"embeddable":true,"href":"https:\/\/www.interaccionnoticias.com.mx\/index.php?rest_route=\/wp\/v2\/media\/88749"}],"wp:attachment":[{"href":"https:\/\/www.interaccionnoticias.com.mx\/index.php?rest_route=%2Fwp%2Fv2%2Fmedia&parent=88748"}],"wp:term":[{"taxonomy":"category","embeddable":true,"href":"https:\/\/www.interaccionnoticias.com.mx\/index.php?rest_route=%2Fwp%2Fv2%2Fcategories&post=88748"},{"taxonomy":"post_tag","embeddable":true,"href":"https:\/\/www.interaccionnoticias.com.mx\/index.php?rest_route=%2Fwp%2Fv2%2Ftags&post=88748"}],"curies":[{"name":"wp","href":"https:\/\/api.w.org\/{rel}","templated":true}]}}