{"id":88745,"date":"2025-03-13T18:49:11","date_gmt":"2025-03-14T00:49:11","guid":{"rendered":"https:\/\/www.interaccionnoticias.com.mx\/?p=88745"},"modified":"2025-03-13T18:49:13","modified_gmt":"2025-03-14T00:49:13","slug":"una-chofer-de-camioneta-pasajera-urvan-fue-asesinada","status":"publish","type":"post","link":"https:\/\/www.interaccionnoticias.com.mx\/?p=88745","title":{"rendered":"Una chofer de camioneta pasajera Urvan fue asesinada"},"content":{"rendered":"\n<p><em><strong>&#8212; Suspenden el servicio unas 25 unidades tipo Urvan<br>&#8212; La v\u00edctima conduc\u00eda la unidad del servicio p\u00fablico<\/strong><\/em><\/p>\n\n\n\n<p><strong>Javier Trujillo<\/strong><\/p>\n\n\n\n<p><strong>Acapulco, Gro. &#8211; <\/strong>Una mujer que conduc\u00eda una camioneta de pasajeros tipo Urvan, fue asesinada a balazos, en las inmediaciones de la avenida Adolfo Ruiz Cort\u00ednez, en la zona urbana de Acapulco.<\/p>\n\n\n\n<p>Tras difundirse el ataque contra la trabajadora del volante, de inmediato las m\u00e1s de 20 unidades acordaron suspender el servicio por miedo a que ocurran nuevas agresiones contra los transportistas.<\/p>\n\n\n\n<p>Los hechos se registraron aproximadamente a las 17:10 horas, cuando la f\u00e9mina y trabajadora del volante circulaba en el sentido Infonavit-Caleta, cuando un sujeto se acerc\u00f3 y le dispar\u00f3.<\/p>\n\n\n\n<p>La unidad qued\u00f3 varada, tras el crimen perpetrado contra la conductora de las Urvan que cubren la ruta Infonavit Alta Progreso-Caleta. En seguida los primeros agentes en llegar fueron la Polic\u00eda Investigadora.<\/p>\n\n\n\n<p>M\u00e1s tarde acudieron agentes de la Guardia Nacional y la Polic\u00eda Municipal, tras la agresi\u00f3n armada que dej\u00f3 la unidad a un costado del hospital general de IMSS, y cerca de la secundaria t\u00e9cnica 1.<\/p>\n\n\n\n<p>\u201cUno de los choferes dijo que hasta el momento desconocen cu\u00e1les fueron las causas del crimen de la compa\u00f1era, no hab\u00edamos recibido amenazas ni advertencias, nosotros no tenemos problema\u201d, explic\u00f3.<\/p>\n\n\n\n<p>Cabe mencionar que este jueves, el gobierno del estado hab\u00eda desplegado a unos 200 efectivos de la Guardia Nacional y Seguridad P\u00fablica del Estado, en la zona poniente del puerto.<\/p>\n","protected":false},"excerpt":{"rendered":"<p>&#8212; Suspenden el servicio unas 25 unidades tipo Urvan&#8212; La v\u00edctima conduc\u00eda la unidad del servicio p\u00fablico Javier Trujillo Acapulco, Gro. &#8211; Una mujer que conduc\u00eda una camioneta de pasajeros&hellip; <\/p>\n","protected":false},"author":3,"featured_media":88746,"comment_status":"open","ping_status":"open","sticky":false,"template":"","format":"standard","meta":{"fifu_image_url":"","fifu_image_alt":"","footnotes":""},"categories":[27],"tags":[],"class_list":["post-88745","post","type-post","status-publish","format-standard","has-post-thumbnail","hentry","category-seguridad-publica"],"_links":{"self":[{"href":"https:\/\/www.interaccionnoticias.com.mx\/index.php?rest_route=\/wp\/v2\/posts\/88745","targetHints":{"allow":["GET"]}}],"collection":[{"href":"https:\/\/www.interaccionnoticias.com.mx\/index.php?rest_route=\/wp\/v2\/posts"}],"about":[{"href":"https:\/\/www.interaccionnoticias.com.mx\/index.php?rest_route=\/wp\/v2\/types\/post"}],"author":[{"embeddable":true,"href":"https:\/\/www.interaccionnoticias.com.mx\/index.php?rest_route=\/wp\/v2\/users\/3"}],"replies":[{"embeddable":true,"href":"https:\/\/www.interaccionnoticias.com.mx\/index.php?rest_route=%2Fwp%2Fv2%2Fcomments&post=88745"}],"version-history":[{"count":1,"href":"https:\/\/www.interaccionnoticias.com.mx\/index.php?rest_route=\/wp\/v2\/posts\/88745\/revisions"}],"predecessor-version":[{"id":88747,"href":"https:\/\/www.interaccionnoticias.com.mx\/index.php?rest_route=\/wp\/v2\/posts\/88745\/revisions\/88747"}],"wp:featuredmedia":[{"embeddable":true,"href":"https:\/\/www.interaccionnoticias.com.mx\/index.php?rest_route=\/wp\/v2\/media\/88746"}],"wp:attachment":[{"href":"https:\/\/www.interaccionnoticias.com.mx\/index.php?rest_route=%2Fwp%2Fv2%2Fmedia&parent=88745"}],"wp:term":[{"taxonomy":"category","embeddable":true,"href":"https:\/\/www.interaccionnoticias.com.mx\/index.php?rest_route=%2Fwp%2Fv2%2Fcategories&post=88745"},{"taxonomy":"post_tag","embeddable":true,"href":"https:\/\/www.interaccionnoticias.com.mx\/index.php?rest_route=%2Fwp%2Fv2%2Ftags&post=88745"}],"curies":[{"name":"wp","href":"https:\/\/api.w.org\/{rel}","templated":true}]}}