{"id":88736,"date":"2025-03-13T18:19:58","date_gmt":"2025-03-14T00:19:58","guid":{"rendered":"https:\/\/www.interaccionnoticias.com.mx\/?p=88736"},"modified":"2025-03-13T18:19:59","modified_gmt":"2025-03-14T00:19:59","slug":"los-jueces-y-magistrados-podrian-apelar-si-no-estan-conformes-con-la-reforma-al-poder-judicial","status":"publish","type":"post","link":"https:\/\/www.interaccionnoticias.com.mx\/?p=88736","title":{"rendered":"Los jueces y magistrados podr\u00edan apelar si no est\u00e1n conformes con la reforma al Poder Judicial"},"content":{"rendered":"\n<p><strong><em>&#8212; El presidente de la Jucopo, Jes\u00fas Uri\u00f3stegui mencion\u00f3 que de momento \u00abse acabaron las pensiones vitalicias\u00bb<br>&#8212; La Ley Camila se encuentra en comisiones<br>&#8212; La Ley de Desaparici\u00f3n de Personas se analiza para que sea viable<\/em><\/strong><\/p>\n\n\n\n<p><strong>Rosario Garc\u00eda Orozco<\/strong><\/p>\n\n\n\n<p>El presidente de la Junta de Coordinaci\u00f3n Pol\u00edtica (Jucopo) del Congreso Local, Jes\u00fas Uri\u00f3stegui Garc\u00eda sostuvo que los jueces y magistrados podr\u00e1n apelar si es que no est\u00e1n conformes con la Reforma al Poder Judicial Local, recientemente aprobada por el Congreso Local.<\/p>\n\n\n\n<p>Explic\u00f3 que con esa reforma \u00ablas pensiones vitalicias quedan absolutamente eliminadas, es cierto que hay un tema de derecho de haberes, pero que quede claro que con la Reforma desaparece la pensi\u00f3n vitalicia\u00bb, insisti\u00f3.<\/p>\n\n\n\n<p>El legislador calific\u00f3 como \u00ababuso\u00bb las pensiones vitalicias para los magistrados, y acept\u00f3 que ese tipo de medidas inc\u00f3modo a varios funcionarios del Poder Judicial, quienes \u00abtendr\u00e1n derecho a poder accionar legalmente en el tema que corresponde, no obstante considero que precisamente el tema de derechos y haberes en otros tiempos fue una normatividad distinta a la que estamos aprobando\u00bb.<\/p>\n\n\n\n<p>Adelant\u00f3 que se revisar\u00e1n los salarios de los jueces y magistrados y habr\u00e1 reducci\u00f3n en los que consideren que son elevados, aunque no precis\u00f3 si ya hab\u00eda alg\u00fan tabulador, \u00ablo importante primero es que no pueden ganar m\u00e1s que la presidenta de M\u00e9xico, ni la gobernadora, porque han existido abusos por parte del Poder Judicial\u00bb.<\/p>\n\n\n\n<p>Dijo que esa iniciativa ya se env\u00eda a los municipios para que sea analizada, discutida y avalada, en su caso, por los ayuntamientos, para concluir con ese proceso, y agreg\u00f3 que para llegar a esos acuerdos al interior del Poder Legislativo fue necesario los diputados se coordinen para hacer leyes que sean viables, que verdaderamente vayan a llevarse a cabo, por lo que reiter\u00f3 que ser\u00e1n \u00abresponsables para que sean viables presupuestalmente las iniciativas, porque de qu\u00e9 sirve que aprobemos iniciativas con una expectativa muy elevada, si presupuestalmente no se podr\u00e1n realizar, tenemos que ser muy congruentes\u00bb.<\/p>\n\n\n\n<p>&#8211;La Ley Camila est\u00e1 en comisiones<\/p>\n\n\n\n<p>Uri\u00f3stegui Garc\u00eda inform\u00f3 tambi\u00e9n que la Ley Camila, que envi\u00f3 la gobernadora Evelyn Salgado Pineda al Congreso Local para incrementar las penas a quienes sean responsables de secuestro y homicidio de menores, ya se encuentra en las comisiones correspondientes, \u00abes un tema al que le daremos todo el respaldo a la gobernadora, es una iniciativa preferente que impulsaremos los legisladores con independencia del color de cada partido, y ya en su momento daremos a conocer la aprobaci\u00f3n de esa reforma\u00bb.<\/p>\n\n\n\n<p>&#8211;Se analiza la Ley de Desaparici\u00f3n de Personas para que sea viable<\/p>\n\n\n\n<p>Cuestionado sobre el proceso de la Ley de Desaparici\u00f3n de Personas, tras la protesta de una madre buscadora en la m\u00e1xima tribuna del Poder Legislativo, el presidente de la Jucopo, asegur\u00f3 que las iniciativas de leyes deben ser aprobadas con responsabilidad, \u00abreitero todo mi respeto absoluto a este tema y aclarar que la iniciativa que presentaron (los colectivos de familiares de desaparecidos) fue hace dos legislaturas, y tenemos la responsabilidad de atender, dialogar y concensar\u00bb.<\/p>\n\n\n\n<p>Agreg\u00f3 que en el Congreso Local hay toda la apertura para llevarla a cabo, \u00abpero con la certeza de que va a ser real, porque si hacemos una ley que no pueda complirse, que no se tengan los recursos presupuestales, entonces seremos incongruentes con los beneficiarios, con las v\u00edctimas\u00bb.<\/p>\n\n\n\n<p>Se dijo respetuoso de los colectivos de familiares de desaparecidos y desaparecidas y de sus protestas, \u00ables reitero mi respeto absoluto a sus manifestaciones a su lucha, nuestra solidaridad y con mucho gusto seguimos caminando y con las puertas abiertas para atenderlas\u00bb.<\/p>\n","protected":false},"excerpt":{"rendered":"<p>&#8212; El presidente de la Jucopo, Jes\u00fas Uri\u00f3stegui mencion\u00f3 que de momento \u00abse acabaron las pensiones vitalicias\u00bb&#8212; La Ley Camila se encuentra en comisiones&#8212; La Ley de Desaparici\u00f3n de Personas&hellip; <\/p>\n","protected":false},"author":14,"featured_media":88737,"comment_status":"open","ping_status":"open","sticky":false,"template":"","format":"standard","meta":{"fifu_image_url":"","fifu_image_alt":"","footnotes":""},"categories":[2],"tags":[],"class_list":["post-88736","post","type-post","status-publish","format-standard","has-post-thumbnail","hentry","category-congreso"],"_links":{"self":[{"href":"https:\/\/www.interaccionnoticias.com.mx\/index.php?rest_route=\/wp\/v2\/posts\/88736","targetHints":{"allow":["GET"]}}],"collection":[{"href":"https:\/\/www.interaccionnoticias.com.mx\/index.php?rest_route=\/wp\/v2\/posts"}],"about":[{"href":"https:\/\/www.interaccionnoticias.com.mx\/index.php?rest_route=\/wp\/v2\/types\/post"}],"author":[{"embeddable":true,"href":"https:\/\/www.interaccionnoticias.com.mx\/index.php?rest_route=\/wp\/v2\/users\/14"}],"replies":[{"embeddable":true,"href":"https:\/\/www.interaccionnoticias.com.mx\/index.php?rest_route=%2Fwp%2Fv2%2Fcomments&post=88736"}],"version-history":[{"count":1,"href":"https:\/\/www.interaccionnoticias.com.mx\/index.php?rest_route=\/wp\/v2\/posts\/88736\/revisions"}],"predecessor-version":[{"id":88738,"href":"https:\/\/www.interaccionnoticias.com.mx\/index.php?rest_route=\/wp\/v2\/posts\/88736\/revisions\/88738"}],"wp:featuredmedia":[{"embeddable":true,"href":"https:\/\/www.interaccionnoticias.com.mx\/index.php?rest_route=\/wp\/v2\/media\/88737"}],"wp:attachment":[{"href":"https:\/\/www.interaccionnoticias.com.mx\/index.php?rest_route=%2Fwp%2Fv2%2Fmedia&parent=88736"}],"wp:term":[{"taxonomy":"category","embeddable":true,"href":"https:\/\/www.interaccionnoticias.com.mx\/index.php?rest_route=%2Fwp%2Fv2%2Fcategories&post=88736"},{"taxonomy":"post_tag","embeddable":true,"href":"https:\/\/www.interaccionnoticias.com.mx\/index.php?rest_route=%2Fwp%2Fv2%2Ftags&post=88736"}],"curies":[{"name":"wp","href":"https:\/\/api.w.org\/{rel}","templated":true}]}}