{"id":88726,"date":"2025-03-13T13:15:52","date_gmt":"2025-03-13T19:15:52","guid":{"rendered":"https:\/\/www.interaccionnoticias.com.mx\/?p=88726"},"modified":"2025-03-13T13:15:54","modified_gmt":"2025-03-13T19:15:54","slug":"freg-exige-la-liberacion-de-cuatro-de-sus-companeros-detenidos-por-la-fge","status":"publish","type":"post","link":"https:\/\/www.interaccionnoticias.com.mx\/?p=88726","title":{"rendered":"FREG exige la liberaci\u00f3n de cuatro de sus compa\u00f1eros detenidos por la FGE"},"content":{"rendered":"\n<p><strong><em>&#8212; Responsabilizaron al rector de la UAGro, Javier Salda\u00f1a Almaz\u00e1n de lo que les pueda pasar, adem\u00e1s de que cit\u00f3 a Jos\u00e9 Abel S\u00e1nchez a una reuni\u00f3n en rector\u00eda y ah\u00ed fue detenido<\/em><\/strong><\/p>\n\n\n\n<p><strong>Yasm\u00edn Garc\u00eda<\/strong><\/p>\n\n\n\n<p>Integrantes del Frente por la Educaci\u00f3n de la Democracia y la Institucionalidad Guerrerense (FREG), exigieron la liberaci\u00f3n de cuatro de sus compa\u00f1eros detenidos por la Fiscal\u00eda General del Estado (FGE) por su \u00abprobable participaci\u00f3n en el delito de privaci\u00f3n de la libertad agravada y su presunta participaci\u00f3n en otro delito\u00bb.<\/p>\n\n\n\n<p>Los integrantes del FREG detenidos son Jos\u00e9 Abel S\u00e1nchez Marcos, Luciano Cruz Morales, Julian Galv\u00e1n Gal\u00e1n y Jovanny Vanegas Mendiola.<\/p>\n\n\n\n<p>Fidencio David Mart\u00ednez, integrante del FREG acus\u00f3 persecuci\u00f3n y hostigamiento por parte del rector de la Universidad Aut\u00f3noma de Guerrero (UAGro), Javier Salda\u00f1a Almaz\u00e1n, a la gobernadora de Guerrero, Evelyn Salgado Pineda y al senador de la Rep\u00fablica F\u00e9lix Salgado Macedonio, ya que han participado en protestas en su contra por presuntos actos de corrupci\u00f3n.<\/p>\n\n\n\n<p>Fabiola S\u00e1nchez Marcos, madre de Jos\u00e9 Abel S\u00e1nchez Marcos reproch\u00f3 al rector de la UAGro, Javier Salda\u00f1a Almaz\u00e1n de su detenci\u00f3n ya que lo cit\u00f3 a una reuni\u00f3n en rector\u00eda y al t\u00e9rmino de esta fue detenido, tambi\u00e9n denunci\u00f3 que desconoce del paradero de su autom\u00f3vil.<\/p>\n\n\n\n<p>\u00abTe responsabilizo a ti Javier Salda\u00f1a porque ah\u00ed fue detenido en la reuni\u00f3n tuya, anoche estuve aqu\u00ed hasta las 2 de la ma\u00f1ana y no me permitieron ver a mi hijo\u00bb, recrimin\u00f3.<\/p>\n\n\n\n<p>La tarde de ayer la FGE inform\u00f3 en un comunicado de prensa de la detenci\u00f3n de Jos\u00e9 Abel y Luciano Cruz.<\/p>\n\n\n\n<p>La ma\u00f1ana de este jueves la FGE emiti\u00f3 otro comunicado en donde inform\u00f3 de la detenci\u00f3n de Juli\u00e1n Galv\u00e1n y Jovanny Vanegas por su \u00abprobable participaci\u00f3n en el delito de privaci\u00f3n de la libertad agravada y otro\u00bb.<\/p>\n\n\n\n<p>Los integrantes del FREG acusaron que no existen pruebas para acusarlos de dichos delitos, \u00abson delitos fabricados\u00bb. Advirtieron que seguir\u00e1n mivilizandose para que sus compa\u00f1eros sean liberados.<\/p>\n\n\n\n<div class=\"wp-block-jetpack-slideshow aligncenter\" data-effect=\"slide\"><div class=\"wp-block-jetpack-slideshow_container swiper-container\"><ul class=\"wp-block-jetpack-slideshow_swiper-wrapper swiper-wrapper\"><li class=\"wp-block-jetpack-slideshow_slide swiper-slide\"><figure><img decoding=\"async\" src=\"data:image\/gif;base64,R0lGODlhAQABAIAAAAAAAP\/\/\/ywAAAAAAQABAAACAUwAOw==\" fifu-lazy=\"1\" fifu-data-sizes=\"auto\" fifu-data-srcset=\"https:\/\/i0.wp.com\/www.interaccionnoticias.com.mx\/wp-content\/uploads\/2025\/03\/250313-FREG-1-1024x683.jpg?ssl=1&w=75&resize=75&ssl=1 75w, https:\/\/i0.wp.com\/www.interaccionnoticias.com.mx\/wp-content\/uploads\/2025\/03\/250313-FREG-1-1024x683.jpg?ssl=1&w=100&resize=100&ssl=1 100w, https:\/\/i0.wp.com\/www.interaccionnoticias.com.mx\/wp-content\/uploads\/2025\/03\/250313-FREG-1-1024x683.jpg?ssl=1&w=150&resize=150&ssl=1 150w, https:\/\/i0.wp.com\/www.interaccionnoticias.com.mx\/wp-content\/uploads\/2025\/03\/250313-FREG-1-1024x683.jpg?ssl=1&w=240&resize=240&ssl=1 240w, https:\/\/i0.wp.com\/www.interaccionnoticias.com.mx\/wp-content\/uploads\/2025\/03\/250313-FREG-1-1024x683.jpg?ssl=1&w=320&resize=320&ssl=1 320w, https:\/\/i0.wp.com\/www.interaccionnoticias.com.mx\/wp-content\/uploads\/2025\/03\/250313-FREG-1-1024x683.jpg?ssl=1&w=500&resize=500&ssl=1 500w, https:\/\/i0.wp.com\/www.interaccionnoticias.com.mx\/wp-content\/uploads\/2025\/03\/250313-FREG-1-1024x683.jpg?ssl=1&w=640&resize=640&ssl=1 640w, https:\/\/i0.wp.com\/www.interaccionnoticias.com.mx\/wp-content\/uploads\/2025\/03\/250313-FREG-1-1024x683.jpg?ssl=1&w=800&resize=800&ssl=1 800w, https:\/\/i0.wp.com\/www.interaccionnoticias.com.mx\/wp-content\/uploads\/2025\/03\/250313-FREG-1-1024x683.jpg?ssl=1&w=1024&resize=1024&ssl=1 1024w, https:\/\/i0.wp.com\/www.interaccionnoticias.com.mx\/wp-content\/uploads\/2025\/03\/250313-FREG-1-1024x683.jpg?ssl=1&w=1280&resize=1280&ssl=1 1280w, https:\/\/i0.wp.com\/www.interaccionnoticias.com.mx\/wp-content\/uploads\/2025\/03\/250313-FREG-1-1024x683.jpg?ssl=1&w=1600&resize=1600&ssl=1 1600w\" alt=\"\" class=\"wp-block-jetpack-slideshow_image wp-image-88727\" data-id=\"88727\" fifu-data-src=\"https:\/\/i0.wp.com\/www.interaccionnoticias.com.mx\/wp-content\/uploads\/2025\/03\/250313-FREG-1-1024x683.jpg?ssl=1\"\/><\/figure><\/li><li class=\"wp-block-jetpack-slideshow_slide swiper-slide\"><figure><img decoding=\"async\" src=\"data:image\/gif;base64,R0lGODlhAQABAIAAAAAAAP\/\/\/ywAAAAAAQABAAACAUwAOw==\" fifu-lazy=\"1\" fifu-data-sizes=\"auto\" fifu-data-srcset=\"https:\/\/i3.wp.com\/www.interaccionnoticias.com.mx\/wp-content\/uploads\/2025\/03\/250313-FREG-2-1024x683.jpg?ssl=1&w=75&resize=75&ssl=1 75w, https:\/\/i3.wp.com\/www.interaccionnoticias.com.mx\/wp-content\/uploads\/2025\/03\/250313-FREG-2-1024x683.jpg?ssl=1&w=100&resize=100&ssl=1 100w, https:\/\/i3.wp.com\/www.interaccionnoticias.com.mx\/wp-content\/uploads\/2025\/03\/250313-FREG-2-1024x683.jpg?ssl=1&w=150&resize=150&ssl=1 150w, https:\/\/i3.wp.com\/www.interaccionnoticias.com.mx\/wp-content\/uploads\/2025\/03\/250313-FREG-2-1024x683.jpg?ssl=1&w=240&resize=240&ssl=1 240w, https:\/\/i3.wp.com\/www.interaccionnoticias.com.mx\/wp-content\/uploads\/2025\/03\/250313-FREG-2-1024x683.jpg?ssl=1&w=320&resize=320&ssl=1 320w, https:\/\/i3.wp.com\/www.interaccionnoticias.com.mx\/wp-content\/uploads\/2025\/03\/250313-FREG-2-1024x683.jpg?ssl=1&w=500&resize=500&ssl=1 500w, https:\/\/i3.wp.com\/www.interaccionnoticias.com.mx\/wp-content\/uploads\/2025\/03\/250313-FREG-2-1024x683.jpg?ssl=1&w=640&resize=640&ssl=1 640w, https:\/\/i3.wp.com\/www.interaccionnoticias.com.mx\/wp-content\/uploads\/2025\/03\/250313-FREG-2-1024x683.jpg?ssl=1&w=800&resize=800&ssl=1 800w, https:\/\/i3.wp.com\/www.interaccionnoticias.com.mx\/wp-content\/uploads\/2025\/03\/250313-FREG-2-1024x683.jpg?ssl=1&w=1024&resize=1024&ssl=1 1024w, https:\/\/i3.wp.com\/www.interaccionnoticias.com.mx\/wp-content\/uploads\/2025\/03\/250313-FREG-2-1024x683.jpg?ssl=1&w=1280&resize=1280&ssl=1 1280w, https:\/\/i3.wp.com\/www.interaccionnoticias.com.mx\/wp-content\/uploads\/2025\/03\/250313-FREG-2-1024x683.jpg?ssl=1&w=1600&resize=1600&ssl=1 1600w\" alt=\"\" class=\"wp-block-jetpack-slideshow_image wp-image-88728\" data-id=\"88728\" fifu-data-src=\"https:\/\/i3.wp.com\/www.interaccionnoticias.com.mx\/wp-content\/uploads\/2025\/03\/250313-FREG-2-1024x683.jpg?ssl=1\"\/><\/figure><\/li><\/ul><a class=\"wp-block-jetpack-slideshow_button-prev swiper-button-prev swiper-button-white\" role=\"button\"><\/a><a class=\"wp-block-jetpack-slideshow_button-next swiper-button-next swiper-button-white\" role=\"button\"><\/a><a aria-label=\"Pause Slideshow\" class=\"wp-block-jetpack-slideshow_button-pause\" role=\"button\"><\/a><div class=\"wp-block-jetpack-slideshow_pagination swiper-pagination swiper-pagination-white\"><\/div><\/div><\/div>\n","protected":false},"excerpt":{"rendered":"<p>&#8212; Responsabilizaron al rector de la UAGro, Javier Salda\u00f1a Almaz\u00e1n de lo que les pueda pasar, adem\u00e1s de que cit\u00f3 a Jos\u00e9 Abel S\u00e1nchez a una reuni\u00f3n en rector\u00eda y&hellip; <\/p>\n","protected":false},"author":32,"featured_media":88728,"comment_status":"open","ping_status":"open","sticky":false,"template":"","format":"standard","meta":{"fifu_image_url":"","fifu_image_alt":"","footnotes":""},"categories":[11],"tags":[],"class_list":["post-88726","post","type-post","status-publish","format-standard","has-post-thumbnail","hentry","category-guerrero"],"_links":{"self":[{"href":"https:\/\/www.interaccionnoticias.com.mx\/index.php?rest_route=\/wp\/v2\/posts\/88726","targetHints":{"allow":["GET"]}}],"collection":[{"href":"https:\/\/www.interaccionnoticias.com.mx\/index.php?rest_route=\/wp\/v2\/posts"}],"about":[{"href":"https:\/\/www.interaccionnoticias.com.mx\/index.php?rest_route=\/wp\/v2\/types\/post"}],"author":[{"embeddable":true,"href":"https:\/\/www.interaccionnoticias.com.mx\/index.php?rest_route=\/wp\/v2\/users\/32"}],"replies":[{"embeddable":true,"href":"https:\/\/www.interaccionnoticias.com.mx\/index.php?rest_route=%2Fwp%2Fv2%2Fcomments&post=88726"}],"version-history":[{"count":1,"href":"https:\/\/www.interaccionnoticias.com.mx\/index.php?rest_route=\/wp\/v2\/posts\/88726\/revisions"}],"predecessor-version":[{"id":88729,"href":"https:\/\/www.interaccionnoticias.com.mx\/index.php?rest_route=\/wp\/v2\/posts\/88726\/revisions\/88729"}],"wp:featuredmedia":[{"embeddable":true,"href":"https:\/\/www.interaccionnoticias.com.mx\/index.php?rest_route=\/wp\/v2\/media\/88728"}],"wp:attachment":[{"href":"https:\/\/www.interaccionnoticias.com.mx\/index.php?rest_route=%2Fwp%2Fv2%2Fmedia&parent=88726"}],"wp:term":[{"taxonomy":"category","embeddable":true,"href":"https:\/\/www.interaccionnoticias.com.mx\/index.php?rest_route=%2Fwp%2Fv2%2Fcategories&post=88726"},{"taxonomy":"post_tag","embeddable":true,"href":"https:\/\/www.interaccionnoticias.com.mx\/index.php?rest_route=%2Fwp%2Fv2%2Ftags&post=88726"}],"curies":[{"name":"wp","href":"https:\/\/api.w.org\/{rel}","templated":true}]}}