{"id":88597,"date":"2025-03-10T18:50:00","date_gmt":"2025-03-11T00:50:00","guid":{"rendered":"https:\/\/www.interaccionnoticias.com.mx\/?p=88597"},"modified":"2025-03-10T22:01:36","modified_gmt":"2025-03-11T04:01:36","slug":"talan-viejo-arbol-de-parota-en-zocalo-de-chilpancingo","status":"publish","type":"post","link":"https:\/\/www.interaccionnoticias.com.mx\/?p=88597","title":{"rendered":"Talan viejo \u00e1rbol de parota en z\u00f3calo de Chilpancingo"},"content":{"rendered":"\n<p><strong><em>&#8212; Personal del Ayuntamiento asegura que el \u00e1rbol estaba casi muerto<\/em><\/strong><\/p>\n\n\n\n<p><strong>Jes\u00fas Dorantes<\/strong><\/p>\n\n\n\n<p><strong>Chilpancingo, Gro.-<\/strong> Un viejo \u00e1rbol de parota fue derribado la jornada de este lunes por parte de personal del Ayuntamiento Capitalino, luego de asegurar que se encontraba pr\u00e1cticamente muerto.<\/p>\n\n\n\n<p>El \u00e1rbol el cual tiene d\u00e9cadas de antig\u00fcedad se encontraba en una de las jardineras de la rampa que da acceso a la Plaza C\u00edvica del Primer Congreso de An\u00e1huac, a un costado del Palacio de Cultura de Chilpancingo.<\/p>\n\n\n\n<p>El director de Infraestructura Verde del gobierno municipal, David Ben\u00edtez Hern\u00e1ndez asegur\u00f3 que la parota estaba casi muerta debido a un hongo, adem\u00e1s de se\u00f1alar qu\u00e9 imped\u00eda el crecimiento de otro \u00e1rbol y podr\u00eda contagiarse del hongo.<\/p>\n\n\n\n<p>Adem\u00e1s de se\u00f1alar que en d\u00edas pasados una rama se desprendi\u00f3 de dicho \u00e1rbol y caus\u00f3 da\u00f1os a una mujer, por lo que varios vecinos ya hab\u00edan realizado tambi\u00e9n peticiones para que fuera talado.<\/p>\n\n\n\n<p>A pregunta expresa sobre si se plantar\u00e9 un nuevo \u00e1rbol se\u00f1alaron que la mate que qued\u00f3 en pie es end\u00e9mico de la regi\u00f3n, por lo que no era necesario reemplazar el que fue retirado.<\/p>\n\n\n\n<p>Mientras que la madera que se obtuvo fue regalada a un ciudadano que realiz\u00f3 una petici\u00f3n al la administraci\u00f3n del primer edil Gustavo Alarc\u00f3n Herrera.<\/p>\n","protected":false},"excerpt":{"rendered":"<p>&#8212; Personal del Ayuntamiento asegura que el \u00e1rbol estaba casi muerto Jes\u00fas Dorantes Chilpancingo, Gro.- Un viejo \u00e1rbol de parota fue derribado la jornada de este lunes por parte de&hellip; <\/p>\n","protected":false},"author":8,"featured_media":88598,"comment_status":"open","ping_status":"open","sticky":false,"template":"","format":"standard","meta":{"fifu_image_url":"","fifu_image_alt":"","footnotes":""},"categories":[13],"tags":[],"class_list":["post-88597","post","type-post","status-publish","format-standard","has-post-thumbnail","hentry","category-capital"],"_links":{"self":[{"href":"https:\/\/www.interaccionnoticias.com.mx\/index.php?rest_route=\/wp\/v2\/posts\/88597","targetHints":{"allow":["GET"]}}],"collection":[{"href":"https:\/\/www.interaccionnoticias.com.mx\/index.php?rest_route=\/wp\/v2\/posts"}],"about":[{"href":"https:\/\/www.interaccionnoticias.com.mx\/index.php?rest_route=\/wp\/v2\/types\/post"}],"author":[{"embeddable":true,"href":"https:\/\/www.interaccionnoticias.com.mx\/index.php?rest_route=\/wp\/v2\/users\/8"}],"replies":[{"embeddable":true,"href":"https:\/\/www.interaccionnoticias.com.mx\/index.php?rest_route=%2Fwp%2Fv2%2Fcomments&post=88597"}],"version-history":[{"count":1,"href":"https:\/\/www.interaccionnoticias.com.mx\/index.php?rest_route=\/wp\/v2\/posts\/88597\/revisions"}],"predecessor-version":[{"id":88599,"href":"https:\/\/www.interaccionnoticias.com.mx\/index.php?rest_route=\/wp\/v2\/posts\/88597\/revisions\/88599"}],"wp:featuredmedia":[{"embeddable":true,"href":"https:\/\/www.interaccionnoticias.com.mx\/index.php?rest_route=\/wp\/v2\/media\/88598"}],"wp:attachment":[{"href":"https:\/\/www.interaccionnoticias.com.mx\/index.php?rest_route=%2Fwp%2Fv2%2Fmedia&parent=88597"}],"wp:term":[{"taxonomy":"category","embeddable":true,"href":"https:\/\/www.interaccionnoticias.com.mx\/index.php?rest_route=%2Fwp%2Fv2%2Fcategories&post=88597"},{"taxonomy":"post_tag","embeddable":true,"href":"https:\/\/www.interaccionnoticias.com.mx\/index.php?rest_route=%2Fwp%2Fv2%2Ftags&post=88597"}],"curies":[{"name":"wp","href":"https:\/\/api.w.org\/{rel}","templated":true}]}}