{"id":88594,"date":"2025-03-10T18:12:00","date_gmt":"2025-03-11T00:12:00","guid":{"rendered":"https:\/\/www.interaccionnoticias.com.mx\/?p=88594"},"modified":"2025-03-10T21:55:27","modified_gmt":"2025-03-11T03:55:27","slug":"los-temblores-y-huracanes-no-matan-la-edificacion-en-zonas-de-riesgo-si-irene-montiel","status":"publish","type":"post","link":"https:\/\/www.interaccionnoticias.com.mx\/?p=88594","title":{"rendered":"Los temblores y huracanes \u00abno matan\u00bb, la edificaci\u00f3n en zonas de riesgo s\u00ed: Irene Montiel"},"content":{"rendered":"\n<p><em><strong>&#8212; La construcci\u00f3n de viviendas en zonas de riesgo es el modus vivendi de varios l\u00edderes<\/strong><\/em><\/p>\n\n\n\n<p><strong>Rosario Garc\u00eda Orozco<\/strong><\/p>\n\n\n\n<p>Los temblores y los huracanes \u00abno matan\u00bb, pero la edificaci\u00f3n de viviendas construidas en zonas consideradas como de alto riesgo s\u00ed, afirm\u00f3 la secretaria de Desarrollo Urbano, Obras P\u00fablicas y Ordenamiento Territorrial del gobierno del estado, Irene Jim\u00e9nez Montiel.<\/p>\n\n\n\n<p>Sostuvo que como consecuencia de la falta de orden en las construcciones, por la falta de planes de desarrollo urbano, \u00abtenemos un territorio desordenado, inseguro, insalubre y sucio\u00bb.<\/p>\n\n\n\n<p>Agreg\u00f3 que en Guerrero no se han respetado los espacios que naturalmente no son adecuados para la construcci\u00f3n, por lo que el gobierno de Guerrero, desde al inicio de la administraci\u00f3n de la gobernadora Evelyn Salgado Pineda comenz\u00f3 a trabajar en la Bit\u00e1cora Territorial, sobre la condici\u00f3n territorial de Guerrero.<\/p>\n\n\n\n<p>Explic\u00f3 que cuando inici\u00f3 la actual administracion, en Guerrero s\u00f3lo los municipios de Acapulco y Chilpancingo, eran los \u00fanicos que contaban con planes de desarrollo urbano, pero inconclusos; sin embargo, hoy en el estado, 21 municipios han logrado completar esa tarea.<\/p>\n\n\n\n<p>Dijo que la Bit\u00e1cora Territorial, es la primera de su tipo en Latinoam\u00e9rica, y que la Secretar\u00eda de Desarrollo Agrario, Territorial y Urbano (Sedatu) del gobierno federal la retom\u00f3 para replicarla en otros estados de la Rep\u00fablica.<\/p>\n\n\n\n<p>Explic\u00f3 que ahora el Plan de Desarrollo, con proyecci\u00f3n anual y sexenal, integra una Bit\u00e1cora, mismo que contempla los espacios permitidos para la edificaci\u00f3n de viviendas, y que a la par, se intenta incorporar sanciones contra las personas o familias que edifican en zonas federales o de alto riesgo.<\/p>\n\n\n\n<p>\u00abYa vimos que es un modus vivendi, de muchos l\u00edderes, personas que saben que est\u00e1n en un lugar irregular, se los lleva la corriente\u00bb, pero se insiste en permanecer en espacios de riesgo, pese a las condiciones, adem\u00e1s, que quienes adquieren un espacio para edificar su vivienda, no verifican que el predio no est\u00e9 en zona de riesgo.<\/p>\n\n\n\n<p>Jim\u00e9nez Montiel adelant\u00f3 que el Plan de Desarrollo Urbano y Ordenamiento Territorial, el cual contiene un apartado de riesgos, ser\u00e1 actualizado con base a los da\u00f1os e informaci\u00f3n que se recabaron tras el paso de los huracanes \u201cOtis\u201d, en 2023, y \u201cJohn\u201d, en 2024.<\/p>\n","protected":false},"excerpt":{"rendered":"<p>&#8212; La construcci\u00f3n de viviendas en zonas de riesgo es el modus vivendi de varios l\u00edderes Rosario Garc\u00eda Orozco Los temblores y los huracanes \u00abno matan\u00bb, pero la edificaci\u00f3n de&hellip; <\/p>\n","protected":false},"author":14,"featured_media":88595,"comment_status":"open","ping_status":"open","sticky":false,"template":"","format":"standard","meta":{"fifu_image_url":"","fifu_image_alt":"","footnotes":""},"categories":[11],"tags":[],"class_list":["post-88594","post","type-post","status-publish","format-standard","has-post-thumbnail","hentry","category-guerrero"],"_links":{"self":[{"href":"https:\/\/www.interaccionnoticias.com.mx\/index.php?rest_route=\/wp\/v2\/posts\/88594","targetHints":{"allow":["GET"]}}],"collection":[{"href":"https:\/\/www.interaccionnoticias.com.mx\/index.php?rest_route=\/wp\/v2\/posts"}],"about":[{"href":"https:\/\/www.interaccionnoticias.com.mx\/index.php?rest_route=\/wp\/v2\/types\/post"}],"author":[{"embeddable":true,"href":"https:\/\/www.interaccionnoticias.com.mx\/index.php?rest_route=\/wp\/v2\/users\/14"}],"replies":[{"embeddable":true,"href":"https:\/\/www.interaccionnoticias.com.mx\/index.php?rest_route=%2Fwp%2Fv2%2Fcomments&post=88594"}],"version-history":[{"count":1,"href":"https:\/\/www.interaccionnoticias.com.mx\/index.php?rest_route=\/wp\/v2\/posts\/88594\/revisions"}],"predecessor-version":[{"id":88596,"href":"https:\/\/www.interaccionnoticias.com.mx\/index.php?rest_route=\/wp\/v2\/posts\/88594\/revisions\/88596"}],"wp:featuredmedia":[{"embeddable":true,"href":"https:\/\/www.interaccionnoticias.com.mx\/index.php?rest_route=\/wp\/v2\/media\/88595"}],"wp:attachment":[{"href":"https:\/\/www.interaccionnoticias.com.mx\/index.php?rest_route=%2Fwp%2Fv2%2Fmedia&parent=88594"}],"wp:term":[{"taxonomy":"category","embeddable":true,"href":"https:\/\/www.interaccionnoticias.com.mx\/index.php?rest_route=%2Fwp%2Fv2%2Fcategories&post=88594"},{"taxonomy":"post_tag","embeddable":true,"href":"https:\/\/www.interaccionnoticias.com.mx\/index.php?rest_route=%2Fwp%2Fv2%2Ftags&post=88594"}],"curies":[{"name":"wp","href":"https:\/\/api.w.org\/{rel}","templated":true}]}}