{"id":88585,"date":"2025-03-10T18:06:00","date_gmt":"2025-03-11T00:06:00","guid":{"rendered":"https:\/\/www.interaccionnoticias.com.mx\/?p=88585"},"modified":"2025-03-10T21:39:18","modified_gmt":"2025-03-11T03:39:18","slug":"ejido-de-carrizalillo-denuncia-que-equinox-promueve-la-confrontacion-entre-pueblos-de-eduardo-neri","status":"publish","type":"post","link":"https:\/\/www.interaccionnoticias.com.mx\/?p=88585","title":{"rendered":"Ejido de Carrizalillo denuncia que Equinox promueve la confrontaci\u00f3n entre pueblos de Eduardo Neri"},"content":{"rendered":"\n<p><strong><em>&#8212; Con el af\u00e1n de obligarlos a firmar un convenio que representa un retroceso<br>&#8212; Piden a sus vecinos de Mezcala no caer en la estrategia de la compa\u00f1\u00eda, para no iniciar una confrontaci\u00f3n innecesaria<br>&#8212; Despiden a 14 mineros, todos de Carrizalillo, para que cuestionen a los representantes del ejido<\/em><\/strong><\/p>\n\n\n\n<p><strong>Rogelio Agust\u00edn<\/strong><\/p>\n\n\n\n<p>El ejido de Carrizalillo acus\u00f3 a la empresa Equinox Gold de alentar la confrontaci\u00f3n entre las comunidades que est\u00e1n involucradas en el proyecto de explotaci\u00f3n minera \u201cLos Filos, que se impulsa en el municipio de Eduardo Neri.<\/p>\n\n\n\n<p>En un comunicado emitido la jornada del lunes 10 de marzo, los integrantes del ejido denunciaron que la jornada del domingo 9, la empresa intensific\u00f3 su estrategia de divisi\u00f3n en la zona, en esta ocasi\u00f3n adoptando medidas en contra de trabajadores de la mina.<\/p>\n\n\n\n<p>Relataron que los representantes de la compa\u00f1\u00eda bajaron de las unidades que operaban a 14 trabajadores, a los que sin mediar alguna explicaci\u00f3n les informaron que estaban despedidos y les hicieron firmar un finiquito.<\/p>\n\n\n\n<p>Los 14 despedidos son habitantes del ejido de Carrizalillo, en todos los casos, la Mesa Directiva del Ejido se\u00f1ala que se vulnera el convenio que se mantiene vigente entre el ejido y la compa\u00f1\u00eda canadiense, pues fenece hasta el 31 de este mes.<\/p>\n\n\n\n<p>Los actos de presi\u00f3n, se\u00f1alaron que forman parte de una serie de actos que van encaminados a generar la inconformidad de los trabajadores de Carrizalillo contra los integrantes de su Mesa Directiva, pues los hacen ver como responsables de los despidos.<\/p>\n\n\n\n<p>Adem\u00e1s del conflicto interno que se pretende generar, los ejidatarios refieren que la empresa tambi\u00e9n alienta una confrontaci\u00f3n entre Carrizalillo y la comunidad de Mezcala, ubicada en la parte baja de explotaci\u00f3n minera.<\/p>\n\n\n\n<p>Un enfrentamiento entre los pueblos, dijeron que provocar\u00eda la entrada en una crisis social de la que no se tiene precedente, lo que permitir\u00eda que la compa\u00f1\u00eda siguiera operando sin contratiempos, en tanto que los habitantes de la regi\u00f3n protagonizan una etapa que no dejar\u00eda ning\u00fan saldo positivo.<\/p>\n\n\n\n<p>Los representantes del ejido refieren que se encuentran en el \u00e1nimo de buscar una soluci\u00f3n al conflicto que no desate una etapa de confrontaci\u00f3n, para ello se requiere que la empresa reconozca que el convenio que se pretende imponer representa un retroceso de muchos a\u00f1os, ya que no est\u00e1n dispuestos a permitir que se lesionen sus derechos.<\/p>\n\n\n\n<p>Llamaron a las comunidades involucradas en el proyecto a mantener la cordura, a dialogar entre sus representantes y no caer en provocaciones que son orquestadas por la empresa, ya que hasta el momento, la compa\u00f1\u00eda \u201csolo ha mostrado su mezquindad\u201d.<\/p>\n\n\n\n<p>En el cierre del comunicado, los representantes de Carrizalillo advierten que ellos no est\u00e1n obligados a renunciar a sus derechos solo porque otros ya lo hayan hecho, porque todav\u00eda no tienen un panorama claro d lo que van a enfrentarse en los pr\u00f3ximos a\u00f1os.<\/p>\n\n\n\n<p>El fin de semana, la empresa Equinox Gold manifest\u00f3 que se encontraba en el \u00e1nimo de alcanzar un acuerdo con los habitantes del ejido, pero tambi\u00e9n advirti\u00f3 que los integrantes de la Mesa Directiva son asesorados por una organizaci\u00f3n no gubernamental abiertamente anti mineras, lo que explica la raz\u00f3n por la que de manera recurrente se generan conflictos en la zona.<\/p>\n","protected":false},"excerpt":{"rendered":"<p>&#8212; Con el af\u00e1n de obligarlos a firmar un convenio que representa un retroceso&#8212; Piden a sus vecinos de Mezcala no caer en la estrategia de la compa\u00f1\u00eda, para no&hellip; <\/p>\n","protected":false},"author":19,"featured_media":88586,"comment_status":"open","ping_status":"open","sticky":false,"template":"","format":"standard","meta":{"fifu_image_url":"","fifu_image_alt":"","footnotes":""},"categories":[11],"tags":[],"class_list":["post-88585","post","type-post","status-publish","format-standard","has-post-thumbnail","hentry","category-guerrero"],"_links":{"self":[{"href":"https:\/\/www.interaccionnoticias.com.mx\/index.php?rest_route=\/wp\/v2\/posts\/88585","targetHints":{"allow":["GET"]}}],"collection":[{"href":"https:\/\/www.interaccionnoticias.com.mx\/index.php?rest_route=\/wp\/v2\/posts"}],"about":[{"href":"https:\/\/www.interaccionnoticias.com.mx\/index.php?rest_route=\/wp\/v2\/types\/post"}],"author":[{"embeddable":true,"href":"https:\/\/www.interaccionnoticias.com.mx\/index.php?rest_route=\/wp\/v2\/users\/19"}],"replies":[{"embeddable":true,"href":"https:\/\/www.interaccionnoticias.com.mx\/index.php?rest_route=%2Fwp%2Fv2%2Fcomments&post=88585"}],"version-history":[{"count":1,"href":"https:\/\/www.interaccionnoticias.com.mx\/index.php?rest_route=\/wp\/v2\/posts\/88585\/revisions"}],"predecessor-version":[{"id":88587,"href":"https:\/\/www.interaccionnoticias.com.mx\/index.php?rest_route=\/wp\/v2\/posts\/88585\/revisions\/88587"}],"wp:featuredmedia":[{"embeddable":true,"href":"https:\/\/www.interaccionnoticias.com.mx\/index.php?rest_route=\/wp\/v2\/media\/88586"}],"wp:attachment":[{"href":"https:\/\/www.interaccionnoticias.com.mx\/index.php?rest_route=%2Fwp%2Fv2%2Fmedia&parent=88585"}],"wp:term":[{"taxonomy":"category","embeddable":true,"href":"https:\/\/www.interaccionnoticias.com.mx\/index.php?rest_route=%2Fwp%2Fv2%2Fcategories&post=88585"},{"taxonomy":"post_tag","embeddable":true,"href":"https:\/\/www.interaccionnoticias.com.mx\/index.php?rest_route=%2Fwp%2Fv2%2Ftags&post=88585"}],"curies":[{"name":"wp","href":"https:\/\/api.w.org\/{rel}","templated":true}]}}