{"id":88579,"date":"2025-03-10T17:02:00","date_gmt":"2025-03-10T23:02:00","guid":{"rendered":"https:\/\/www.interaccionnoticias.com.mx\/?p=88579"},"modified":"2025-03-10T21:26:27","modified_gmt":"2025-03-11T03:26:27","slug":"la-ley-camila-sera-prioridad-para-el-congreso-local-jesus-uriostegui","status":"publish","type":"post","link":"https:\/\/www.interaccionnoticias.com.mx\/?p=88579","title":{"rendered":"La Ley Camila ser\u00e1 prioridad para el Congreso Local: Jes\u00fas Uri\u00f3stegui"},"content":{"rendered":"\n<p><strong><em>&#8212; La iniciativa fue enviada por la gobernadora Evelyn Salgado al Poder Legislativo para incrementar las penas por delitos sexuales y privaci\u00f3n de la libertad contra menores de edad<\/em><\/strong><\/p>\n\n\n\n<p><strong>Rosario Garc\u00eda Orozco<\/strong><\/p>\n\n\n\n<p>La Ley Camila ser\u00e1 prioridad para el Congreso Local, asegur\u00f3 el presidente de la Junta de Coordinaci\u00f3n Pol\u00edtica (Jucopo), Jes\u00fas Uri\u00f3stegui Garc\u00eda.<\/p>\n\n\n\n<p>La iniciativa de Reforma del C\u00f3digo Penal, fue enviada por la gobernadora Evelyn Salgado Pineda al Congreso Local, con car\u00e1cter de preferente, para agravar las penas por delitos sexuales y privaci\u00f3n ilegal de la libertad contra menores de edad, especialmente cuando la v\u00edctima sea una ni\u00f1a.<\/p>\n\n\n\n<p>El fin de semana, cuando la mandataria anunci\u00f3 la firma de dicha iniciativa, dijo que era para honrar la memoria de Camila, la ni\u00f1a de 8 a\u00f1os de edad, que fue secuestrada y posteriormente asesinada en Taxco de Alarc\u00f3n, \u00abel objetivo es que la violencia machista no quede impune\u00bb, dijo la mandataria estatal.<\/p>\n\n\n\n<p>Al respecto, el presidente de la Jucopo se dijo convencido de que el Congreso Local tiene el compromiso de acompa\u00f1ar esas propuestas, \u00abes un tema important\u00edsimo y la verdad es que nos toca a nosotros estar acompa\u00f1ando este ejercicio, estoy seguro que todas las compa\u00f1eras y los compa\u00f1eros acompa\u00f1aremos esta iniciativa\u201d.<\/p>\n\n\n\n<p>El legislador morenista dijo que la gobernadora Salgado Pineda se ha distinguido por ser una mujer sorora con este tipo de causas y como legisladores les toca dijo acompa\u00f1ar las propuestas como sucedi\u00f3 con el Protocolo Violeta y el Transporte Violeta entre otras medidas, que han sido retomadas a nivel nacional por otras entidades del pa\u00eds.<\/p>\n\n\n\n<p>Dijo que en lo personal podr\u00e1 todo su empe\u00f1o en el impulso de acciones tendientes a cuidar de ese sector de la poblaci\u00f3n, \u00abme reitero absolutamente con todo lo que desde mi tribuna pueda dar para fortalecer esas acciones\u00bb, y agreg\u00f3 que se requiere que los delitos en contra de las mujeres y ni\u00f1as sean investigados con celeridad y efectividad, por parte de las autoridades encargadas de impartir justicia.<\/p>\n\n\n\n<p>Agreg\u00f3 que la Ley Camila se estar\u00e1 discutiendo en comisiones para posteriormente presentarla ante el pleno y votarla, y en caso de ser aprobada se pueda aplicar pronto.<\/p>\n","protected":false},"excerpt":{"rendered":"<p>&#8212; La iniciativa fue enviada por la gobernadora Evelyn Salgado al Poder Legislativo para incrementar las penas por delitos sexuales y privaci\u00f3n de la libertad contra menores de edad Rosario&hellip; <\/p>\n","protected":false},"author":14,"featured_media":88580,"comment_status":"open","ping_status":"open","sticky":false,"template":"","format":"standard","meta":{"fifu_image_url":"","fifu_image_alt":"","footnotes":""},"categories":[2],"tags":[],"class_list":["post-88579","post","type-post","status-publish","format-standard","has-post-thumbnail","hentry","category-congreso"],"_links":{"self":[{"href":"https:\/\/www.interaccionnoticias.com.mx\/index.php?rest_route=\/wp\/v2\/posts\/88579","targetHints":{"allow":["GET"]}}],"collection":[{"href":"https:\/\/www.interaccionnoticias.com.mx\/index.php?rest_route=\/wp\/v2\/posts"}],"about":[{"href":"https:\/\/www.interaccionnoticias.com.mx\/index.php?rest_route=\/wp\/v2\/types\/post"}],"author":[{"embeddable":true,"href":"https:\/\/www.interaccionnoticias.com.mx\/index.php?rest_route=\/wp\/v2\/users\/14"}],"replies":[{"embeddable":true,"href":"https:\/\/www.interaccionnoticias.com.mx\/index.php?rest_route=%2Fwp%2Fv2%2Fcomments&post=88579"}],"version-history":[{"count":1,"href":"https:\/\/www.interaccionnoticias.com.mx\/index.php?rest_route=\/wp\/v2\/posts\/88579\/revisions"}],"predecessor-version":[{"id":88581,"href":"https:\/\/www.interaccionnoticias.com.mx\/index.php?rest_route=\/wp\/v2\/posts\/88579\/revisions\/88581"}],"wp:featuredmedia":[{"embeddable":true,"href":"https:\/\/www.interaccionnoticias.com.mx\/index.php?rest_route=\/wp\/v2\/media\/88580"}],"wp:attachment":[{"href":"https:\/\/www.interaccionnoticias.com.mx\/index.php?rest_route=%2Fwp%2Fv2%2Fmedia&parent=88579"}],"wp:term":[{"taxonomy":"category","embeddable":true,"href":"https:\/\/www.interaccionnoticias.com.mx\/index.php?rest_route=%2Fwp%2Fv2%2Fcategories&post=88579"},{"taxonomy":"post_tag","embeddable":true,"href":"https:\/\/www.interaccionnoticias.com.mx\/index.php?rest_route=%2Fwp%2Fv2%2Ftags&post=88579"}],"curies":[{"name":"wp","href":"https:\/\/api.w.org\/{rel}","templated":true}]}}