{"id":88556,"date":"2025-03-09T20:05:31","date_gmt":"2025-03-10T02:05:31","guid":{"rendered":"https:\/\/www.interaccionnoticias.com.mx\/?p=88556"},"modified":"2025-03-09T20:05:34","modified_gmt":"2025-03-10T02:05:34","slug":"se-deslindan-de-la-presencia-de-titular-de-derechos-humanos-en-actividad-del-8m","status":"publish","type":"post","link":"https:\/\/www.interaccionnoticias.com.mx\/?p=88556","title":{"rendered":"Se deslindan de la presencia de titular de Derechos Humanos en actividad del 8M"},"content":{"rendered":"\n<p><strong><em>&#8212; La activista feminista Elia del Moral, calific\u00f3 la aparici\u00f3n de Cecilia Narciso en el evento de mujeres como \u00abpresencia oportunista\u00bb<\/em><\/strong><\/p>\n\n\n\n<p><strong>Rosario Garc\u00eda Orozco<\/strong><\/p>\n\n\n\n<p>Luego de la marcha por el D\u00eda Internacional de la Mujer en Chilpancingo, la activista feminista Elia del Moral Moreno, se deslind\u00f3 de la presencia de la presidenta de la Comisi\u00f3n de Derechos Humanos del Estado de Guerrero, Cecilia Narciso Gayt\u00e1n, de quien dijo: \u00abno tendr\u00eda nada que estar haciendo ah\u00ed\u00bb.<\/p>\n\n\n\n<p>En una publicaci\u00f3n en su muro \u00abMome del Moral, la tambi\u00e9n acad\u00e9mica texte\u00f3: \u00abElla es la Presidenta de la Comisi\u00f3n de Derechos Humanos del Estado de Guerrero. Se incorpor\u00f3 a la marcha y estuvo en primera fila. Volvemos a insistir: ella es titular de una instituci\u00f3n. No tendr\u00eda nada que estar haciendo ah\u00ed\u00bb.<\/p>\n\n\n\n<p>Mujeres de distintas organizaciones, y de la sociedad en general, este s\u00e1bado, en el marco del D\u00eda Internacional de la Mujer, que se conmemora el 8 de marzo, marcharon por calles y avenidas de Chilpancingo en exigencia de un alto a la violencia feminicida.<\/p>\n\n\n\n<p>Al t\u00e9rmino de la marcha las manifestantes arribaron a la Plaza C\u00edvica Primer Congreso de An\u00e1huac, donde se sum\u00f3 \u00aben primer fila\u00bb, la titular de la Comisi\u00f3n de Derechos Humanos del Estado de Guerrero, por lo que la activista, conocida como Mome del Moral, public\u00f3 en su muro de Facebook: \u00abNos deslindamos totalmente de su presencia oportunista\u00bb.<\/p>\n\n\n\n<p>Calific\u00f3 la aparici\u00f3n de la funcionaria como \u00abuna total falta de respeto a una movilizaci\u00f3n que es \u00fanica y exclusivamente de mujeres independientes de cualquier instituci\u00f3n, partido pol\u00edtico, empresa y dem\u00e1s\u00bb.<\/p>\n\n\n\n<p>La publicaci\u00f3n fue acompa\u00f1ada por una fotograf\u00eda, en la que efectivamente se aprecia a Narciso Gayt\u00e1n en primer plano en el \u00faltimo punto de la movilizaci\u00f3n, que fue la Plaza C\u00edvica Primer Congreso de An\u00e1huac.<\/p>\n","protected":false},"excerpt":{"rendered":"<p>&#8212; La activista feminista Elia del Moral, calific\u00f3 la aparici\u00f3n de Cecilia Narciso en el evento de mujeres como \u00abpresencia oportunista\u00bb Rosario Garc\u00eda Orozco Luego de la marcha por el&hellip; <\/p>\n","protected":false},"author":14,"featured_media":88557,"comment_status":"open","ping_status":"open","sticky":false,"template":"","format":"standard","meta":{"fifu_image_url":"","fifu_image_alt":"","footnotes":""},"categories":[11],"tags":[],"class_list":["post-88556","post","type-post","status-publish","format-standard","has-post-thumbnail","hentry","category-guerrero"],"_links":{"self":[{"href":"https:\/\/www.interaccionnoticias.com.mx\/index.php?rest_route=\/wp\/v2\/posts\/88556","targetHints":{"allow":["GET"]}}],"collection":[{"href":"https:\/\/www.interaccionnoticias.com.mx\/index.php?rest_route=\/wp\/v2\/posts"}],"about":[{"href":"https:\/\/www.interaccionnoticias.com.mx\/index.php?rest_route=\/wp\/v2\/types\/post"}],"author":[{"embeddable":true,"href":"https:\/\/www.interaccionnoticias.com.mx\/index.php?rest_route=\/wp\/v2\/users\/14"}],"replies":[{"embeddable":true,"href":"https:\/\/www.interaccionnoticias.com.mx\/index.php?rest_route=%2Fwp%2Fv2%2Fcomments&post=88556"}],"version-history":[{"count":1,"href":"https:\/\/www.interaccionnoticias.com.mx\/index.php?rest_route=\/wp\/v2\/posts\/88556\/revisions"}],"predecessor-version":[{"id":88558,"href":"https:\/\/www.interaccionnoticias.com.mx\/index.php?rest_route=\/wp\/v2\/posts\/88556\/revisions\/88558"}],"wp:featuredmedia":[{"embeddable":true,"href":"https:\/\/www.interaccionnoticias.com.mx\/index.php?rest_route=\/wp\/v2\/media\/88557"}],"wp:attachment":[{"href":"https:\/\/www.interaccionnoticias.com.mx\/index.php?rest_route=%2Fwp%2Fv2%2Fmedia&parent=88556"}],"wp:term":[{"taxonomy":"category","embeddable":true,"href":"https:\/\/www.interaccionnoticias.com.mx\/index.php?rest_route=%2Fwp%2Fv2%2Fcategories&post=88556"},{"taxonomy":"post_tag","embeddable":true,"href":"https:\/\/www.interaccionnoticias.com.mx\/index.php?rest_route=%2Fwp%2Fv2%2Ftags&post=88556"}],"curies":[{"name":"wp","href":"https:\/\/api.w.org\/{rel}","templated":true}]}}